{"id":209510,"date":"2021-10-17T22:50:04","date_gmt":"2021-10-17T22:50:04","guid":{"rendered":"https:\/\/dimensionturistica.com\/es\/?p=209510"},"modified":"2021-10-17T22:50:04","modified_gmt":"2021-10-17T22:50:04","slug":"cancun-hay-crisis-de-empleo-pese-a-recuperacion-turistica","status":"publish","type":"post","link":"https:\/\/dimensionturistica.com\/es\/cancun-hay-crisis-de-empleo-pese-a-recuperacion-turistica\/","title":{"rendered":"Canc\u00fan: hay crisis de empleo pese a recuperaci\u00f3n tur\u00edstica"},"content":{"rendered":"<p> <br \/>\n<\/p>\n<div>\n<figure class=\"wp-block-image size-full\"><img decoding=\"async\" loading=\"lazy\" width=\"708\" height=\"472\" src=\"https:\/\/i0.wp.com\/www.cancunmio.com\/wp-content\/uploads\/2021\/08\/Ferias-empleo-Solidaridad-4.jpeg?resize=708%2C472&amp;ssl=1\" alt=\"\" class=\"wp-image-190541 jetpack-lazy-image\" data-recalc-dims=\"1\" data-lazy-srcset=\"https:\/\/i0.wp.com\/www.cancunmio.com\/wp-content\/uploads\/2021\/08\/Ferias-empleo-Solidaridad-4.jpeg?w=1280&amp;ssl=1 1280w, https:\/\/i0.wp.com\/www.cancunmio.com\/wp-content\/uploads\/2021\/08\/Ferias-empleo-Solidaridad-4.jpeg?resize=300%2C200&amp;ssl=1 300w, https:\/\/i0.wp.com\/www.cancunmio.com\/wp-content\/uploads\/2021\/08\/Ferias-empleo-Solidaridad-4.jpeg?resize=768%2C512&amp;ssl=1 768w\" data-lazy-sizes=\"(max-width: 708px) 100vw, 708px\" data-lazy-src=\"https:\/\/i0.wp.com\/www.cancunmio.com\/wp-content\/uploads\/2021\/08\/Ferias-empleo-Solidaridad-4.jpeg?resize=708%2C472&amp;is-pending-load=1#038;ssl=1\" srcset=\"data:image\/gif;base64,R0lGODlhAQABAIAAAAAAAP\/\/\/yH5BAEAAAAALAAAAAABAAEAAAIBRAA7\"\/><noscript><img decoding=\"async\" loading=\"lazy\" width=\"708\" height=\"472\" src=\"https:\/\/i0.wp.com\/www.cancunmio.com\/wp-content\/uploads\/2021\/08\/Ferias-empleo-Solidaridad-4.jpeg?resize=708%2C472&amp;ssl=1\" alt=\"\" class=\"wp-image-190541\" srcset=\"https:\/\/i0.wp.com\/www.cancunmio.com\/wp-content\/uploads\/2021\/08\/Ferias-empleo-Solidaridad-4.jpeg?w=1280&amp;ssl=1 1280w, https:\/\/i0.wp.com\/www.cancunmio.com\/wp-content\/uploads\/2021\/08\/Ferias-empleo-Solidaridad-4.jpeg?resize=300%2C200&amp;ssl=1 300w, https:\/\/i0.wp.com\/www.cancunmio.com\/wp-content\/uploads\/2021\/08\/Ferias-empleo-Solidaridad-4.jpeg?resize=768%2C512&amp;ssl=1 768w\" sizes=\"auto, (max-width: 708px) 100vw, 708px\" data-recalc-dims=\"1\"\/><\/noscript><figcaption>Foto de archivo<\/figcaption><\/figure>\n<p><strong><em>Carlos \u00c1guila Arreola<br \/>Canc\u00fan.-<\/em><\/strong> Pese a la reactivaci\u00f3n tur\u00edstica, en Canc\u00fan miles de trabajadores siguen sin incorporarse a sus empleos, y es que la recuperaci\u00f3n solo fue de 70 por ciento del complete de fuentes de empleo, quedando por recobrar alrededor de 10 mil plazas laborales, un tercio del private, de acuerdo con l\u00edderes empresariales y sindicales.<\/p>\n<p>El presidente del Consejo Coordinador Empresarial (CCE) del Caribe, Iv\u00e1n Ferrat Mancera, indic\u00f3 que con el growth tur\u00edstico para el destino durante el \u00faltimo trimestre (julio, agosto y un sorprendente septiembre) s\u00f3lo se recuperaron entre 60 y 70 por ciento de los empleos que se ten\u00edan previo a la pandemia por el coronavirus.<\/p>\n<p>De esa manera, resta por recuperar un tercio de private a\u00fan sin laborar ante la falta de clientes, principalmente en los hoteles, subray\u00f3 el l\u00edder empresarial, quien record\u00f3 que al detonar la covid-19, Quintana Roo fue uno de los estados m\u00e1s afectados al reducirse a cero la llegada de turistas, una actividad esencial y de la que depende en m\u00e1s de 80 por ciento la econom\u00eda.<\/p>\n<p>Ferrat Mancera se\u00f1al\u00f3 que el Caribe mexicano lideraba a nivel nacional en la generaci\u00f3n de empleos antes de la contingencia sanitaria: \u201cGracias a nuevas inversiones en los sectores hotelero, restaurantero y en el inmobiliario, principalmente, tenemos hoy una recuperaci\u00f3n importante de empleos. Hablamos de entre 60 y 70 por ciento\u201d.<\/p>\n<p>El l\u00edder del CCE, que agrupa a 33 organismos diferentes \u2014como el caso de la Coparmex (Confederaci\u00f3n Patronal de la Rep\u00fablica Mexicana), que tiene afiliadas alrededor de 300 empresas\u2014, llam\u00f3 a no confiarse con la llegada al colour verde en el sem\u00e1foro epidemiol\u00f3gico estatal en la zona norte, que permite una ocupaci\u00f3n de 80 por ciento pero \u201cestamos en un 60 en promedio\u201d.<\/p>\n<p>Para la Confederaci\u00f3n Revolucionaria de Obreros y Campesinos (CROC), que posee el contrato colectivo en 80 por ciento de los hoteles, a\u00fan falta por recuperar \u201cpor lo menos 10 mil plazas laborales para igual n\u00famero de personas que actualmente est\u00e1n sin generar recursos, la mayor\u00eda son jefes de familia, por lo que a\u00fan falta para poder hablar de que la planta hotelera est\u00e1 completa\u201d.<\/p>\n<p>Mario Machuca S\u00e1nchez, secretario normal de la CROC en el municipio de Benito Ju\u00e1rez, dijo que de los 55 mil agremiados, solo 45 mil han retornado a su trabajo: \u201cEsperamos que el 20 por ciento restante que antes de la pandemia ten\u00eda un empleo, pueda recuperarlo. Esperemos que ya con el sem\u00e1foro epidemiol\u00f3gico en verde se incremente el flujo de turistas\u201d.<\/p>\n<p>Aunque ha habido avance en empleabilidad, reconoci\u00f3 Machuca S\u00e1nchez, y advirti\u00f3 que no hay que confiarse porque no solo se afectar\u00eda a la industria hotelera, sino a toda la tur\u00edstica: \u201cSe debe incentivar a que se vacunen todos los colaboradores y que los hoteles hagan los controles necesarios como lo hace AMResorts, haci\u00e9ndoles pruebas, creando as\u00ed una burbuja sanitaria\u201d.<\/p>\n<\/p><\/div>\n<p><script data-cfasync=\"false\">(function(d, s, id){\n\t\t\t\t\t  var js, fjs = d.getElementsByTagName(s)[0];\n\t\t\t\t\t  if (d.getElementById(id)) return;\n\t\t\t\t\t  js = d.createElement(s); js.id = id;\n\t\t\t\t\t  js.src = \"\/\/connect.facebook.net\/es_ES\/sdk.js#xfbml=1&version=v3.2\";\n\t\t\t\t\t  fjs.parentNode.insertBefore(js, fjs);\n\t\t\t\t\t}(document, 'script', 'facebook-jssdk'));<\/script><br \/>\n<br \/><\/p>\n<p><em> &#8221; Fuentes www.cancunmio.com &#8221; <\/em><\/p>\n","protected":false},"excerpt":{"rendered":"<p>Foto de archivo Carlos \u00c1guila ArreolaCanc\u00fan.- Pese a la reactivaci\u00f3n tur\u00edstica, en Canc\u00fan miles de trabajadores siguen sin incorporarse a sus empleos, y es que la recuperaci\u00f3n solo fue de 70 por ciento del complete de fuentes de empleo, quedando por recobrar alrededor de 10 mil plazas laborales, un tercio del private, de acuerdo con [&hellip;]<\/p>\n","protected":false},"author":4,"featured_media":209511,"comment_status":"open","ping_status":"closed","sticky":false,"template":"","format":"standard","meta":{"om_disable_all_campaigns":false,"jnews-multi-image_gallery":[],"jnews_single_post":[],"jnews_primary_category":[],"jnews_social_meta":[],"footnotes":""},"categories":[40],"tags":[2151,544],"class_list":["post-209510","post","type-post","status-publish","format-standard","has-post-thumbnail","hentry","category-industria","tag-principal","tag-turismo"],"_links":{"self":[{"href":"https:\/\/dimensionturistica.com\/es\/wp-json\/wp\/v2\/posts\/209510","targetHints":{"allow":["GET"]}}],"collection":[{"href":"https:\/\/dimensionturistica.com\/es\/wp-json\/wp\/v2\/posts"}],"about":[{"href":"https:\/\/dimensionturistica.com\/es\/wp-json\/wp\/v2\/types\/post"}],"author":[{"embeddable":true,"href":"https:\/\/dimensionturistica.com\/es\/wp-json\/wp\/v2\/users\/4"}],"replies":[{"embeddable":true,"href":"https:\/\/dimensionturistica.com\/es\/wp-json\/wp\/v2\/comments?post=209510"}],"version-history":[{"count":0,"href":"https:\/\/dimensionturistica.com\/es\/wp-json\/wp\/v2\/posts\/209510\/revisions"}],"wp:featuredmedia":[{"embeddable":true,"href":"https:\/\/dimensionturistica.com\/es\/wp-json\/wp\/v2\/media\/209511"}],"wp:attachment":[{"href":"https:\/\/dimensionturistica.com\/es\/wp-json\/wp\/v2\/media?parent=209510"}],"wp:term":[{"taxonomy":"category","embeddable":true,"href":"https:\/\/dimensionturistica.com\/es\/wp-json\/wp\/v2\/categories?post=209510"},{"taxonomy":"post_tag","embeddable":true,"href":"https:\/\/dimensionturistica.com\/es\/wp-json\/wp\/v2\/tags?post=209510"}],"curies":[{"name":"wp","href":"https:\/\/api.w.org\/{rel}","templated":true}]}}