{"id":208387,"date":"2021-10-15T09:26:53","date_gmt":"2021-10-15T09:26:53","guid":{"rendered":"https:\/\/dimensionturistica.com\/es\/?p=208387"},"modified":"2021-10-15T09:26:53","modified_gmt":"2021-10-15T09:26:53","slug":"ods8-ebro-foods-continua-diversificando-y-haciendo-crecer-su-negocio","status":"publish","type":"post","link":"https:\/\/dimensionturistica.com\/es\/ods8-ebro-foods-continua-diversificando-y-haciendo-crecer-su-negocio\/","title":{"rendered":"ODS8. Ebro Foods continua diversificando y haciendo crecer su negocio"},"content":{"rendered":"<p> <br \/>\n<\/p>\n<div>\n<p>Ebro Meals, a trav\u00e9s de su filial 100% participada Panzani, <strong>ha recibido una oferta vinculante de Midsona AB para la adquisici\u00f3n de la totalidad del capital social de Alimentation Sant\u00e9 y sus filiales Celnat, Vegetalia y Satoki. <\/strong>En este contexto, Panzani ha entrado en negociaciones exclusivas con Midsona AB.<\/p>\n<p>En el marco de su reflexi\u00f3n estrat\u00e9gica para los a\u00f1os 2019-2021, Ebro ha analizado la fuerte inversi\u00f3n necesaria para alcanzar una posici\u00f3n relevante en el negocio de la alimentaci\u00f3n biol\u00f3gica. En este escenario, y teniendo en cuenta el gran inter\u00e9s demostrado por alguno de los operadores mundiales, <strong>Ebro ha decidido negociar con Midsona AB la venta de su negocio \u201cBio\u201d.<\/strong> Esta desinversi\u00f3n permitir\u00eda a Ebro continuar concentrando sus recursos en reforzar sus negocios premium, fresco y comfort, en los que Ebro es un l\u00edder mundial. Adicionalmente, la importante posici\u00f3n de Midsona AB en el negocio de la alimentaci\u00f3n \u201cBio\u201d garantiza el \u00f3ptimo desarrollo y crecimiento de Alimentation Sant\u00e9.<\/p>\n<p><strong>Alimentation Sant\u00e9 y sus filiales alcanzaron unas ventas netas de 35 millones de euros en 2018. <\/strong>Celnat es pionera en el procesado de cereales org\u00e1nicos. Vegetalia y Satoki ofertan un amplio rango de productos vegetarianos org\u00e1nicos y alternativas a la carne con base vegetal.<\/p>\n<p>Midsona AB es una sociedad sueca, cotizada en el Nasdaq de Estocolmo. Es el primero de los l\u00edderes n\u00f3rdicos en alimentaci\u00f3n org\u00e1nica, alimentaci\u00f3n saludable y well being care. <strong>Las ventas de Midsona alcanzaron los 271 millones de euros en 2018, y cuenta con 525 empleados.<\/strong> Midsona tiene la ambici\u00f3n de convertirse en uno de los principales actores en alimentaci\u00f3n org\u00e1nica tambi\u00e9n en el Sur de Europa.<\/p>\n<p>La transacci\u00f3n <strong>se ha valorado en 57,5 millones de euros <\/strong>(valor compa\u00f1\u00eda, libre de caja y deuda).<\/p>\n<p>El proyecto de transacci\u00f3n <strong>ser\u00e1 presentado a los representantes de los trabajadores para informaci\u00f3n y consulta<\/strong>, tr\u00e1mite obligatorio en Francia. Se prev\u00e9 que la transacci\u00f3n se ejecute el 1 de octubre de 2019.<\/p>\n<h2><strong>Crecimiento de la cifra de negocio<\/strong><\/h2>\n<p>El importe neto de la cifra de negocio, impulsado por el buen comportamiento de las marcas,<strong> crece un 7,6% respecto al a\u00f1o anterior y alcanza los \u20ac1.356,8 millones.<\/strong><\/p>\n<p>El EBITDA o resultado bruto de explotaci\u00f3n<strong> crece un 6% hasta \u20ac159,4 millones<\/strong>, una vez finalizada la adecuaci\u00f3n de las tarifas a la inflaci\u00f3n de costes experimentada en 2018.<\/p>\n<p>Las cifras anteriores, tanto ventas como EBITDA, <strong>no incluyen la contribuci\u00f3n de Alimentation Sant\u00e9 en el primer semestre de 2019, <\/strong>cuyo resultado se recoge como actividad discontinuada.<\/p>\n<p>El beneficio neto, por su parte, <strong>asciende a \u20ac74,5 millones<\/strong>, un 2,5% inferior al obtenido en el mismo per\u00edodo de 2018. Si nos atenemos exclusivamente a su evoluci\u00f3n en el trimestre, observamos un crecimiento del 14%, lo que muestra ya un cambio de tendencia respecto al ejercicio anterior.<\/p>\n<p><strong>La deuda neta se eleva hasta \u20ac832 millones<\/strong>, \u20ac127 millones m\u00e1s que a cierre del ejercicio 2018, principalmente por la aplicaci\u00f3n de la NIIF 16, que modifica la contabilizaci\u00f3n de los contratos de arrendamiento oblig\u00e1ndonos a capitalizar \u20ac80,7 millones. Esta cifra recoge tambi\u00e9n la contabilizaci\u00f3n de los Places que tenemos con los minoritarios de algunos negocios, que ascienden a \u20ac160 millones, y el pago del dividendo de octubre que asciende a \u20ac29,2 millones. Todav\u00eda no han sido descontados de la misma los \u20ac57,5 millones que ingresaremos por la venta de Alimentation Sant\u00e9.<\/p>\n<h2><strong>Resultados por l\u00edneas de negocio<\/strong><\/h2>\n<p><u><strong>\u00c1rea Arroz<\/strong><\/u><\/p>\n<p>El <strong>negocio norteamericano <\/strong>recupera la senda de la rentabilidad gracias a las medidas de reorganizaci\u00f3n del negocio en Freeport y la traslaci\u00f3n a las tarifas de la inflaci\u00f3n de los costes en log\u00edstica, envasado, empaquetado y materias primas sufrida durante el ejercicio anterior.<\/p>\n<p>En <strong>Europa,<\/strong> los precios de la materia prima se ven afectados al alza como consecuencia de la aprobaci\u00f3n de la cl\u00e1usula de salvaguarda sobre las importaciones de arroz procedentes de Camboya y Myanmar.<\/p>\n<p>Las marcas evolucionan muy satisfactoriamente en ambos mercados, destacando el comportamiento de las ventas de redondos y microondas en <strong>Espa\u00f1a.<\/strong><\/p>\n<p>La<strong> cifra de ventas <\/strong>se sit\u00faa en \u20ac758,7 millones y el EBITDA alcanza los \u20ac96,8 millones.<\/p>\n<p><u><strong>\u00c1rea Pasta<\/strong><\/u><\/p>\n<p>En <strong>Europa<\/strong>, dentro del \u00e1mbito de las materias primas, hemos asistido a una subida de precios de doble d\u00edgito fruto de unas menores cosechas, tanto en Espa\u00f1a como en Italia.<\/p>\n<p><strong>Panzani<\/strong>, tras cinco meses muy buenos en ventas, ha acusado un descenso de las mismas durante junio, como consecuencia de los rigores de la can\u00edcula y un menor n\u00famero de promociones para incrementar la rentabilidad. Ya durante este mes de julio el consumo est\u00e1 volviendo a la normalidad.<\/p>\n<p><strong>Garofalo <\/strong>contin\u00faa avanzando de manera muy positiva en Espa\u00f1a y Francia, liderando el segmento premium en dichos mercados.<\/p>\n<p>El <strong>negocio norteamericano<\/strong>, por su parte, ha tenido una evoluci\u00f3n dispar, con buenos resultados en Canad\u00e1, donde los productos Well being and Wellness han registrado un comportamiento muy satisfactorio; y una evoluci\u00f3n menos positiva en USA motivada por desajustes sufridos en el servicio, ya solucionados.<\/p>\n<p>La <strong>cifra de ventas<\/strong> se sit\u00faa en \u20ac627,6 millones y el EBITDA en \u20ac68,5 millones. Estas cifras ya no incluyen el negocio de Alimentation Sant\u00e9.<\/p>\n<\/div>\n\n<p><em> \u2018 The preceding article may include information circulated by third parties \u2019 <\/em><\/p>\n<p><em> \u2018 Some details of this article were extracted from the following source www.corresponsables.com \u2019 <\/em><\/p>\n","protected":false},"excerpt":{"rendered":"<p>Ebro Meals, a trav\u00e9s de su filial 100% participada Panzani, ha recibido una oferta vinculante de Midsona AB para la adquisici\u00f3n de la totalidad del capital social de Alimentation Sant\u00e9 y sus filiales Celnat, Vegetalia y Satoki. En este contexto, Panzani ha entrado en negociaciones exclusivas con Midsona AB. En el marco de su reflexi\u00f3n [&hellip;]<\/p>\n","protected":false},"author":2,"featured_media":208388,"comment_status":"open","ping_status":"closed","sticky":false,"template":"","format":"standard","meta":{"om_disable_all_campaigns":false,"jnews-multi-image_gallery":[],"jnews_single_post":[],"jnews_primary_category":[],"jnews_social_meta":[],"footnotes":""},"categories":[43],"tags":[],"class_list":["post-208387","post","type-post","status-publish","format-standard","has-post-thumbnail","hentry","category-gourmet"],"_links":{"self":[{"href":"https:\/\/dimensionturistica.com\/es\/wp-json\/wp\/v2\/posts\/208387","targetHints":{"allow":["GET"]}}],"collection":[{"href":"https:\/\/dimensionturistica.com\/es\/wp-json\/wp\/v2\/posts"}],"about":[{"href":"https:\/\/dimensionturistica.com\/es\/wp-json\/wp\/v2\/types\/post"}],"author":[{"embeddable":true,"href":"https:\/\/dimensionturistica.com\/es\/wp-json\/wp\/v2\/users\/2"}],"replies":[{"embeddable":true,"href":"https:\/\/dimensionturistica.com\/es\/wp-json\/wp\/v2\/comments?post=208387"}],"version-history":[{"count":0,"href":"https:\/\/dimensionturistica.com\/es\/wp-json\/wp\/v2\/posts\/208387\/revisions"}],"wp:featuredmedia":[{"embeddable":true,"href":"https:\/\/dimensionturistica.com\/es\/wp-json\/wp\/v2\/media\/208388"}],"wp:attachment":[{"href":"https:\/\/dimensionturistica.com\/es\/wp-json\/wp\/v2\/media?parent=208387"}],"wp:term":[{"taxonomy":"category","embeddable":true,"href":"https:\/\/dimensionturistica.com\/es\/wp-json\/wp\/v2\/categories?post=208387"},{"taxonomy":"post_tag","embeddable":true,"href":"https:\/\/dimensionturistica.com\/es\/wp-json\/wp\/v2\/tags?post=208387"}],"curies":[{"name":"wp","href":"https:\/\/api.w.org\/{rel}","templated":true}]}}