{"id":207654,"date":"2021-10-14T10:59:59","date_gmt":"2021-10-14T10:59:59","guid":{"rendered":"https:\/\/dimensionturistica.com\/es\/?p=207654"},"modified":"2021-10-14T11:00:00","modified_gmt":"2021-10-14T11:00:00","slug":"empresas-del-turismo-resaltan-logros-de-republica-dominicana-en-feria-top-resa-de-francia","status":"publish","type":"post","link":"https:\/\/dimensionturistica.com\/es\/empresas-del-turismo-resaltan-logros-de-republica-dominicana-en-feria-top-resa-de-francia\/","title":{"rendered":"Empresas del turismo resaltan logros de Rep\u00fablica Dominicana en feria Top Resa de Francia"},"content":{"rendered":"<p> <br \/>\n<\/p>\n<div><picture class=\"preview-image\"><img decoding=\"async\" src=\"https:\/\/acento.com.do\/el-financiero\/resources\/img\/_blank.gif\" data-imgresponsive=\"\" data-desktop=\"https:\/\/acento.com.do\/media\/storage02\/uploads\/2021\/10\/david-collado-junto-a-su-homologo-de-francia-y-otras-personalidades-en-top-resa-728x410.png\" data-mobile=\"https:\/\/acento.com.do\/media\/storage02\/uploads\/2021\/10\/david-collado-junto-a-su-homologo-de-francia-y-otras-personalidades-en-top-resa-400x225.png\" onerror=\"FRN.imgFIX(this);\"\/><\/picture><picture class=\"image\"><img decoding=\"async\" loading=\"lazy\" alt=\" El ministro de turismo David Collado reunido con autoridades francesas y personalidades del turismo internacional\" attribution=\" El ministro de turismo David Collado reunido con autoridades francesas y personalidades del turismo internacional\" src=\"https:\/\/acento.com.do\/media\/storage02\/uploads\/2021\/10\/david-collado-junto-a-su-homologo-de-francia-y-otras-personalidades-en-top-resa.png\" width=\"1237\" height=\"734\"\/><figcaption>El ministro de turismo David Collado reunido con autoridades francesas y personalidades del turismo internacional<\/figcaption><\/picture>\n<p>Empresarios y profesionales del sector tur\u00edstico privado participantes en la feria<strong> Prime Resa de Par\u00eds, Francia<\/strong>, resaltaron el impacto de la Republica Dominicana en el evento y afirmaron que los resultados alcanzados en las cuatro jornadas del encuentro ratificaron al pa\u00eds como el destino favorito de los franceses fuera del continente europeo.<\/p>\n<p>Los representantes de grupos hoteleros, turoperadores, agencias de viaje, aeropuertos, l\u00edneas a\u00e9reas y sector bancario consideraron que el stand del Ministerio de Turismo en Prime Resa se convirti\u00f3 en la gran novedad de la feria al registrar un notable flujo de profesionales y dirigentes del turismo franc\u00e9s interesados en hacer negocios con la Rep\u00fablica Dominicana.<\/p>\n<picture class=\"image\"><img decoding=\"async\" loading=\"lazy\" alt=\" Mostrador dominicano abarrotado en Top Resa\" attribution=\" Mostrador dominicano abarrotado en Top Resa\" src=\"https:\/\/acento.com.do\/media\/storage02\/uploads\/2021\/10\/stand-dominicano-abarrotado-en-top-resa-full-728x410.webp\" width=\"1280\" height=\"576\"\/><figcaption>Mostrador dominicano abarrotado en Prime Resa<\/figcaption><\/picture>\n<p>De manera especial ponderaron los encuentros directos del ministro de Turismo David Collado con su hom\u00f3logo franc\u00e9s Jean-Baptiste Lemoyne; con el grupo Entreprises du Voyage (EDV), que re\u00fane m\u00e1s de 2000 agencias de viaje de Francia; con el grupo Karavel Promovacances; con el sindicato de Tour operadores SETO; con las l\u00edneas Air France y Air Caraibes; con Laurent Abitbol, presidente del poderoso hotelero Marietton; con la Asociaci\u00f3n de Periodistas Tur\u00edsticos de Francia (AJT) y con una delegaci\u00f3n de los departamentos franceses de ultramar: Martinica y Guadalupe.<\/p>\n<p>Aunque las restricciones sanitarias impuestas por la pandemia del Covid-19 limitaron la participaci\u00f3n nacional en Prime Resa, la Rep\u00fablica Dominicana se hizo presente en Prime Resa con un delegaci\u00f3n encabezada por Collado junto a la directora de ProDominicana Biviana Ribero; la embajadora Rosa Hern\u00e1ndez de Grull\u00f3n; la directora de la Oficina de Promoci\u00f3n Tur\u00edstica en Francia, Mercedes Castillo, una parte del gabinete de Mitur y representantes de diversas \u00e1reas del turismo privado.<\/p>\n<picture class=\"image\"><img decoding=\"async\" loading=\"lazy\" alt=\" Collado firma de acuerdo con Air France, acompa\u00f1ado de Rosa Hern\u00e1ndez, Luis Rodr\u00edguez Amiama y Francesca Rainieri.\" attribution=\" Collado firma de acuerdo con Air France, acompa\u00f1ado de Rosa Hern\u00e1ndez, Luis Rodr\u00edguez Amiama y Francesca Rainieri.\" src=\"https:\/\/acento.com.do\/media\/storage02\/uploads\/2021\/10\/collado-firma-acuerdo-con-air-france-acompanado-de-rosa-hernandez-luis-rodriguez-amiama-y-francesca-rainieri-full-728x410.webp\" width=\"1600\" height=\"720\"\/><figcaption>Collado firma de acuerdo con Air France, acompa\u00f1ado de Rosa Hern\u00e1ndez, Luis Rodr\u00edguez Amiama y Francesca Rainieri.<\/figcaption><\/picture>\n<p>La delegaci\u00f3n estuvo integrada tambi\u00e9n por al pasado presidente de ASONAHORES y gerente basic del Aeropuerto Internacional de La Romana; Luis Emilio Rodr\u00edguez Amiama; la vicepresidenta senior del Grupo Puntacana, Francesca Ranieri; ; el vicepresidente de negocios tur\u00edsticos del Banco Common Dominicano, Juan Martin De Oliva; el presidente CEO de Basic Air Companies, Gustavo de Hostos; el presidente del F\u00f3rum Iberoamericano de Periodistas de Turismo y dirigente de ADOMPRETUR, Luis Jos\u00e9 Ch\u00e1vez; y los ejecutivos hoteleros Ramon Tejeda, de Coral Hospitality Corp; Carla Sajiun Nistal, de Amhsa Marina; Meicy Diaz de Garrido, de HODELPA; y Guilliana Carniel, de Viva Wyndham Resorte, entre otros.<\/p>\n<p><strong>El Common ratifica compromiso con el turismo<\/strong><\/p>\n<p>Juan Mart\u00edn De Oliva, vicepresidente del \u00e1rea de negocios tur\u00edsticos del Banco Common, afirm\u00f3 que la presencia del pa\u00eds en Prime Resa super\u00f3 las expectativas iniciales, tanto por el impresionante flujo de visitantes al stand dominicano, que result\u00f3 ser el m\u00e1s standard de la feria, como por la productiva agenda desarrollada por el ministro David Collado, quien avanz\u00f3 varios acuerdos y gestiones con l\u00edneas \u00e1reas, turoperadores, agencias de viaje, autoridades tur\u00edsticas y con el principal gremio de los comunicadores tur\u00edsticos franceses.<\/p>\n<picture class=\"image\"><img decoding=\"async\" loading=\"lazy\" alt=\" Juan Mart\u00edn De Oliva comparte con Biviana Ribeiro, Francesca Rainieri, Rosa Hern\u00e1ndez y Luis Rodr\u00edguez Amiama.\" attribution=\" Juan Mart\u00edn De Oliva comparte con Biviana Ribeiro, Francesca Rainieri, Rosa Hern\u00e1ndez y Luis Rodr\u00edguez Amiama.\" src=\"https:\/\/acento.com.do\/media\/storage02\/uploads\/2021\/10\/juan-martin-de-oliva-biviana-ribeiro-francesca-rainieri-rosa-hernandez-de-grullon-y-luis-rodriguez-amiama-en-top-resa-full-728x410.webp\" width=\"1200\" height=\"540\"\/><figcaption>Juan Mart\u00edn De Oliva comparte con Biviana Ribeiro, Francesca Rainieri, Rosa Hern\u00e1ndez y Luis Rodr\u00edguez Amiama.<\/figcaption><\/picture>\n<p>\u201cNuestra participaci\u00f3n sirvi\u00f3 tambi\u00e9n para enviar una se\u00f1al clara en el mercado franc\u00e9s y en toda Europa de que la recuperaci\u00f3n del turismo dominicano es un hecho, gracias a los esfuerzos mancomunados del Gobierno y del sector privado y a los avances que hemos logrado en el control de la pandemia y la reactivaci\u00f3n de la industria\u201d, expres\u00f3 el ejecutivo bancario.<\/p>\n<p>Dijo que el Banco Common se sum\u00f3 a la delegaci\u00f3n de Prime Resa porque Francia es un mercado demasiado importante para el pa\u00eds y porque mantiene el compromiso de seguir apoyando no solo la inversi\u00f3n en turismo, sino tambi\u00e9n en todas las \u00e1reas de la econom\u00eda nacional.<\/p>\n<p><strong>Asegurando el turismo de invierno<\/strong><\/p>\n<p>Sebasti\u00e1n Garc\u00eda, del grupo Assembly Level Dominicana, representante de importantes turoperadores de Francia, Alemania, Reino Unido, Austria y Holanda, entre otros pa\u00edses, aseguro que el pa\u00eds caribe\u00f1o es el destino de larga distancia con mejores condiciones para atraer el turismo de invierno de toda Europa.<\/p>\n<picture class=\"image\"><img decoding=\"async\" loading=\"lazy\" alt=\" Sebasti\u00e1n Garcia, de Meeting Point en Top Resa.\" attribution=\" Sebasti\u00e1n Garcia, de Meeting Point en Top Resa.\" src=\"https:\/\/acento.com.do\/media\/storage02\/uploads\/2021\/10\/sebastian-garcia-de-meeting-point-en-top-resa-full-728x410.webp\" width=\"703\" height=\"448\"\/><figcaption>Sebasti\u00e1n Garcia, de Assembly Level en Prime Resa.<\/figcaption><\/picture>\n<p>Dijo que la participaci\u00f3n en Prime Resa ha servido para convencer al mercado franc\u00e9s de que la Rep\u00fablica Dominicana es un destino que no ofrece ninguna complicaci\u00f3n para los visitantes, al tiempo de garantizar las mejores condiciones de seguridad sanitaria en Am\u00e9rica Latina por el programa de vacunaci\u00f3n que ha desarrollado en el private tur\u00edstico y en la poblaci\u00f3n basic.<\/p>\n<p><strong>RD apunta a superar cifras pre pandemia<\/strong><\/p>\n<p>La directora de venta y hospitalidad de Punta Cana Resort &amp; Membership, Carmen Rosa de Torres, se mostr\u00f3 impresionada por el impacto que ha tenido el stand dominicano en el p\u00fablico de Prime Resa y el notable flujo de profesionales interesados en el producto tur\u00edstico dominicano.<\/p>\n<picture class=\"image\"><img decoding=\"async\" loading=\"lazy\" alt=\" Francia es un mercado estrat\u00e9gico para el turismo dominicano.\" attribution=\" Francia es un mercado estrat\u00e9gico para el turismo dominicano.\" src=\"https:\/\/acento.com.do\/media\/storage02\/uploads\/2021\/10\/francia-es-un-mercado-estrategico-para-el-turismo-dominicano-full-728x410.webp\" width=\"1000\" height=\"450\"\/><figcaption>Francia es un mercado estrat\u00e9gico para el turismo dominicano.<\/figcaption><\/picture>\n<p>Dijo que el mercado franc\u00e9s tiene una importancia estrat\u00e9gica para el destino Punta Cana porque su inter\u00e9s est\u00e1 orientado no solo a la oferta de sol y playa, sino tambi\u00e9n a un segmento de alta gama, que incluye golf, negocios, eventos, celebridades, grupos y turoperadores.<\/p>\n<p>Agrego que el stability presentado por el ministro Collado sobre los flujos turisticos de julio, agosto, septiembre y las proyecciones para fin de a\u00f1o, muestran que el turismo dominicano apunta a superar a corto plazo las cifras de los a\u00f1os 2018 y 2019.<\/p>\n<p><strong>Nuevos vuelos de Air France, Corsair, Caraibe y Air Antille<\/strong><\/p>\n<p>Gustavo de Hostos, presidente CEO de Basic Air Companies, valoro el acuerdo suscrito por el ministro David Collado con la linea Air France para aumentar su frecuencia de vuelos a la Republica Dominicana y revelo que tres de las principales lineas representadas por su empresa esta agregando cinco vuelos adicionales para conectar al pais con Francia y los departamentos franceses en el Caribe.<\/p>\n<p>Dijo que Air Caraibe esta sumando dos vuelos a partir de diciembre, Corsair un tercer vuelo en febrero, asi como otros vuelos adicionales de Air Antille, que conecta las Antillas Francesas Santo Domingo y Punta Cana.<\/p>\n<p><strong>Apreciaci\u00f3n de ASONAHORES<\/strong><\/p>\n<p>Luis Rodriguez Amiama, gerente basic del Aeropuerto Internacional de La Romana, pasado presidente y precise vicepresidente de la Asociaci\u00f3n de Hoteles y Turismo de la Rep\u00fablica Dominicana (ASONAHORES) dijo que Paris fue el escenario de una importante y exitosa ronda de negociaciones, que repercutir\u00e1 directamente en los resultados de la incipiente temporada tur\u00edstica de invierno\u201d.<\/p>\n<picture class=\"image\"><img decoding=\"async\" loading=\"lazy\" alt=\" RD tuvo una presencia destacada en Top Resa\" attribution=\" RD tuvo una presencia destacada en Top Resa\" src=\"https:\/\/acento.com.do\/media\/storage02\/uploads\/2021\/10\/presencia-destacada-de-rd-en-top-resa-paris-2021-full-728x410.webp\" width=\"1200\" height=\"840\"\/><figcaption>RD tuvo una presencia destacada en Prime Resa<\/figcaption><\/picture>\n<p>\u201cLa participaci\u00f3n de la Rep\u00fablica Dominicana en Top Resa fue trascendental, ya que el pa\u00eds se ha venido posicionando como l\u00edder en el manejo de la crisis asociada al Covid-19 y ha estado a la vanguardia de las iniciativas promocionales en los diferentes mercados emisores del turismo mundial\u201d, apunt\u00f3 De Hostos.<\/p>\n<p>Y agrego que \u201cla presencia del ministro de turismo, David Collado y su equipo t\u00e9cnico, junto a la embajadora dominicana en Francia, Rosa Hern\u00e1ndez de Grullon y al destacado equipo de la oficina de promoci\u00f3n tur\u00edstica OPT de Francia, liderada por Mercedes Castillo, lograron posicionar a la RD, a trav\u00e9s de la firma de importantes acuerdos con aerol\u00edneas y touroperadores, como uno de las pa\u00edses m\u00e1s destacados en toda la feria\u201d.<\/p>\n<p><strong>HODELPA supera expectativas en Prime Resa<\/strong><\/p>\n<picture class=\"image\"><img decoding=\"async\" loading=\"lazy\" alt=\" HODELPA desarroll\u00f3 una intensa agenda en Top Resa\" attribution=\" HODELPA desarroll\u00f3 una intensa agenda en Top Resa\" src=\"https:\/\/acento.com.do\/media\/storage02\/uploads\/2021\/10\/hodelpa-desarrollo-una-intensa-agenda-en-top-resa-full-728x410.webp\" width=\"1000\" height=\"562\"\/><figcaption>HODELPA desarroll\u00f3 una intensa agenda en Prime Resa<\/figcaption><\/picture>\n<p>Meicy Diaz de Garrido, quien represent\u00f3 a HODELPA, el principal grupo hotelero de capital dominicano, valor\u00f3 la presencia del pa\u00eds en Prime Resa, recordando que Francia es uno de los principales mercados emisores de la Rep\u00fablica Dominicana.<\/p>\n<p>\u201cFrancia es un gran nicho para los hoteles de HODELPA por la diversidad de propuestas que ofrecen nuestras instalaciones en la Ciudad Colonial, Juan Dolio, Punta Cana, Santiago y Puerto Plata, adem\u00e1s de diversos atractivos complementarios, incluyendo un club franc\u00e9s en Juan Dolio\u201d, apunt\u00f3 la ejecutiva.<\/p>\n<p>Dijo que las negociaciones y acuerdos registrados por HODELPA en Prime Resa superan significativamente los resultados alcanzados en la \u00faltima feria de FITUR en Espa\u00f1a y de las ediciones de la feria francesa en el 2018 y 2019.<\/p>\n<p><strong>ECT y el turismo de reuniones<\/strong><\/p>\n<p>Rom\u00e1n Dalb\u00e1n, director comercial del grupo ECT, pionero en el segmento de reuniones y eventos en el pa\u00eds, se manifest\u00f3 muy complacido por el inter\u00e9s despertado en el p\u00fablico profesional de Prime Resa por el stand dominicano.<\/p>\n<p>\u201cEl sector MICE tiene un extraordinario potencial en el mercado franc\u00e9s, ya que la Rep\u00fablica Dominicana cuenta con muy buenos centros de convenciones, grandes hoteles, la capacitaci\u00f3n de su personal, la excelente conectividad con Francia y sus departamentos de ultramar y ese encanto latino y caribe\u00f1o que define a nuestra gente\u201d, expres\u00f3 el ejecutivo de la agencia ECT, establecida en el pa\u00eds desde el a\u00f1o 1994,<\/p>\n<p>En t\u00e9rminos similares se expresaron otros representantes de la delegaci\u00f3n dominicana, incluyendo Ramon Tejeda, de Coral Hospitality Corp; Carla Sajiun Nistal, de Amhsa Marina; y Guilliana Carniel, de Viva Wyndham Resorts, entre otros<\/p>\n<\/div>\n\n<p><em> &#8221; Fuentes acento.com.do &#8221; <\/em><\/p>\n","protected":false},"excerpt":{"rendered":"<p>El ministro de turismo David Collado reunido con autoridades francesas y personalidades del turismo internacional Empresarios y profesionales del sector tur\u00edstico privado participantes en la feria Prime Resa de Par\u00eds, Francia, resaltaron el impacto de la Republica Dominicana en el evento y afirmaron que los resultados alcanzados en las cuatro jornadas del encuentro ratificaron al [&hellip;]<\/p>\n","protected":false},"author":4,"featured_media":207655,"comment_status":"open","ping_status":"closed","sticky":false,"template":"","format":"standard","meta":{"om_disable_all_campaigns":false,"jnews-multi-image_gallery":[],"jnews_single_post":[],"jnews_primary_category":[],"jnews_social_meta":[],"footnotes":""},"categories":[40],"tags":[3918,2289],"class_list":["post-207654","post","type-post","status-publish","format-standard","has-post-thumbnail","hentry","category-industria","tag-francia","tag-paris"],"_links":{"self":[{"href":"https:\/\/dimensionturistica.com\/es\/wp-json\/wp\/v2\/posts\/207654","targetHints":{"allow":["GET"]}}],"collection":[{"href":"https:\/\/dimensionturistica.com\/es\/wp-json\/wp\/v2\/posts"}],"about":[{"href":"https:\/\/dimensionturistica.com\/es\/wp-json\/wp\/v2\/types\/post"}],"author":[{"embeddable":true,"href":"https:\/\/dimensionturistica.com\/es\/wp-json\/wp\/v2\/users\/4"}],"replies":[{"embeddable":true,"href":"https:\/\/dimensionturistica.com\/es\/wp-json\/wp\/v2\/comments?post=207654"}],"version-history":[{"count":0,"href":"https:\/\/dimensionturistica.com\/es\/wp-json\/wp\/v2\/posts\/207654\/revisions"}],"wp:featuredmedia":[{"embeddable":true,"href":"https:\/\/dimensionturistica.com\/es\/wp-json\/wp\/v2\/media\/207655"}],"wp:attachment":[{"href":"https:\/\/dimensionturistica.com\/es\/wp-json\/wp\/v2\/media?parent=207654"}],"wp:term":[{"taxonomy":"category","embeddable":true,"href":"https:\/\/dimensionturistica.com\/es\/wp-json\/wp\/v2\/categories?post=207654"},{"taxonomy":"post_tag","embeddable":true,"href":"https:\/\/dimensionturistica.com\/es\/wp-json\/wp\/v2\/tags?post=207654"}],"curies":[{"name":"wp","href":"https:\/\/api.w.org\/{rel}","templated":true}]}}