{"id":207356,"date":"2021-10-13T21:57:44","date_gmt":"2021-10-13T21:57:44","guid":{"rendered":"https:\/\/dimensionturistica.com\/es\/?p=207356"},"modified":"2021-10-13T21:57:44","modified_gmt":"2021-10-13T21:57:44","slug":"catamarca-turistica-participa-del-meet-up-argentina-by-expoeventos","status":"publish","type":"post","link":"https:\/\/dimensionturistica.com\/es\/catamarca-turistica-participa-del-meet-up-argentina-by-expoeventos\/","title":{"rendered":"Catamarca tur\u00edstica participa del Meet up Argentina by Expoeventos"},"content":{"rendered":"<p> <br \/>\n<\/p>\n<div>\n<div class=\"fecha-movil\">\n<p>\n<span class=\"dia\">mi\u00e9rcoles, 13 de octubre de 2021<\/span><br \/>\n<span class=\"brand-circle\"\/><br \/>\n<span class=\"hora\">18:50<\/span>\n<\/p>\n<\/div>\n<p>La provincia de Catamarca est\u00e1 participando junto al Catamarca Bureau, las Municipalidades de San Fernando del Valle de Catamarca, de Bel\u00e9n y Fiambal\u00e1, del\u00a0Meet Up (Expoeventos), en el Centro de Convenciones Buenos Aires (Av. Pres. Figueroa Alcorta 2099).<\/p>\n<p>El mismo es un evento de la industria de las reuniones en Argentina, un showroom para que destinos, proveedores, prestadores de servicios y clientes creen nuevos v\u00ednculos y generen renovadas oportunidades. Enfocado en las experiencias como motor de inspiraci\u00f3n y en la generaci\u00f3n de proyectos que volver\u00e1n a poner en marcha la industria tur\u00edstica.<\/p>\n<p>El objetivo de la participaci\u00f3n en esta propuesta es la de generar nuevas oportunidades comerciales con profesionales de la industria, participando de las Rondas de Negocios: citas pre-agendadas con Hosted Patrons Nacionales, conociendo la \u00faltima informaci\u00f3n sobre la industria de las reuniones, los clientes y el mercado y a la vez capacitarse sobre las nuevas tendencias y las concepts que est\u00e1n revolucionando la actividad.<\/p>\n<p><img decoding=\"async\" alt=\"\" height=\"345\" src=\"https:\/\/www.elesquiu.com\/u\/fotografias\/m\/2021\/10\/13\/f768x1-395845_395972_5050.jpg\" width=\"768\"\/><\/p>\n<p>En la jornada de hoy, visitaron el stand de Catamarca, la Secretaria de promoci\u00f3n tur\u00edstica de la naci\u00f3n, Yanina Mart\u00ednez, el secretario ejecutivo del INPROTUR, Ricardo Sosa, la directora nacional de fiestas nacionales y eventos, Fernanda Rodr\u00edguez, y el Presidente de AOCA. Gustavo Gorbaran.<\/p>\n<p>En la oportunidad participan de las reuniones Laura Moreno y Evangelina Quarin, referentes de turismo de reuniones del Ministerio de Cultura y Turismo, In\u00e9s Gal\u00edndez, secretaria de Turismo y Desarrollo Econ\u00f3mico de la Capital, Julieta D\u00edaz, presidente de Catamarca Bureau, Macerlo Coll, presidente de la Asoc. de agencias de viajes de Catamarca, Nicol\u00e1s Reinoso, Sec de Turismo del municipio de Bel\u00e9n, Carlos Lilljedahl del Municipio Fiambal\u00e1 y dem\u00e1s integrantes del Catamarca Bureau.<\/p>\n<\/div>\n<p><script>\n      window.fbAsyncInit = function() {\n        FB.init({\n          appId      : '{156514237751510}',\n          status     : true,\n\t\t  version:  'v2.7',\n          xfbml      : true\n        });\nFB.Event.subscribe('comment.create', function (response) {grabacom_compa(412427)});\t\nFB.Event.subscribe('comment.remove',  function (response) {grabacom_compa(412427)});\t\nFB.Event.subscribe('edge.create',  function (response) {grabacom_compa(412427)});\nFB.Event.subscribe('edge.remove',  function (response) {grabacom_compa(412427)});\n      };\n(function(d, s, id) {\n  var js, fjs = d.getElementsByTagName(s)[0];\n  if (d.getElementById(id)) return;\n  js = d.createElement(s); js.id = id;\n  js.src = \"\/\/connect.facebook.net\/es_LA\/sdk.js#xfbml=1&version=v2.7&appId=156514237751510\";\n  fjs.parentNode.insertBefore(js, fjs);\n}(document, 'script', 'facebook-jssdk'));\n    <\/script><br \/>\n<br \/><\/p>\n<p><em> &#8221; Fuentes www.elesquiu.com &#8221; <\/em><\/p>\n","protected":false},"excerpt":{"rendered":"<p>mi\u00e9rcoles, 13 de octubre de 2021 18:50 La provincia de Catamarca est\u00e1 participando junto al Catamarca Bureau, las Municipalidades de San Fernando del Valle de Catamarca, de Bel\u00e9n y Fiambal\u00e1, del\u00a0Meet Up (Expoeventos), en el Centro de Convenciones Buenos Aires (Av. Pres. Figueroa Alcorta 2099). El mismo es un evento de la industria de las [&hellip;]<\/p>\n","protected":false},"author":4,"featured_media":207357,"comment_status":"open","ping_status":"closed","sticky":false,"template":"","format":"standard","meta":{"om_disable_all_campaigns":false,"jnews-multi-image_gallery":[],"jnews_single_post":[],"jnews_primary_category":[],"jnews_social_meta":[],"footnotes":""},"categories":[40],"tags":[33643,33644,544],"class_list":["post-207356","post","type-post","status-publish","format-standard","has-post-thumbnail","hentry","category-industria","tag-catamarca-bureau","tag-expoeventos","tag-turismo"],"_links":{"self":[{"href":"https:\/\/dimensionturistica.com\/es\/wp-json\/wp\/v2\/posts\/207356","targetHints":{"allow":["GET"]}}],"collection":[{"href":"https:\/\/dimensionturistica.com\/es\/wp-json\/wp\/v2\/posts"}],"about":[{"href":"https:\/\/dimensionturistica.com\/es\/wp-json\/wp\/v2\/types\/post"}],"author":[{"embeddable":true,"href":"https:\/\/dimensionturistica.com\/es\/wp-json\/wp\/v2\/users\/4"}],"replies":[{"embeddable":true,"href":"https:\/\/dimensionturistica.com\/es\/wp-json\/wp\/v2\/comments?post=207356"}],"version-history":[{"count":0,"href":"https:\/\/dimensionturistica.com\/es\/wp-json\/wp\/v2\/posts\/207356\/revisions"}],"wp:featuredmedia":[{"embeddable":true,"href":"https:\/\/dimensionturistica.com\/es\/wp-json\/wp\/v2\/media\/207357"}],"wp:attachment":[{"href":"https:\/\/dimensionturistica.com\/es\/wp-json\/wp\/v2\/media?parent=207356"}],"wp:term":[{"taxonomy":"category","embeddable":true,"href":"https:\/\/dimensionturistica.com\/es\/wp-json\/wp\/v2\/categories?post=207356"},{"taxonomy":"post_tag","embeddable":true,"href":"https:\/\/dimensionturistica.com\/es\/wp-json\/wp\/v2\/tags?post=207356"}],"curies":[{"name":"wp","href":"https:\/\/api.w.org\/{rel}","templated":true}]}}