{"id":206997,"date":"2021-10-13T10:37:30","date_gmt":"2021-10-13T10:37:30","guid":{"rendered":"https:\/\/dimensionturistica.com\/es\/?p=206997"},"modified":"2021-10-13T10:37:31","modified_gmt":"2021-10-13T10:37:31","slug":"la-fundacion-vela-zanetti-acoge-la-exposicion-los-viajes-del-pueblo-judio","status":"publish","type":"post","link":"https:\/\/dimensionturistica.com\/es\/la-fundacion-vela-zanetti-acoge-la-exposicion-los-viajes-del-pueblo-judio\/","title":{"rendered":"La Fundaci\u00f3n Vela Zanetti acoge la exposici\u00f3n &#8216;Los viajes del pueblo jud\u00edo&#8217;"},"content":{"rendered":"<p> <br \/>\n<\/p>\n<div>\n<article class=\"voc-article voc-article--detail voc-article--detail--base voc-article--photo-bottom\"><!-- IMAGE --><\/p>\n<div class=\"voc-img-container  \"><picture>\n<div class=\"voc-horizontal voc-img-icon-link\"><img decoding=\"async\" src=\"https:\/\/static1.leonoticias.com\/www\/multimedia\/202110\/13\/media\/cortadas\/ZANE-k7zD-U150822123195p3H-624x385@Leonoticias.jpg\" title=\"\" alt=\"Fachada exterior del museo.\/\" onload=\"performance.mark('fmp');\"\/><noscript><img decoding=\"async\" src=\"https:\/\/static1.leonoticias.com\/www\/multimedia\/202110\/13\/media\/cortadas\/ZANE-k7zD-U150822123195p3H-624x385@Leonoticias.jpg\" alt=\"Fachada exterior del museo.\"\/><\/noscript><\/div>\n<\/picture>\n<p class=\"figure-caption\"><span class=\"voc-photo-caption\">Fachada exterior del museo.<\/span><span class=\"voc-photo-author\"\/><\/p>\n<\/div>\n<p><!-- INFO CONTAINER --><\/p>\n<p><h2 class=\"voc-sub-title\">La muestra se podr\u00e1 visitar en la sala de exposiciones temporales de la Fundaci\u00f3n del 14 de octubre al 16 de noviembre<\/h2>\n<\/p>\n<\/article>\n<\/div>\n<div data-voc-share-selection=\"\"><!-- AUTHOR --><\/p>\n<div class=\"voc-author-timesocial \"><!-- AUTHOR --><\/p>\n<div class=\"voc-author-timesocial__signature\"><!-- IMAGE AUTHOR --><picture class=\"voc-image-signature\"><img decoding=\"async\" class=\"voc-image-signature__img\" src=\"https:\/\/static3.leonoticias.com\/comun\/img\/2014\/autor\/autor-2282-foto-1.jpeg\" alt=\"Leonoticias\"\/><\/picture><!-- INFO AUTHOR --><\/div>\n<\/div>\n<p><!-- COMPONENTS --><\/p>\n<p class=\"voc-paragraph\">La<br \/>\n<strong> Fundaci\u00f3n Vela Zanetti <\/strong>acoge la exposici\u00f3n<br \/>\n<strong>&#8216;Los viajes del pueblo jud\u00edo&#8217;<\/strong> del 14 de octubre al 16 de noviembre.\n<\/p>\n<p class=\"voc-paragraph\">A trav\u00e9s de paneles informativos y fotograf\u00edas se recorren las diferentes motivaciones que el ser humano<br \/>\n<strong>afronta a la hora de realizar un viaje.<\/strong><\/p>\n<p class=\"voc-paragraph\">Viajar de un lugar a otro, f\u00edsica, espiritual o emocionalmente, coloca a las personas en un camino de transici\u00f3n. &#8216;Los viajes del pueblo jud\u00edo&#8217;, exposici\u00f3n cedida por la Biblioteca Nacional de Israel a la Crimson de Juder\u00edas de Espa\u00f1a,<br \/>\n<strong>analiza e ilustra a trav\u00e9s de seis paneles informativos<\/strong> (traducidos al espa\u00f1ol por la Crimson) acompa\u00f1ados de fotograf\u00edas, las situaciones en las que el pueblo jud\u00edo ha tenido que afrontar las diferentes casu\u00edsticas para emprender un viaje.\n<\/p>\n<p class=\"voc-paragraph\">Fundada en Jerusal\u00e9n en 1982,<br \/>\n<strong> la Biblioteca Nacional de Israel<\/strong> (NLI) sirve de biblioteca tanto al Estado de Israel como a todos los jud\u00edos del mundo, pues dispone de una inmensa variedad de<br \/>\n<strong>contenidos en diferentes formatos <\/strong>que documentan la historia, cultura y legado del pueblo jud\u00edo durante siglos.\n<\/p>\n<p class=\"voc-paragraph\">La muestra se podr\u00e1 visitar en la sala de exposiciones temporales de la Fundaci\u00f3n Vela Zanetti, del 14 de octubre al 16 de noviembre de 2021,<br \/>\n<strong>en horario de 10:00 a 13:00 y de 17:00 a 20:00h., de martes a s\u00e1bado.<\/strong><\/p>\n<p><!-- TOPICS --><!-- TENDENCIAS --><\/div>\n\n<p><em> &#8221; Fuentes www.leonoticias.com &#8221; <\/em><\/p>\n","protected":false},"excerpt":{"rendered":"<p>Fachada exterior del museo. La muestra se podr\u00e1 visitar en la sala de exposiciones temporales de la Fundaci\u00f3n del 14 de octubre al 16 de noviembre La Fundaci\u00f3n Vela Zanetti acoge la exposici\u00f3n &#8216;Los viajes del pueblo jud\u00edo&#8217; del 14 de octubre al 16 de noviembre. A trav\u00e9s de paneles informativos y fotograf\u00edas se recorren [&hellip;]<\/p>\n","protected":false},"author":4,"featured_media":206998,"comment_status":"open","ping_status":"closed","sticky":false,"template":"","format":"standard","meta":{"om_disable_all_campaigns":false,"jnews-multi-image_gallery":[],"jnews_single_post":[],"jnews_primary_category":[],"jnews_social_meta":[],"footnotes":""},"categories":[39],"tags":[10255,9609,1069,29976,5500,18950,545,33593],"class_list":["post-206997","post","type-post","status-publish","format-standard","has-post-thumbnail","hentry","category-viajes","tag-acoge","tag-exposicion","tag-fundacion","tag-judio","tag-pueblo","tag-vela","tag-viajes","tag-zanetti"],"_links":{"self":[{"href":"https:\/\/dimensionturistica.com\/es\/wp-json\/wp\/v2\/posts\/206997","targetHints":{"allow":["GET"]}}],"collection":[{"href":"https:\/\/dimensionturistica.com\/es\/wp-json\/wp\/v2\/posts"}],"about":[{"href":"https:\/\/dimensionturistica.com\/es\/wp-json\/wp\/v2\/types\/post"}],"author":[{"embeddable":true,"href":"https:\/\/dimensionturistica.com\/es\/wp-json\/wp\/v2\/users\/4"}],"replies":[{"embeddable":true,"href":"https:\/\/dimensionturistica.com\/es\/wp-json\/wp\/v2\/comments?post=206997"}],"version-history":[{"count":0,"href":"https:\/\/dimensionturistica.com\/es\/wp-json\/wp\/v2\/posts\/206997\/revisions"}],"wp:featuredmedia":[{"embeddable":true,"href":"https:\/\/dimensionturistica.com\/es\/wp-json\/wp\/v2\/media\/206998"}],"wp:attachment":[{"href":"https:\/\/dimensionturistica.com\/es\/wp-json\/wp\/v2\/media?parent=206997"}],"wp:term":[{"taxonomy":"category","embeddable":true,"href":"https:\/\/dimensionturistica.com\/es\/wp-json\/wp\/v2\/categories?post=206997"},{"taxonomy":"post_tag","embeddable":true,"href":"https:\/\/dimensionturistica.com\/es\/wp-json\/wp\/v2\/tags?post=206997"}],"curies":[{"name":"wp","href":"https:\/\/api.w.org\/{rel}","templated":true}]}}