{"id":206964,"date":"2021-10-13T09:29:40","date_gmt":"2021-10-13T09:29:40","guid":{"rendered":"https:\/\/dimensionturistica.com\/es\/?p=206964"},"modified":"2021-10-13T09:29:40","modified_gmt":"2021-10-13T09:29:40","slug":"dejara-el-buen-fin-derrama-de-2-5-millones","status":"publish","type":"post","link":"https:\/\/dimensionturistica.com\/es\/dejara-el-buen-fin-derrama-de-2-5-millones\/","title":{"rendered":"\u2018Dejar\u00e1 el Buen Fin derrama de 2.5 millones\u2019"},"content":{"rendered":"<p> <br \/>\n<\/p>\n<div id=\"nota_firmas_fecha\">\n<p>Manuel Quezada Barr\u00f3n\/El Diario<\/p>\n<p>                    <small>mi\u00e9rcoles, 13 octubre 2021 | 05:00 <\/small>\n                <\/div>\n<div id=\"cuerpo_nota\">\n<p>Chihuahua.- El comercio organizado tiene la expectativa de generar ventas por dos millones 500 mil pesos en la ciudad de Chihuahua durante la pr\u00f3xima edici\u00f3n de El Buen Fin a celebrarse del 10 al 16 de noviembre pr\u00f3ximo, estim\u00f3 ayer el presidente de la Canaco, Edibray G\u00f3mez Gallegos.<\/p>\n<p>Durante una rueda de prensa acompa\u00f1ado de Keyko Akosima Infante, presidente de la Secci\u00f3n Especializada de Cl\u00ednicas de Belleza, Omar Armend\u00e1riz, vicepresidente common y del consejero Mario Rodr\u00edguez, inform\u00f3 que el a\u00f1o pasado a causa de la pandemia y de los entonces llamados s\u00faper cierres, solo se pudo lograr ventas virtuales por 380 millones de pesos, una cifra mucho menor a los mil 600 registrados en el 2019, antes del problema de salud generado por el Covid-19.<\/p>\n<p>Inform\u00f3 que en conjunto con la Procuradur\u00eda Federal del Consumidor y la Secretar\u00eda de Econom\u00eda vigilar\u00e1n que no haya reetiquetado de productos y servicios antes de la jornada de El Buen Fin para luego lanzar ofertas, lo cual no beneficia a nadie.<\/p>\n<p>Edibray G\u00f3mez dijo esperar que la pr\u00e1ctica de reetiqueteo vaya a menos en Chihuahua y se ofrezcan verdaderas ofertas.<\/p>\n<p>Agreg\u00f3 que esperar\u00edan el registro de unas mil empresas para participar de El Buen Fin en la ciudad capital.<\/p>\n<p>Indic\u00f3 que los giros que mayor actividad comercial tienen en esta jornada son los el\u00e9ctrico-electr\u00f3nica, servicios, ropa, joyer\u00eda, regalos, tecnolog\u00eda, salud, linea blanca y electrodom\u00e9sticos.<\/p>\n<p>Edibray G\u00f3mez exhort\u00f3 a los comerciantes y prestadores de servicios a lanzar buenas ofertas para que haya una buena derrama econ\u00f3mica.<\/p>\n<p>Agreg\u00f3 que hay informes de que el gobierno federal adelantar\u00eda una parte del pago del aguinaldo para apoyar a los trabajadores y que puedan aprovechar las ofertas de la jornada de El Buen Fin.<\/p>\n<p>Tambi\u00e9n anunci\u00f3 la celebraci\u00f3n de la ExpoVenta Canaco a celebrarse del 3 al 5 de diciembre pr\u00f3ximo en la ExpoChihuahua en donde se contar\u00e1 con m\u00e1s de 150 expositores de productos y servicios chihuahuahuenses, adem\u00e1s de actividades para ni\u00f1os, rifas, grupos musicales y otras actividades.<\/p>\n<p>Invit\u00f3 a los comerciantes y prestadores de servicios a que se sumen a esta actividad y ofreci\u00f3 el numero de tel\u00e9fono 614-255-4879 e informarse en el sitio de Web expoventa@canaco.com.mx.<\/p>\n<p>Asegur\u00f3 que se tendr\u00e1 todos los protocolos de seguridad e higiene en la gran fiesta en su edici\u00f3n n\u00famero 23.<\/p>\n<p>En otro orden, el presidente de Canaco indic\u00f3 que en Chihuahua se percibe un crecimiento econ\u00f3mico significativo, aunque hay \u00e1reas que todav\u00eda necesitan atenci\u00f3n y apoyo por parte de las autoridades y de todos en common.<\/p>\n<p>Record\u00f3 que el a\u00f1o pasado se perdieron unos 900 empresas entre las cuales hab\u00eda restaurantes, agencias de viaje, bares, salones de evento y de belleza, comercios, de turismo de aventura y receptivo, m\u00e9dico, entre otros, y a la fecha se habr\u00eda recuperado un 70 por ciento.<\/p>\n<p>Plante\u00f3 que ahora se percibe un crecimiento econ\u00f3mico importante,debido entre otras cosas a que se ha dado un consumo de lo que se produce localmente y que la gente no va a a Estados Unidos a realizar sus compras.<\/p>\n<p>Apunt\u00f3 que el centro de El Paso, Texas \u201cparece ya un pueblo fantasma\u201d una situaci\u00f3n que contrasta con el Centro Hist\u00f3rico y plazas comerciales de Chihuahua, donde se ve una cantidad importante de clientes potenciales.<\/p>\n<p>Finalmente exhort\u00f3 a la poblaci\u00f3n a seguir consumiendo native a fin de que se pueda seguir generando la riqueza econ\u00f3mica y el empleo aqu\u00ed.<\/p>\n<\/p><\/div>\n\n<p><em> &#8221; Fuentes www.eldiariodechihuahua.mx &#8221; <\/em><\/p>\n","protected":false},"excerpt":{"rendered":"<p>Manuel Quezada Barr\u00f3n\/El Diario mi\u00e9rcoles, 13 octubre 2021 | 05:00 Chihuahua.- El comercio organizado tiene la expectativa de generar ventas por dos millones 500 mil pesos en la ciudad de Chihuahua durante la pr\u00f3xima edici\u00f3n de El Buen Fin a celebrarse del 10 al 16 de noviembre pr\u00f3ximo, estim\u00f3 ayer el presidente de la Canaco, [&hellip;]<\/p>\n","protected":false},"author":4,"featured_media":206965,"comment_status":"open","ping_status":"closed","sticky":false,"template":"","format":"standard","meta":{"om_disable_all_campaigns":false,"jnews-multi-image_gallery":[],"jnews_single_post":[],"jnews_primary_category":[],"jnews_social_meta":[],"footnotes":""},"categories":[40],"tags":[715],"class_list":["post-206964","post","type-post","status-publish","format-standard","has-post-thumbnail","hentry","category-industria","tag-economia"],"_links":{"self":[{"href":"https:\/\/dimensionturistica.com\/es\/wp-json\/wp\/v2\/posts\/206964","targetHints":{"allow":["GET"]}}],"collection":[{"href":"https:\/\/dimensionturistica.com\/es\/wp-json\/wp\/v2\/posts"}],"about":[{"href":"https:\/\/dimensionturistica.com\/es\/wp-json\/wp\/v2\/types\/post"}],"author":[{"embeddable":true,"href":"https:\/\/dimensionturistica.com\/es\/wp-json\/wp\/v2\/users\/4"}],"replies":[{"embeddable":true,"href":"https:\/\/dimensionturistica.com\/es\/wp-json\/wp\/v2\/comments?post=206964"}],"version-history":[{"count":0,"href":"https:\/\/dimensionturistica.com\/es\/wp-json\/wp\/v2\/posts\/206964\/revisions"}],"wp:featuredmedia":[{"embeddable":true,"href":"https:\/\/dimensionturistica.com\/es\/wp-json\/wp\/v2\/media\/206965"}],"wp:attachment":[{"href":"https:\/\/dimensionturistica.com\/es\/wp-json\/wp\/v2\/media?parent=206964"}],"wp:term":[{"taxonomy":"category","embeddable":true,"href":"https:\/\/dimensionturistica.com\/es\/wp-json\/wp\/v2\/categories?post=206964"},{"taxonomy":"post_tag","embeddable":true,"href":"https:\/\/dimensionturistica.com\/es\/wp-json\/wp\/v2\/tags?post=206964"}],"curies":[{"name":"wp","href":"https:\/\/api.w.org\/{rel}","templated":true}]}}