{"id":206848,"date":"2021-10-13T04:40:19","date_gmt":"2021-10-13T04:40:19","guid":{"rendered":"https:\/\/dimensionturistica.com\/es\/?p=206848"},"modified":"2021-10-13T04:40:19","modified_gmt":"2021-10-13T04:40:19","slug":"hotel-nacional-de-cuba-se-prepara-para-el-reinicio-del-turismo-internacional-video","status":"publish","type":"post","link":"https:\/\/dimensionturistica.com\/es\/hotel-nacional-de-cuba-se-prepara-para-el-reinicio-del-turismo-internacional-video\/","title":{"rendered":"Hotel Nacional de Cuba se prepara para el reinicio del turismo internacional (+Video)"},"content":{"rendered":"<p> <br \/>\n<\/p>\n<div>\n<div id=\"attachment_1324537\" style=\"width: 580px\" class=\"wp-caption aligncenter size-large wp-image-1324537\"><img decoding=\"async\" class=\"size-large wp-image-1324537\" src=\"http:\/\/media.cubadebate.cu\/wp-content\/uploads\/2020\/02\/hotel-nacional_02-580x488.jpg\" alt=\"\" width=\"580\" height=\"488\" srcset=\"http:\/\/media.cubadebate.cu\/wp-content\/uploads\/2020\/02\/hotel-nacional_02.jpg 580w,http:\/\/media.cubadebate.cu\/wp-content\/uploads\/2020\/02\/hotel-nacional_02-150x125.jpg 150w,http:\/\/media.cubadebate.cu\/wp-content\/uploads\/2020\/02\/hotel-nacional_02-180x150.jpg 180w\" sizes=\"(max-width: 580px) 100vw, 580px\"\/><\/p>\n<p class=\"wp-caption-text\">Se funden historia y belleza arquitect\u00f3nica en el Resort Nacional de Cuba. Foto: Abel Padr\u00f3n Padilla\/Cubadebate.<\/p>\n<\/div>\n<p>Tras m\u00e1s de un a\u00f1o y medio sin recibir hu\u00e9spedes de otras latitudes a consecuencia de la COVID-19, a cuyo enfrentamiento algunos de sus trabajadores se sumaron en centros de aislamiento, <strong>el Resort Nacional de Cuba se alista para reabrir sus puertas al turismo internacional, a partir del 15 de noviembre,<\/strong> en coincidencia con la llamada temporada alta.<\/p>\n<p>Yamila Fuster \u00c9vora, su jefa de Hospitalidad y Relaciones P\u00fablicas, explic\u00f3 a la Agencia Cubana de Noticias que en estos meses de pandemia sus habitaciones, \u00e1reas exteriores, mobiliarios, cocinas, restaurantes y dem\u00e1s salones han sido objeto de reparaci\u00f3n o mantenimiento, para tambi\u00e9n adaptarlos a los <strong>nuevos protocolos de bioseguridad<\/strong> y modernizarlos, sin perder los encantos que siempre caracterizaron a esa joya de la hoteler\u00eda de la mayor de Las Antillas.<\/p>\n<blockquote>\n<p>Aclar\u00f3 que por su complejidad o por ser totalmente nuevas algunas inversiones se inaugurar\u00e1n a finales de a\u00f1o, como es el restaurante Las Barracas, ahora en remodelaci\u00f3n y destinado a ofertar comida criolla, en tanto en la propia zona de Los Jardines su bar estar\u00e1 m\u00e1s cerca del litoral costero y en un futuro prev\u00e9n unir las dos piscinas, en aras de convertirlas en un complejo con m\u00e1s servicios.<\/p>\n<\/blockquote>\n<p>El rescate de pisos con sus losas originales, cer\u00e1micas y de los relojes ubicados en el foyer desde casi cuando se fund\u00f3 el Nacional el 30 de diciembre de 1930, ha estado entre las acciones constructivas, y como parte de las medidas anti COVID en marcha, a la entrada de cada lugar se han colocado anuncios con los protocolos establecidos, se han dise\u00f1ado <strong>los salones a un 50 por ciento de su capacidad y el servicio de Mesa Bufet lo asume un Chef de cocina y no el cliente.<\/strong><\/p>\n<p>Para acceder al inside del resort a todo visitante se le toma la temperatura adem\u00e1s de desinfectarse las manos con gel y cumplir los pasos pod\u00e1licos; en las habitaciones las camareras extreman la limpieza y desinfecci\u00f3n del mobiliario, tel\u00e9fono, puertas, de todo, y as\u00ed se hace con los pasamanos de las escaleras, acota la especialista.<\/p>\n<p>Aunque tenemos la certificaci\u00f3n de resort m\u00e1s higi\u00e9nico y seguro, en los pr\u00f3ximos d\u00edas seremos reevaluados por los ministerios de Salud P\u00fablica y de Turismo, a la par que sostenemos encuentros con turoperadores y agentes de viajes para mostrarles cu\u00e1nto se ha hecho y c\u00f3mo nos hemos preparado con vistas a la reapertura del turismo internacional.<\/p>\n<div id=\"attachment_1633617\" style=\"width: 580px\" class=\"wp-caption aligncenter size-large wp-image-1633617\"><img decoding=\"async\" class=\"size-large wp-image-1633617\" src=\"http:\/\/media.cubadebate.cu\/wp-content\/uploads\/2021\/10\/hotel-nacional-580x387.jpg\" alt=\"\" width=\"580\" height=\"387\" srcset=\"http:\/\/media.cubadebate.cu\/wp-content\/uploads\/2021\/10\/hotel-nacional-580x387.jpg 580w,http:\/\/media.cubadebate.cu\/wp-content\/uploads\/2021\/10\/hotel-nacional-768x512.jpg 768w,http:\/\/media.cubadebate.cu\/wp-content\/uploads\/2021\/10\/hotel-nacional.jpg 792w\" sizes=\"(max-width: 580px) 100vw, 580px\"\/><\/p>\n<p class=\"wp-caption-text\">El Resort Nacional de Cuba, perteneciente a la cadena hotelera cubana Gran Caribe, se suma a la reapertura tur\u00edstica en la isla. Foto: Omara Garc\u00eda Mederos\/ACN.<\/p>\n<\/div>\n<h3>En video, Resort Nacional de Cuba<\/h3>\n<div class=\"jeg_video_container jeg_video_content\"><iframe loading=\"lazy\" title=\"Hotel Nacional de Cuba preparado para recibir turismo internacional\" width=\"500\" height=\"281\" src=\"https:\/\/www.youtube.com\/embed\/9oWOSYupfEc?feature=oembed\" frameborder=\"0\" allow=\"accelerometer; autoplay; clipboard-write; encrypted-media; gyroscope; picture-in-picture; web-share\" referrerpolicy=\"strict-origin-when-cross-origin\" allowfullscreen><\/iframe><\/div>\n<p><strong>(Tomado de ACN)<\/strong><\/p>\n<h3>Vea adem\u00e1s:<\/h3>\n<blockquote class=\"wp-embedded-content\" data-secret=\"KmTQA70FWF\">\n<p><a rel=\"nofollow noopener\" target=\"_blank\" href=\"http:\/\/www.cubadebate.cu\/noticias\/2021\/09\/09\/como-se-prepara-el-turismo-para-la-reapertura-de-fronteras\/\">\u00bfC\u00f3mo se prepara el turismo para la reapertura de fronteras?<\/a><\/p>\n<\/blockquote>\n<p><iframe loading=\"lazy\" class=\"wp-embedded-content\" sandbox=\"allow-scripts\" security=\"restricted\" style=\"position: absolute; clip: rect(1px, 1px, 1px, 1px);\" src=\"http:\/\/www.cubadebate.cu\/noticias\/2021\/09\/09\/como-se-prepara-el-turismo-para-la-reapertura-de-fronteras\/embed\/#?secret=KmTQA70FWF\" data-secret=\"KmTQA70FWF\" width=\"580\" height=\"327\" title=\"\u00ab\u00bfC\u00f3mo se prepara el turismo para la reapertura de fronteras?\u00bb \u2014 Cubadebate\" frameborder=\"0\" marginwidth=\"0\" marginheight=\"0\" scrolling=\"no\"><\/iframe><\/p>\n<blockquote class=\"wp-embedded-content\" data-secret=\"aFehX341HF\">\n<p><a rel=\"nofollow noopener\" target=\"_blank\" href=\"http:\/\/www.cubadebate.cu\/especiales\/2020\/02\/20\/hotel-nacional-100-cubano-fotos-y-video\/\">Hotel Nacional: Aut\u00e9nticamente cubano (+ Fotos y Video)<\/a><\/p>\n<\/blockquote>\n<p><iframe loading=\"lazy\" class=\"wp-embedded-content\" sandbox=\"allow-scripts\" security=\"restricted\" style=\"position: absolute; clip: rect(1px, 1px, 1px, 1px);\" src=\"http:\/\/www.cubadebate.cu\/especiales\/2020\/02\/20\/hotel-nacional-100-cubano-fotos-y-video\/embed\/#?secret=aFehX341HF\" data-secret=\"aFehX341HF\" width=\"580\" height=\"327\" title=\"\u00abHotel Nacional: Aut\u00e9nticamente cubano (+ Fotos y Video)\u00bb \u2014 Cubadebate\" frameborder=\"0\" marginwidth=\"0\" marginheight=\"0\" scrolling=\"no\"><\/iframe><\/p>\n<\/p><\/div>\n\n<p><em> &#8221; Fuentes www.cubadebate.cu &#8221; <\/em><\/p>\n","protected":false},"excerpt":{"rendered":"<p>Se funden historia y belleza arquitect\u00f3nica en el Resort Nacional de Cuba. Foto: Abel Padr\u00f3n Padilla\/Cubadebate. Tras m\u00e1s de un a\u00f1o y medio sin recibir hu\u00e9spedes de otras latitudes a consecuencia de la COVID-19, a cuyo enfrentamiento algunos de sus trabajadores se sumaron en centros de aislamiento, el Resort Nacional de Cuba se alista para [&hellip;]<\/p>\n","protected":false},"author":4,"featured_media":206849,"comment_status":"open","ping_status":"closed","sticky":false,"template":"","format":"standard","meta":{"om_disable_all_campaigns":false,"jnews-multi-image_gallery":[],"jnews_single_post":[],"jnews_primary_category":[],"jnews_social_meta":[],"footnotes":""},"categories":[40],"tags":[715,705],"class_list":["post-206848","post","type-post","status-publish","format-standard","has-post-thumbnail","hentry","category-industria","tag-economia","tag-noticias"],"_links":{"self":[{"href":"https:\/\/dimensionturistica.com\/es\/wp-json\/wp\/v2\/posts\/206848","targetHints":{"allow":["GET"]}}],"collection":[{"href":"https:\/\/dimensionturistica.com\/es\/wp-json\/wp\/v2\/posts"}],"about":[{"href":"https:\/\/dimensionturistica.com\/es\/wp-json\/wp\/v2\/types\/post"}],"author":[{"embeddable":true,"href":"https:\/\/dimensionturistica.com\/es\/wp-json\/wp\/v2\/users\/4"}],"replies":[{"embeddable":true,"href":"https:\/\/dimensionturistica.com\/es\/wp-json\/wp\/v2\/comments?post=206848"}],"version-history":[{"count":0,"href":"https:\/\/dimensionturistica.com\/es\/wp-json\/wp\/v2\/posts\/206848\/revisions"}],"wp:featuredmedia":[{"embeddable":true,"href":"https:\/\/dimensionturistica.com\/es\/wp-json\/wp\/v2\/media\/206849"}],"wp:attachment":[{"href":"https:\/\/dimensionturistica.com\/es\/wp-json\/wp\/v2\/media?parent=206848"}],"wp:term":[{"taxonomy":"category","embeddable":true,"href":"https:\/\/dimensionturistica.com\/es\/wp-json\/wp\/v2\/categories?post=206848"},{"taxonomy":"post_tag","embeddable":true,"href":"https:\/\/dimensionturistica.com\/es\/wp-json\/wp\/v2\/tags?post=206848"}],"curies":[{"name":"wp","href":"https:\/\/api.w.org\/{rel}","templated":true}]}}