{"id":206023,"date":"2021-10-11T22:16:54","date_gmt":"2021-10-11T22:16:54","guid":{"rendered":"https:\/\/dimensionturistica.com\/es\/?p=206023"},"modified":"2021-10-11T22:16:55","modified_gmt":"2021-10-11T22:16:55","slug":"el-turismo-internacional-se-recupera-gracias-a-las-vacunas-y-la-apertura-de-fronteras","status":"publish","type":"post","link":"https:\/\/dimensionturistica.com\/es\/el-turismo-internacional-se-recupera-gracias-a-las-vacunas-y-la-apertura-de-fronteras\/","title":{"rendered":"El turismo internacional se recupera gracias a las vacunas y la apertura de fronteras"},"content":{"rendered":"<p> <br \/>\n<\/p>\n<div id=\"news-body\">\n<p>El <strong>turismo internacional dio se\u00f1ales de recuperaci\u00f3n<\/strong> en junio y julio de 2021, cuando algunos destinos suavizaron las restricciones de viaje y la vacunaci\u00f3n avanz\u00f3 en muchos lugares del mundo, seg\u00fan datos de la \u00faltima edici\u00f3n del Bar\u00f3metro del Turismo Mundial de la OMT.<\/p>\n<p>De acuerdo al estudio de la Organizaci\u00f3n Mundial del Turismo, organismo especializado de las Naciones Unidas, se estima que en 2021 cruzaron las fronteras internacionales <strong>54 millones de turistas<\/strong>, lo que representa un 67% menos que en el mismo mes de 2019, pero son los mejores resultados desde abril de 2020.<\/p>\n<p>Cabe comparar esta cifra con los 34 millones de llegadas internacionales registrados, seg\u00fan estimaciones, en julio de 2020, aunque sigue siendo muy inferior a los <strong>164 millones registrados en 2019.<\/strong><\/p>\n<p><strong><img decoding=\"async\" style=\"max-width: 100%; width: 100%;\" alt=\"0410_turismo\" src=\"https:\/\/fotos.perfil.com\/\/2021\/10\/04\/900\/0\/0410turismo-1239485.jpg\"\/><\/strong><\/p>\n<p>La mayor parte de los destinos que comunicaron <strong>sus datos para junio y julio de 2021<\/strong> registraron un repunte moderado de las llegadas internacionales en comparaci\u00f3n con 2020.<\/p>\n<p>No obstante, <strong>2021 sigue siendo un a\u00f1o muy dif\u00edcil<\/strong> para el turismo mundial, con un descenso de las llegadas internacionales del 80% en enero-julio en comparaci\u00f3n con 2019.<\/p>\n<p>La regi\u00f3n de Asia y el Pac\u00edfico continu\u00f3 con los peores resultados en el periodo de enero a julio, con una ca\u00edda del 95% en las llegadas internacionales en comparaci\u00f3n con 2019. Oriente Medio (-82%) registr\u00f3 la segunda mayor ca\u00edda, seguida de Europa y \u00c1frica (ambas -77%), mientras que la regi\u00f3n de las Am\u00e9ricas (-68%) experiment\u00f3 un descenso comparativamente menor, siendo <strong>el Caribe la subregi\u00f3n con mejores resultados del mundo<\/strong>.<\/p>\n<p>\u00a0<\/p>\n<p><em>Fuente: T\u00e9lam<\/em><\/p>\n<div class=\"col-12\">\n<h3>Galer\u00eda de im\u00e1genes<\/h3>\n<div id=\"gallery-thumbnails\" class=\"bottom-gallery\">\n<a rel=\"nofollow noopener\" target=\"_blank\" href=\"https:\/\/fotos.perfil.com\/2021\/10\/04\/0410turismo-1239484.jpg\" title=\"La mayor parte de los destinos que comunicaron sus datos para junio y julio de 2021 registraron un repunte moderado de las llegadas internacionales en comparaci\u00f3n con 2020.\"><br \/>\n<img decoding=\"async\" src=\"https:\/\/fotos.perfil.com\/2021\/10\/04\/cropped\/250\/250\/center\/0410turismo-1239484.jpg\" alt=\"La mayor parte de los destinos que comunicaron sus datos para junio y julio de 2021 registraron un repunte moderado de las llegadas internacionales en comparaci\u00f3n con 2020.\"\/><br \/>\n<\/a><br \/>\n<a rel=\"nofollow noopener\" target=\"_blank\" href=\"https:\/\/fotos.perfil.com\/2021\/10\/04\/0410turismo-1239485.jpg\" title=\"No obstante, 2021 sigue siendo un a\u00f1o muy dif\u00edcil para el turismo mundial.\"><br \/>\n<img decoding=\"async\" src=\"https:\/\/fotos.perfil.com\/2021\/10\/04\/cropped\/250\/250\/center\/0410turismo-1239485.jpg\" alt=\"No obstante, 2021 sigue siendo un a\u00f1o muy dif\u00edcil para el turismo mundial.\"\/><br \/>\n<\/a>\n<\/div>\n<\/div>\n<p><noscript><a rel=\"nofollow noopener\" target=\"_blank\" href=\"https:\/\/ads.us.e-planning.net\/ei\/3\/259a6\/articulo\/teads?it=i&amp;rnd=$RANDOM\"><img decoding=\"async\" width=\"1\" height=\"1\" alt=\"e-planning ad\" src=\"https:\/\/ads.us.e-planning.net\/eb\/3\/259a6\/articulo\/teads?o=i&amp;rnd=$RANDOM\" border=\"0\"\/><\/a><\/noscript><\/p>\n<\/div>\n<p><script>\n    (function(d, s, id) {\n\t\t\t\tvar js, fjs = d.getElementsByTagName(s)[0];\n\t\t\t\tif (d.getElementById(id)) return;\n\t\t\t\tjs = d.createElement(s); js.id = id;\n\t\t\t\tjs.src=\"https:\/\/connect.facebook.net\/es_LA\/sdk.js#xfbml=1&version=V7.0&autoLogAppEvents=1\";\n\t\t\t\tfjs.parentNode.insertBefore(js, fjs);\n\t\t\t}(document, 'script', 'facebook-jssdk'));\n<\/script><br \/>\n<br \/><\/p>\n<p><em> &#8221; Fuentes weekend.perfil.com &#8221; <\/em><\/p>\n","protected":false},"excerpt":{"rendered":"<p>El turismo internacional dio se\u00f1ales de recuperaci\u00f3n en junio y julio de 2021, cuando algunos destinos suavizaron las restricciones de viaje y la vacunaci\u00f3n avanz\u00f3 en muchos lugares del mundo, seg\u00fan datos de la \u00faltima edici\u00f3n del Bar\u00f3metro del Turismo Mundial de la OMT. De acuerdo al estudio de la Organizaci\u00f3n Mundial del Turismo, organismo [&hellip;]<\/p>\n","protected":false},"author":4,"featured_media":206024,"comment_status":"open","ping_status":"closed","sticky":false,"template":"","format":"standard","meta":{"om_disable_all_campaigns":false,"jnews-multi-image_gallery":[],"jnews_single_post":[],"jnews_primary_category":[],"jnews_social_meta":[],"footnotes":""},"categories":[39],"tags":[55,544,545],"class_list":["post-206023","post","type-post","status-publish","format-standard","has-post-thumbnail","hentry","category-viajes","tag-coronavirus","tag-turismo","tag-viajes"],"_links":{"self":[{"href":"https:\/\/dimensionturistica.com\/es\/wp-json\/wp\/v2\/posts\/206023","targetHints":{"allow":["GET"]}}],"collection":[{"href":"https:\/\/dimensionturistica.com\/es\/wp-json\/wp\/v2\/posts"}],"about":[{"href":"https:\/\/dimensionturistica.com\/es\/wp-json\/wp\/v2\/types\/post"}],"author":[{"embeddable":true,"href":"https:\/\/dimensionturistica.com\/es\/wp-json\/wp\/v2\/users\/4"}],"replies":[{"embeddable":true,"href":"https:\/\/dimensionturistica.com\/es\/wp-json\/wp\/v2\/comments?post=206023"}],"version-history":[{"count":0,"href":"https:\/\/dimensionturistica.com\/es\/wp-json\/wp\/v2\/posts\/206023\/revisions"}],"wp:featuredmedia":[{"embeddable":true,"href":"https:\/\/dimensionturistica.com\/es\/wp-json\/wp\/v2\/media\/206024"}],"wp:attachment":[{"href":"https:\/\/dimensionturistica.com\/es\/wp-json\/wp\/v2\/media?parent=206023"}],"wp:term":[{"taxonomy":"category","embeddable":true,"href":"https:\/\/dimensionturistica.com\/es\/wp-json\/wp\/v2\/categories?post=206023"},{"taxonomy":"post_tag","embeddable":true,"href":"https:\/\/dimensionturistica.com\/es\/wp-json\/wp\/v2\/tags?post=206023"}],"curies":[{"name":"wp","href":"https:\/\/api.w.org\/{rel}","templated":true}]}}