{"id":205385,"date":"2021-10-11T02:02:50","date_gmt":"2021-10-11T02:02:50","guid":{"rendered":"https:\/\/dimensionturistica.com\/es\/?p=205385"},"modified":"2021-10-11T02:02:50","modified_gmt":"2021-10-11T02:02:50","slug":"los-responsables-de-los-foods-trucks-destacaron-el-apoyo-de-la-municipalidad-nuevo-diario-web","status":"publish","type":"post","link":"https:\/\/dimensionturistica.com\/es\/los-responsables-de-los-foods-trucks-destacaron-el-apoyo-de-la-municipalidad-nuevo-diario-web\/","title":{"rendered":"Los responsables de los Foods Trucks destacaron el apoyo de la Municipalidad | Nuevo Diario Web"},"content":{"rendered":"<p> <br \/>\n<\/p>\n<div>\n<p>El espacio que habilit\u00f3 la Municipalidad de la Capital para la realizaci\u00f3n de una feria de Meals Vans super\u00f3 las expectativas durante el fin de semana largo y recibi\u00f3 a much de personas que pudieron disfrutar de actividades al aire libre, en el estacionamiento del Estadio Madre de Ciudades, con el marco de la costanera Diego Maradona.<\/p>\n<p>\u201cNo esper\u00e1bamos tanta afluencia de gente\u201d, indic\u00f3 Hilton El\u00edas Garbi, de la C\u00e1mara de la Ruta de los Meals Vans, al realizar una evaluaci\u00f3n de lo acontecido durante el encuentro que finalizar\u00e1 este lunes.<\/p>\n<p>El comerciante dijo que el sector gastron\u00f3mico native que representa pudo ofrecer sus productos \u201cen un patio de comidas a cielo abierto y con variedad de alimentos elaborados con calidad\u201d.<\/p>\n<p>\u201cLo m\u00e1s importante que tuvimos fue el apoyo de la Municipalidad y de la intendente, Ing. Norma Fuentes, y de la provincia, que fue coronado con la presencia del gobernador, Gerardo Zamora, y de la senadora, Claudia Ledesma Abdala de Zamora. Esperamos haber estado la altura de las circunstancias en esta oportunidad ante un evento tan masivo\u201d, expres\u00f3 Garbi.<\/p>\n<p>Sostuvo que a lo largo del fin de semana hubo presencia de turistas de C\u00f3rdoba, Buenos Aires, Salta y de otras provincias del norte, \u201cquienes remarcaron que este tipo de organizaci\u00f3n de encuentros de gastronom\u00eda y m\u00fasica en vivo no son habituales en sus provincias\u201d.<\/p>\n<p>Por su parte, el subsecretario de Cultura y Turismo de la Capital, Arq. Rodolfo Legname, subray\u00f3: \u201cEn el marco de esta nueva normalidad que podemos vivir, gracias a que estuvimos siendo cuidados durante la pandemia y en virtud a la gesti\u00f3n del gobernador, Dr. Gerardo Zamora, por la vacunaci\u00f3n que ya alcanz\u00f3 a un gran parte de la poblaci\u00f3n, y en la ciudad con el apoyo de la intendente, Ing. Norma Fuentes, fue posible abrir esta experiencia de los Food Trucks, de volver con una propuesta que es atractiva, la que nos permite reencontrarnos a compartir en el espacio abierto y al aire libre\u201d.<\/p>\n<p>El funcionario expuso que tambi\u00e9n con este evento se dio la posibilidad de \u201cvolver a activar un rubro comercial y poner a la ciudad como un destino y generar ofertas no solo para los santiague\u00f1os sino tambi\u00e9n para los turistas, tenemos que pensar que estas cosas que hacen a mejorar nuestra calidad de vida son tambi\u00e9n cosas que podemos ofrecer a los visitantes. Las \u00faltimas tendencias del turismo apuntan a trabajar con el tema de experiencia, lo que el turista busca es tener experiencias enriquecedoras\u201d.\u00a0<\/p>\n<p>\u201cAdem\u00e1s \u2013dijo- nos permiti\u00f3 mostrar los circuitos tur\u00edsticos de la ciudad y el proyecto en el cual se avanza para transformar nuestra Costanera en un lugar memorable\u201d.<\/p>\n<\/div>\n<p><script type=\"e89d60545d0d6db6ac7334ca-text\/javascript\">\n         function toogleSeachBar() {\n            if ($('#searchBar').is(\":visible\")) {\n               hideSearchBar();\n            } else {\n               showSearchBar();\n            }\n         }\n         function showSearchBar() {\n            $('#searchBar').show();\n            $('#menu, .header-scrolled-container, .header-scrolled-container2').hide();\n         }\n         function hideSearchBar() {\n            $('#searchBar').hide();\n            $('#menu, .header-scrolled-container, .header-scrolled-container2').show();\n         }\n            $(document).ready(function () {\n               setTimeout(() => {\n                  window.fbAsyncInit = function () {\n                     FB.init({\n                        appId: '335888321582023',\n                        autoLogAppEvents: true,\n                        xfbml: true,\n                        version: 'v8.0'\n                     });\n                  };\n                  (function (d, s, id) {\n                     var js, fjs = d.getElementsByTagName(s)[0];\n                     if (d.getElementById(id)) { return; }\n                     js = d.createElement(s); js.id = id;\n                     js.src = \"https:\/\/connect.facebook.net\/es_LA\/sdk.js\";\n                     fjs.parentNode.insertBefore(js, fjs);\n                  }(document, 'script', 'facebook-jssdk'));\n               }, 3000);\n            });\n      <\/script><br \/>\n<br \/><\/p>\n<p><em> \u2018 The preceding article may include information circulated by third parties \u2019 <\/em><\/p>\n<p><em> \u2018 Some details of this article were extracted from the following source www.nuevodiarioweb.com.ar \u2019 <\/em><\/p>\n","protected":false},"excerpt":{"rendered":"<p>El espacio que habilit\u00f3 la Municipalidad de la Capital para la realizaci\u00f3n de una feria de Meals Vans super\u00f3 las expectativas durante el fin de semana largo y recibi\u00f3 a much de personas que pudieron disfrutar de actividades al aire libre, en el estacionamiento del Estadio Madre de Ciudades, con el marco de la costanera [&hellip;]<\/p>\n","protected":false},"author":2,"featured_media":205386,"comment_status":"open","ping_status":"closed","sticky":false,"template":"","format":"standard","meta":{"om_disable_all_campaigns":false,"jnews-multi-image_gallery":[],"jnews_single_post":[],"jnews_primary_category":[],"jnews_social_meta":[],"footnotes":""},"categories":[43],"tags":[],"class_list":["post-205385","post","type-post","status-publish","format-standard","has-post-thumbnail","hentry","category-gourmet"],"_links":{"self":[{"href":"https:\/\/dimensionturistica.com\/es\/wp-json\/wp\/v2\/posts\/205385","targetHints":{"allow":["GET"]}}],"collection":[{"href":"https:\/\/dimensionturistica.com\/es\/wp-json\/wp\/v2\/posts"}],"about":[{"href":"https:\/\/dimensionturistica.com\/es\/wp-json\/wp\/v2\/types\/post"}],"author":[{"embeddable":true,"href":"https:\/\/dimensionturistica.com\/es\/wp-json\/wp\/v2\/users\/2"}],"replies":[{"embeddable":true,"href":"https:\/\/dimensionturistica.com\/es\/wp-json\/wp\/v2\/comments?post=205385"}],"version-history":[{"count":0,"href":"https:\/\/dimensionturistica.com\/es\/wp-json\/wp\/v2\/posts\/205385\/revisions"}],"wp:featuredmedia":[{"embeddable":true,"href":"https:\/\/dimensionturistica.com\/es\/wp-json\/wp\/v2\/media\/205386"}],"wp:attachment":[{"href":"https:\/\/dimensionturistica.com\/es\/wp-json\/wp\/v2\/media?parent=205385"}],"wp:term":[{"taxonomy":"category","embeddable":true,"href":"https:\/\/dimensionturistica.com\/es\/wp-json\/wp\/v2\/categories?post=205385"},{"taxonomy":"post_tag","embeddable":true,"href":"https:\/\/dimensionturistica.com\/es\/wp-json\/wp\/v2\/tags?post=205385"}],"curies":[{"name":"wp","href":"https:\/\/api.w.org\/{rel}","templated":true}]}}