{"id":205296,"date":"2021-10-10T20:38:15","date_gmt":"2021-10-10T20:38:15","guid":{"rendered":"https:\/\/dimensionturistica.com\/es\/?p=205296"},"modified":"2021-10-10T20:38:15","modified_gmt":"2021-10-10T20:38:15","slug":"fichas-con-los-datos-de-el-celler-de-can-roca-etxebarri-disfrutar-mugaritz-elkano-diverxo-azurmendi-nerua-quique-dacosta-restaurante-aponiente-arzak","status":"publish","type":"post","link":"https:\/\/dimensionturistica.com\/es\/fichas-con-los-datos-de-el-celler-de-can-roca-etxebarri-disfrutar-mugaritz-elkano-diverxo-azurmendi-nerua-quique-dacosta-restaurante-aponiente-arzak\/","title":{"rendered":"fichas con los datos de El Celler de Can Roca, Etxebarri, Disfrutar, Mugaritz, Elkano, DiverXO, Azurmendi,\u00a0Nerua, Quique Dacosta Restaurante, Aponiente, Arzak"},"content":{"rendered":"<p> <br \/>\n<\/p>\n<div>\n<h2 itemprop=\"name\" class=\"entry_title\"><span itemprop=\"dateCreated\" class=\"date entry_date updated\">10 Oct 2021<meta itemprop=\"interactionCount\" content=\"UserComments: 0\"\/><\/span> Cu\u00e1nto cuestan los 10+1 restaurantes espa\u00f1oles en \u2018The World\u2019s 50 Finest Eating places\u2019 2021<\/h2>\n<div class=\"post_info\">\n\t\t\t\t\t\t\t<span class=\"post_author\"><br \/>\n\t\t\t\t\t\t\t\tPublicado por \t\t\t\t\t\t\t\t<a target=\"_blank\" itemprop=\"author\" class=\"post_author_link\" href=\"https:\/\/www.gastroeconomy.com\/author\/marta-fernandez-guadano\/\" rel=\"noopener\">Marta Fern\u00e1ndez Guada\u00f1o<\/a><br \/>\n\t\t\t\t\t\t\t<\/span><br \/>\n\t\t\t\t\t\t\t<span class=\"time\">a las 22:17h<\/span><br \/>\n\t\t\t\t\t\t\ten <a target=\"_blank\" href=\"https:\/\/www.gastroeconomy.com\/gastronomia\/tips-con-nombre-y-apellido\/andoni-luis-aduriz\/\" rel=\"category tag noopener\">Andoni Luis ADURIZ<\/a>, <a target=\"_blank\" href=\"https:\/\/www.gastroeconomy.com\/gastronomia\/tips-con-nombre-y-apellido\/angel-leon\/\" rel=\"category tag noopener\">\u00c1ngel LE\u00d3N<\/a>, <a target=\"_blank\" href=\"https:\/\/www.gastroeconomy.com\/gastronomia\/tips-con-nombre-y-apellido\/david-munoz\/\" rel=\"category tag noopener\">David MU\u00d1OZ<\/a>, <a target=\"_blank\" href=\"https:\/\/www.gastroeconomy.com\/gastronomia\/tips-con-nombre-y-apellido\/elena-juan-mari-arzak\/\" rel=\"category tag noopener\">Elena y Juan Mari ARZAK<\/a>, <a target=\"_blank\" href=\"https:\/\/www.gastroeconomy.com\/gastronomia\/tips-con-nombre-y-apellido\/eneko-atxa\/\" rel=\"category tag noopener\">Eneko ATXA<\/a>, <a target=\"_blank\" href=\"https:\/\/www.gastroeconomy.com\/gastronomia\/tips-con-nombre-y-apellido\/joan-josep-jordi-roca\/\" rel=\"category tag noopener\">Joan, Josep y Jordi ROCA<\/a>, <a target=\"_blank\" href=\"https:\/\/www.gastroeconomy.com\/gastronomia\/tips-con-nombre-y-apellido\/josean-alija\/\" rel=\"category tag noopener\">Josean ALIJA<\/a>, <a target=\"_blank\" href=\"https:\/\/www.gastroeconomy.com\/gastronomia\/tips-con-nombre-y-apellido\/martin-berasategui\/\" rel=\"category tag noopener\">Mart\u00edn BERASATEGUI<\/a>, <a target=\"_blank\" href=\"https:\/\/www.gastroeconomy.com\/gastronomia\/tips-con-nombre-y-apellido\/mateu-casanas-oriol-castro-y-eduard-xatruch\/\" rel=\"category tag noopener\">Mateu CASA\u00d1AS, Oriol CASTRO y Eduard XATRUCH<\/a>, <a target=\"_blank\" href=\"https:\/\/www.gastroeconomy.com\/gastronomia\/business\/\" rel=\"category tag noopener\">Negocios<\/a>, <a target=\"_blank\" href=\"https:\/\/www.gastroeconomy.com\/gastronomia\/tips-con-nombre-y-apellido\/quique-dacosta\/\" rel=\"category tag noopener\">Quique DACOSTA<\/a>, <a target=\"_blank\" href=\"https:\/\/www.gastroeconomy.com\/gastronomia\/business\/reportajes\/\" rel=\"category tag noopener\">Reportajes<\/a>, <a target=\"_blank\" href=\"https:\/\/www.gastroeconomy.com\/gastronomia\/tips-con-nombre-y-apellido\/\" rel=\"category tag noopener\">Tips con nombre y apellido<\/a><br \/>\n\t\t\t\t\t\t\t\t\t\t\t\t\t\t\t<span class=\"dots\"><i class=\"fa fa-square\"\/><\/span><br \/>\n\t\t\t\t\t\t\t                                        <span class=\"dots\"><i class=\"fa fa-square\"\/><\/span><\/p><\/div>\n<p><b>Espa\u00f1a suma 10\u00a0restaurantes en el Prime 100\u00a0mundial de la\u00a0edici\u00f3n 2021 de la lista \u2018The World\u2019s 50 Finest Eating places\u2019: Etxebarri (3), Disfrutar (5), Mugaritz (14), Elkano (16), DiverXO (20), Azurmendi (49),\u00a0Nerua (53), Quique Dacosta Restaurante (74), Aponiente (79) y Arzak (94). A estos 10 espacios gastron\u00f3micos, hay que\u00a0a\u00f1adir El Celler de Can Roca, con un\u00a0puesto vitalicio en \u2018Best of the Best\u2019, corridor of fame con los ex l\u00edderes mundiales, donde tambi\u00e9n se\u00a0incluye elBulli, que desde julio de 2011 ya no funciona como restaurante.\u00a0<\/b><b>Estas son las fichas de estos 11\u00a0restaurantes:\u00a0cu\u00e1nto cuestan los 11 restaurantes espa\u00f1oles en el r\u00e1nking 50 Finest 2021,\u00a0donde est\u00e1n\u00a0ubicados, qui\u00e9nes son sus due\u00f1os y en qu\u00e9 puesto del listado\u00a0estaban posicionado en a\u00f1os\u00a0anteriores<\/b><b>.<\/b><\/p>\n<p><img decoding=\"async\" class=\"aligncenter size-large wp-image-59256\" src=\"https:\/\/www.gastroeconomy.com\/wp-content\/uploads\/2021\/10\/Gastroeconomy_RestaurantesEspa\u00f1oles_50Best21-1024x1024.jpg\" alt=\"\" width=\"1024\" height=\"1024\" srcset=\"https:\/\/www.gastroeconomy.com\/wp-content\/uploads\/2021\/10\/Gastroeconomy_RestaurantesEspa\u00f1oles_50Best21-1024x1024.jpg 1024w, https:\/\/www.gastroeconomy.com\/wp-content\/uploads\/2021\/10\/Gastroeconomy_RestaurantesEspa\u00f1oles_50Best21-150x150.jpg 150w, https:\/\/www.gastroeconomy.com\/wp-content\/uploads\/2021\/10\/Gastroeconomy_RestaurantesEspa\u00f1oles_50Best21-300x300.jpg 300w, https:\/\/www.gastroeconomy.com\/wp-content\/uploads\/2021\/10\/Gastroeconomy_RestaurantesEspa\u00f1oles_50Best21-768x768.jpg 768w, https:\/\/www.gastroeconomy.com\/wp-content\/uploads\/2021\/10\/Gastroeconomy_RestaurantesEspa\u00f1oles_50Best21-570x570.jpg 570w, https:\/\/www.gastroeconomy.com\/wp-content\/uploads\/2021\/10\/Gastroeconomy_RestaurantesEspa\u00f1oles_50Best21-500x500.jpg 500w, https:\/\/www.gastroeconomy.com\/wp-content\/uploads\/2021\/10\/Gastroeconomy_RestaurantesEspa\u00f1oles_50Best21-1000x1000.jpg 1000w, https:\/\/www.gastroeconomy.com\/wp-content\/uploads\/2021\/10\/Gastroeconomy_RestaurantesEspa\u00f1oles_50Best21-700x700.jpg 700w\" sizes=\"(max-width: 1024px) 100vw, 1024px\"\/><\/p>\n<div class=\"su-box su-box-style-default\" style=\"border-color:#007878;border-radius:3px;-moz-border-radius:3px;-webkit-border-radius:3px;\">\n<p><b>EL CELLER DE CAN ROCA<\/b><\/p>\n<div class=\"su-box-content su-clearfix\">\n<p><img decoding=\"async\" class=\"aligncenter size-full wp-image-59253\" src=\"https:\/\/www.gastroeconomy.com\/wp-content\/uploads\/2021\/10\/Gastroeconomy_ElCellerdeCanRoca_bbva.jpg\" alt=\"\" width=\"1000\" height=\"622\" srcset=\"https:\/\/www.gastroeconomy.com\/wp-content\/uploads\/2021\/10\/Gastroeconomy_ElCellerdeCanRoca_bbva.jpg 1000w, https:\/\/www.gastroeconomy.com\/wp-content\/uploads\/2021\/10\/Gastroeconomy_ElCellerdeCanRoca_bbva-300x187.jpg 300w, https:\/\/www.gastroeconomy.com\/wp-content\/uploads\/2021\/10\/Gastroeconomy_ElCellerdeCanRoca_bbva-768x478.jpg 768w, https:\/\/www.gastroeconomy.com\/wp-content\/uploads\/2021\/10\/Gastroeconomy_ElCellerdeCanRoca_bbva-700x435.jpg 700w\" sizes=\"(max-width: 1000px) 100vw, 1000px\"\/><\/p>\n<p><b>Puesto en 2021 y\u00a0<\/b><b>2019:<\/b>\u2018Best of the Best\u2019<\/p>\n<p><b>Puesto en 2018: <\/b>2<\/p>\n<p><b>Puesto en 2017:\u00a0<\/b>3<\/p>\n<p><b>Puesto en 2016:\u00a0<\/b>2<\/p>\n<p><b>Puesto en 2015 y 2013: <\/b>1<\/p>\n<p><b>Cocineros \/ propietarios:<\/b> Joan, Josep y Jordi Roca<\/p>\n<p><b>D\u00f3nde.<\/b>\u00a0Can Sunyer, 48. Gerona. Tel. 972 22 21 57<\/p>\n<p><b>Internet:\u00a0<\/b>https:\/\/cellercanroca.com\/house\/<\/p>\n<p><b>Precio de los men\u00fas degustaci\u00f3n: <\/b>190 y 225 euros<\/p>\n<\/div>\n<\/div>\n<div class=\"su-box su-box-style-default\" style=\"border-color:#007878;border-radius:3px;-moz-border-radius:3px;-webkit-border-radius:3px;\">\n<p><b>ETXEBARRI<\/b><\/p>\n<div class=\"su-box-content su-clearfix\">\n<p><img decoding=\"async\" class=\"aligncenter size-large wp-image-57495\" src=\"https:\/\/www.gastroeconomy.com\/wp-content\/uploads\/2021\/03\/Gastroeconomy_Etxebarri2021_31-1024x1024.jpg\" alt=\"\" width=\"1024\" height=\"1024\" srcset=\"https:\/\/www.gastroeconomy.com\/wp-content\/uploads\/2021\/03\/Gastroeconomy_Etxebarri2021_31-1024x1024.jpg 1024w, https:\/\/www.gastroeconomy.com\/wp-content\/uploads\/2021\/03\/Gastroeconomy_Etxebarri2021_31-150x150.jpg 150w, https:\/\/www.gastroeconomy.com\/wp-content\/uploads\/2021\/03\/Gastroeconomy_Etxebarri2021_31-300x300.jpg 300w, https:\/\/www.gastroeconomy.com\/wp-content\/uploads\/2021\/03\/Gastroeconomy_Etxebarri2021_31-768x767.jpg 768w, https:\/\/www.gastroeconomy.com\/wp-content\/uploads\/2021\/03\/Gastroeconomy_Etxebarri2021_31-570x570.jpg 570w, https:\/\/www.gastroeconomy.com\/wp-content\/uploads\/2021\/03\/Gastroeconomy_Etxebarri2021_31-500x500.jpg 500w, https:\/\/www.gastroeconomy.com\/wp-content\/uploads\/2021\/03\/Gastroeconomy_Etxebarri2021_31-1000x1000.jpg 1000w, https:\/\/www.gastroeconomy.com\/wp-content\/uploads\/2021\/03\/Gastroeconomy_Etxebarri2021_31-700x700.jpg 700w, https:\/\/www.gastroeconomy.com\/wp-content\/uploads\/2021\/03\/Gastroeconomy_Etxebarri2021_31.jpg 1440w\" sizes=\"(max-width: 1024px) 100vw, 1024px\"\/><\/p>\n<p><b>Puesto en 2021: 3<\/b><\/p>\n<p><b>Puesto en 2019: <\/b>3<\/p>\n<p><b>Puesto en 2018: <\/b>10<\/p>\n<p><b>Puesto en 2017:<\/b><b> <\/b>6<\/p>\n<p><b>Puesto en 2016: <\/b>10<\/p>\n<p><b>Cocinero \/ propietario:<\/b> Bittor Arginzoniz<\/p>\n<p><b>D\u00f3nde.<\/b> Plaza de San Juan, 1. Atxondo (Vizcaya). Tel. 946 58 30 42<\/p>\n<p><b>Internet: <\/b><a target=\"_blank\" href=\"http:\/\/asadoretxebarri.com\/\" rel=\"noopener\">http:\/\/asadoretxebarri.com\/<\/a><\/p>\n<p><b>Precio: <\/b>de 140 a 200 euros (carta) y 209 euros (men\u00fa degustaci\u00f3n, sin bebidas)<\/p>\n<\/div>\n<\/div>\n<div class=\"su-box su-box-style-default\" style=\"border-color:#007878;border-radius:3px;-moz-border-radius:3px;-webkit-border-radius:3px;\">\n<p><b>DISFRUTAR<\/b><\/p>\n<div class=\"su-box-content su-clearfix\">\n<p><img decoding=\"async\" class=\"alignright size-full wp-image-36025\" src=\"https:\/\/www.gastroeconomy.com\/wp-content\/uploads\/2014\/12\/Gastroeconomy_Disfrutar.jpg\" alt=\"\" width=\"900\" height=\"600\" srcset=\"https:\/\/www.gastroeconomy.com\/wp-content\/uploads\/2014\/12\/Gastroeconomy_Disfrutar.jpg 900w, https:\/\/www.gastroeconomy.com\/wp-content\/uploads\/2014\/12\/Gastroeconomy_Disfrutar-300x200.jpg 300w, https:\/\/www.gastroeconomy.com\/wp-content\/uploads\/2014\/12\/Gastroeconomy_Disfrutar-82x55.jpg 82w\" sizes=\"(max-width: 900px) 100vw, 900px\"\/><\/p>\n<p><b>Puesto en 2021: 5<\/b><\/p>\n<p><b>Puesto en 2019: <\/b>9<\/p>\n<p><b>Puesto en 2018: <\/b>18<\/p>\n<p><b>Puesto en 2017:<\/b><b> <\/b>55<\/p>\n<p><b>Puesto en 2016: <\/b>No estaba en la lista<\/p>\n<p><b>Cocineros \/ propietarios:<\/b><b> <\/b>Oriol Castro, Eduard Xatruch y Mateu Casa\u00f1as<\/p>\n<p><b>D\u00f3nde. <\/b>Villarroel, 163. Barcelona. Tel. 93 348 68 96<\/p>\n<p><b>Internet: <\/b>es.disfrutarbarcelona.com<\/p>\n<p><b>Precio de los men\u00fas degustaci\u00f3n:\u00a0<\/b>165 y 210 euros (sin bebidas)<\/p>\n<\/div>\n<\/div>\n<div class=\"su-box su-box-style-default\" style=\"border-color:#007878;border-radius:3px;-moz-border-radius:3px;-webkit-border-radius:3px;\">\n<p><b>MUGARITZ<\/b><\/p>\n<div class=\"su-box-content su-clearfix\">\n<p><img decoding=\"async\" class=\"alignright size-full wp-image-50864\" src=\"https:\/\/www.gastroeconomy.com\/wp-content\/uploads\/2019\/03\/Gastroeconomy_Mugaritz2019_13.jpg\" alt=\"\" width=\"4032\" height=\"3024\" srcset=\"https:\/\/www.gastroeconomy.com\/wp-content\/uploads\/2019\/03\/Gastroeconomy_Mugaritz2019_13.jpg 4032w, https:\/\/www.gastroeconomy.com\/wp-content\/uploads\/2019\/03\/Gastroeconomy_Mugaritz2019_13-300x225.jpg 300w, https:\/\/www.gastroeconomy.com\/wp-content\/uploads\/2019\/03\/Gastroeconomy_Mugaritz2019_13-768x576.jpg 768w, https:\/\/www.gastroeconomy.com\/wp-content\/uploads\/2019\/03\/Gastroeconomy_Mugaritz2019_13-1024x768.jpg 1024w, https:\/\/www.gastroeconomy.com\/wp-content\/uploads\/2019\/03\/Gastroeconomy_Mugaritz2019_13-800x600.jpg 800w, https:\/\/www.gastroeconomy.com\/wp-content\/uploads\/2019\/03\/Gastroeconomy_Mugaritz2019_13-700x525.jpg 700w\" sizes=\"(max-width: 4032px) 100vw, 4032px\"\/><\/p>\n<p><b>Puesto en 2021: 14<\/b><\/p>\n<p><b>Puesto en 2019: <\/b>7<\/p>\n<p><b>Puesto en 2018: <\/b>9<\/p>\n<p><b>Puesto en 2017:<\/b><b> <\/b>9<\/p>\n<p><b>Puesto en 2016: <\/b>7<\/p>\n<p><b>Cocinero \/ socio: <\/b>Andoni Luis Aduriz (IXO Grupo)<\/p>\n<p><b>D\u00f3nde.<\/b> Otzazulueta baserria Aldea. Renter\u00eda (Guip\u00fazcoa). Tel. 943 522 455<\/p>\n<p><b>Internet: <\/b>http:\/\/www.mugaritz.com\/<\/p>\n<p><b>Precio del men\u00fa degustaci\u00f3n:\u00a0<\/b>242 euros (sin bebidas)<b\/><\/p>\n<\/div>\n<\/div>\n<div class=\"su-box su-box-style-default\" style=\"border-color:#007878;border-radius:3px;-moz-border-radius:3px;-webkit-border-radius:3px;\">\n<p><b>ELKANO<\/b><\/p>\n<div class=\"su-box-content su-clearfix\">\n<p><b><img decoding=\"async\" class=\"aligncenter size-large wp-image-54489\" src=\"https:\/\/www.gastroeconomy.com\/wp-content\/uploads\/2020\/04\/Gastroeconomy_Elkano1-1024x763.jpg\" alt=\"\" width=\"1024\" height=\"763\" srcset=\"https:\/\/www.gastroeconomy.com\/wp-content\/uploads\/2020\/04\/Gastroeconomy_Elkano1-1024x763.jpg 1024w, https:\/\/www.gastroeconomy.com\/wp-content\/uploads\/2020\/04\/Gastroeconomy_Elkano1-300x223.jpg 300w, https:\/\/www.gastroeconomy.com\/wp-content\/uploads\/2020\/04\/Gastroeconomy_Elkano1-768x572.jpg 768w, https:\/\/www.gastroeconomy.com\/wp-content\/uploads\/2020\/04\/Gastroeconomy_Elkano1-700x521.jpg 700w, https:\/\/www.gastroeconomy.com\/wp-content\/uploads\/2020\/04\/Gastroeconomy_Elkano1.jpg 1242w\" sizes=\"(max-width: 1024px) 100vw, 1024px\"\/><\/b><\/p>\n<p><b>Puesto en 2021: 16<\/b><\/p>\n<p><b>Puesto en 2019: <\/b>30<\/p>\n<p><b>Puesto en 2018: 77<\/b><\/p>\n<p><b>Propietario \/ Cocinero:<\/b><b> <\/b>Aitor Arregui \/ Pablo Vicari<\/p>\n<p><b>D\u00f3nde. <\/b>Herrerieta Kalea, 2. Guetaria (Guip\u00fazcoa). Tel. 943 14 00 24<\/p>\n<p><b>Internet: <\/b><a target=\"_blank\" href=\"http:\/\/restauranteelkano.com\/\" rel=\"noopener\">http:\/\/restauranteelkano.com<\/a><\/p>\n<p><b>Precio:<\/b>\u00a0120-160 euros (carta) y 150 euros (men\u00fa, sin bebidas) <\/p>\n<\/div>\n<\/div>\n<div class=\"su-box su-box-style-default\" style=\"border-color:#007878;border-radius:3px;-moz-border-radius:3px;-webkit-border-radius:3px;\">\n<p><b>DIVERXO<\/b><\/p>\n<div class=\"su-box-content su-clearfix\">\n<p><img decoding=\"async\" class=\"alignright size-full wp-image-47813\" src=\"https:\/\/www.gastroeconomy.com\/wp-content\/uploads\/2018\/06\/Gastroeconomy_DiverXO2.jpg\" alt=\"\" width=\"1024\" height=\"520\" srcset=\"https:\/\/www.gastroeconomy.com\/wp-content\/uploads\/2018\/06\/Gastroeconomy_DiverXO2.jpg 1024w, https:\/\/www.gastroeconomy.com\/wp-content\/uploads\/2018\/06\/Gastroeconomy_DiverXO2-300x152.jpg 300w, https:\/\/www.gastroeconomy.com\/wp-content\/uploads\/2018\/06\/Gastroeconomy_DiverXO2-768x390.jpg 768w, https:\/\/www.gastroeconomy.com\/wp-content\/uploads\/2018\/06\/Gastroeconomy_DiverXO2-700x355.jpg 700w\" sizes=\"(max-width: 1024px) 100vw, 1024px\"\/><\/p>\n<p><b>Puesto en 2021: 20<\/b><\/p>\n<p><b>Puesto en 2019: <\/b>75<\/p>\n<p><b>Puesto en 2018: <\/b>96<\/p>\n<p><b>Puesto en 2017:<\/b><b> <\/b>No estaba<\/p>\n<p><b>Puesto en 2016: 79<\/b><\/p>\n<p><b>Cocinero \/ propietario: <\/b>Dabiz Mu\u00f1oz<\/p>\n<p><b>D\u00f3nde. <\/b>Padre Dami\u00e1n 23. Madrid. Tel. 91 570 07 66<\/p>\n<p><b>Internet: <\/b><a target=\"_blank\" href=\"https:\/\/diverxo.com\" rel=\"noopener\">https:\/\/diverxo.com<\/a><\/p>\n<p><b>Precio del men\u00fa degustaci\u00f3n: <\/b>250 euros (sin bebidas)<\/p>\n<\/div>\n<\/div>\n<div class=\"su-box su-box-style-default\" style=\"border-color:#007878;border-radius:3px;-moz-border-radius:3px;-webkit-border-radius:3px;\">\n<p><b>AZURMENDI<\/b><\/p>\n<div class=\"su-box-content su-clearfix\">\n<p><img decoding=\"async\" class=\"alignright size-full wp-image-44505\" src=\"https:\/\/www.gastroeconomy.com\/wp-content\/uploads\/2017\/04\/Gastroeconomy_Azurmendi.jpg\" alt=\"\" width=\"1024\" height=\"667\" srcset=\"https:\/\/www.gastroeconomy.com\/wp-content\/uploads\/2017\/04\/Gastroeconomy_Azurmendi.jpg 1024w, https:\/\/www.gastroeconomy.com\/wp-content\/uploads\/2017\/04\/Gastroeconomy_Azurmendi-300x195.jpg 300w, https:\/\/www.gastroeconomy.com\/wp-content\/uploads\/2017\/04\/Gastroeconomy_Azurmendi-768x500.jpg 768w, https:\/\/www.gastroeconomy.com\/wp-content\/uploads\/2017\/04\/Gastroeconomy_Azurmendi-84x55.jpg 84w\" sizes=\"(max-width: 1024px) 100vw, 1024px\"\/><b>Puesto en 2021: 49<\/b><\/p>\n<p><b>Puesto en 2019: <\/b>14<\/p>\n<p><b>Puesto en 2018: <\/b>43<\/p>\n<p><b>Puesto en 2017:<\/b><b> <\/b>38<\/p>\n<p><b>Puesto en 2016: <\/b>16<\/p>\n<p><b>Cocinero \/ socio: <\/b>Eneko Atxa<\/p>\n<p><b>D\u00f3nde. <\/b>Barrio Leguina s\/n. Larrabetzu (Vizcaya). Tel. 944 558 866<\/p>\n<p><b>Internet: <\/b><a target=\"_blank\" href=\"http:\/\/www.azurmendi.biz\/\" rel=\"noopener\">http:\/\/www.azurmendi.biz\/<\/a><\/p>\n<p><b>Precio del men\u00fa degustaci\u00f3n: <\/b>250 euros (sin bebidas)<\/p>\n<\/div>\n<\/div>\n<div class=\"su-box su-box-style-default\" style=\"border-color:#007878;border-radius:3px;-moz-border-radius:3px;-webkit-border-radius:3px;\">\n<p><b>NERUA GUGGENHEIM BILBAO<\/b><\/p>\n<div class=\"su-box-content su-clearfix\">\n<p><img decoding=\"async\" class=\"alignright size-full wp-image-40340\" src=\"https:\/\/www.gastroeconomy.com\/wp-content\/uploads\/2015\/04\/Gastroeconomy_Nerua-2.jpg\" alt=\"\" width=\"1024\" height=\"734\" srcset=\"https:\/\/www.gastroeconomy.com\/wp-content\/uploads\/2015\/04\/Gastroeconomy_Nerua-2.jpg 1024w, https:\/\/www.gastroeconomy.com\/wp-content\/uploads\/2015\/04\/Gastroeconomy_Nerua-2-300x215.jpg 300w, https:\/\/www.gastroeconomy.com\/wp-content\/uploads\/2015\/04\/Gastroeconomy_Nerua-2-77x55.jpg 77w\" sizes=\"(max-width: 1024px) 100vw, 1024px\"\/><\/p>\n<p><b>Puesto en 2021: 53<\/b><\/p>\n<p><b>Puesto en 2019: <\/b>32<\/p>\n<p><b>Puesto en 2018: <\/b>57<\/p>\n<p><b>Puesto en 2017:<\/b><b> <\/b>56<\/p>\n<p><b>Puesto en 2016: <\/b>55<\/p>\n<p><b>Cocinero \/ socio:<\/b><b> <\/b>Josean Alija (IXO Grupo)<\/p>\n<p><b>D\u00f3nde. <\/b>Guggenheim Bilbao. Avenida Abandoibarra, 2. Bilbao. Tel. 944 00 04 30<\/p>\n<p><b>Internet: <\/b><a target=\"_blank\" href=\"http:\/\/www.neruaguggenheimbilbao.com\/\" rel=\"noopener\">http:\/\/www.neruaguggenheimbilbao.com\/<\/a><\/p>\n<p><strong>Precio:\u00a0<\/strong>80 euros (men\u00fa, sin bebidas) y 60-80 euros (carta)<\/p>\n<\/div>\n<\/div>\n<div class=\"su-box su-box-style-default\" style=\"border-color:#007878;border-radius:3px;-moz-border-radius:3px;-webkit-border-radius:3px;\">\n<p><b>QUIQUE DACOSTA RESTAURANTE<\/b><\/p>\n<div class=\"su-box-content su-clearfix\">\n<p><img decoding=\"async\" class=\"alignright size-full wp-image-47823\" src=\"https:\/\/www.gastroeconomy.com\/wp-content\/uploads\/2018\/06\/Gastroeconomy_QuiqueDacosta2018_1.jpg\" alt=\"\" width=\"1024\" height=\"688\" srcset=\"https:\/\/www.gastroeconomy.com\/wp-content\/uploads\/2018\/06\/Gastroeconomy_QuiqueDacosta2018_1.jpg 1024w, https:\/\/www.gastroeconomy.com\/wp-content\/uploads\/2018\/06\/Gastroeconomy_QuiqueDacosta2018_1-300x202.jpg 300w, https:\/\/www.gastroeconomy.com\/wp-content\/uploads\/2018\/06\/Gastroeconomy_QuiqueDacosta2018_1-768x516.jpg 768w, https:\/\/www.gastroeconomy.com\/wp-content\/uploads\/2018\/06\/Gastroeconomy_QuiqueDacosta2018_1-700x470.jpg 700w\" sizes=\"(max-width: 1024px) 100vw, 1024px\"\/><\/p>\n<p><b>Puesto en 2021:\u00a0<\/b><strong>74<\/strong><\/p>\n<p><b>Puesto en 2019: <\/b>81<\/p>\n<p><b>Puesto en 2018: <\/b>68<\/p>\n<p><b>Puesto en 2017:<\/b><b> <\/b>62<\/p>\n<p><b>Puesto en 2016: <\/b>49<\/p>\n<p><b>Cocinero \/ propietario: <\/b>Quique Dacosta<\/p>\n<p><b>D\u00f3nde. <\/b>Urbanizaci\u00f3n El Poblet. Carretera de Las Marinas, km. 3. Denia (Alicante). Tel. 965 78 41 79<\/p>\n<p><b>Internet: <\/b>www.quiquedacosta.es<\/p>\n<p><b>Precio del men\u00fa degustaci\u00f3n: <\/b>210<b> <\/b>euros (sin bebidas)<\/p>\n<\/div>\n<\/div>\n<div class=\"su-box su-box-style-default\" style=\"border-color:#007878;border-radius:3px;-moz-border-radius:3px;-webkit-border-radius:3px;\">\n<p><b>APONIENTE<\/b><\/p>\n<div class=\"su-box-content su-clearfix\">\n<p><img decoding=\"async\" class=\"alignright size-full wp-image-47804\" src=\"https:\/\/www.gastroeconomy.com\/wp-content\/uploads\/2018\/06\/Gastroeconomy_Aponiente2018_2.jpg\" alt=\"\" width=\"1024\" height=\"682\" srcset=\"https:\/\/www.gastroeconomy.com\/wp-content\/uploads\/2018\/06\/Gastroeconomy_Aponiente2018_2.jpg 1024w, https:\/\/www.gastroeconomy.com\/wp-content\/uploads\/2018\/06\/Gastroeconomy_Aponiente2018_2-300x200.jpg 300w, https:\/\/www.gastroeconomy.com\/wp-content\/uploads\/2018\/06\/Gastroeconomy_Aponiente2018_2-768x512.jpg 768w, https:\/\/www.gastroeconomy.com\/wp-content\/uploads\/2018\/06\/Gastroeconomy_Aponiente2018_2-700x466.jpg 700w\" sizes=\"(max-width: 1024px) 100vw, 1024px\"\/><b>Puesto en 2021:\u00a0<\/b><strong>79<\/strong><\/p>\n<p><b>Puesto en 2019: <\/b>94<\/p>\n<p><b>Puesto en 2018: <\/b>No estaba<\/p>\n<p><b>Cocinero \/ propietario: <\/b>\u00c1ngel Le\u00f3n<\/p>\n<p><b>D\u00f3nde. <\/b>Francisco Cossi Ochoa, s\/n. El Puerto de Santa Mar\u00eda, (C\u00e1diz). Tel. 956 85 18 70<\/p>\n<p><b>Internet: <\/b>https:\/\/www.aponiente.com<\/p>\n<p><b>Precio del men\u00fa degustaci\u00f3n:\u00a0<\/b>215<b\/>\u00a0euros\u00a0(sin bebidas)<\/p>\n<\/div>\n<\/div>\n<div class=\"su-box su-box-style-default\" style=\"border-color:#007878;border-radius:3px;-moz-border-radius:3px;-webkit-border-radius:3px;\">\n<p><b>ARZAK<\/b><\/p>\n<div class=\"su-box-content su-clearfix\">\n<p><img decoding=\"async\" class=\"aligncenter size-large wp-image-50471\" src=\"https:\/\/www.gastroeconomy.com\/wp-content\/uploads\/2019\/02\/Gastroeconomy_Arzak3-1024x683.jpg\" alt=\"\" width=\"1024\" height=\"683\" srcset=\"https:\/\/www.gastroeconomy.com\/wp-content\/uploads\/2019\/02\/Gastroeconomy_Arzak3-1024x683.jpg 1024w, https:\/\/www.gastroeconomy.com\/wp-content\/uploads\/2019\/02\/Gastroeconomy_Arzak3-300x200.jpg 300w, https:\/\/www.gastroeconomy.com\/wp-content\/uploads\/2019\/02\/Gastroeconomy_Arzak3-768x512.jpg 768w, https:\/\/www.gastroeconomy.com\/wp-content\/uploads\/2019\/02\/Gastroeconomy_Arzak3-700x467.jpg 700w\" sizes=\"(max-width: 1024px) 100vw, 1024px\"\/><\/p>\n<p><b>Puesto en 2021: 94<\/b><\/p>\n<p><b>Puesto en 2019: <\/b>53<\/p>\n<p><b>Puesto en 2018: <\/b>31<\/p>\n<p><b>Puesto en 2017:<\/b><b> <\/b>30<\/p>\n<p><b>Puesto en 2016: <\/b>21<\/p>\n<p><b>Cocineros \/ propietarios: <\/b>Juan Mari y Elena Arzak<\/p>\n<p><b>D\u00f3nde. <\/b>Avda. Alcalde Jos\u00e9 Elosegi, 273. San Sebasti\u00e1n. Tel. 943 27 84 65<\/p>\n<p><b>Internet: <\/b><a target=\"_blank\" href=\"http:\/\/www.arzak.info\" rel=\"noopener\">www.arzak.info<\/a><\/p>\n<p><b>Precio:\u00a0<\/b>242 euros (men\u00fa degustaci\u00f3n) y 190 euros\u00a0(men\u00fa a la carta con aperitivo, entrante, plato principal y postre) [sin bebidas)<\/p>\n<\/div>\n<\/div>\n<p><em>Fuente de las fotos: los restaurantes.<\/em><\/p>\n<\/p><\/div>\n\n<p><em> \u2018 The preceding article may include information circulated by third parties \u2019 <\/em><\/p>\n<p><em> \u2018 Some details of this article were extracted from the following source www.gastroeconomy.com \u2019 <\/em><\/p>\n","protected":false},"excerpt":{"rendered":"<p>10 Oct 2021 Cu\u00e1nto cuestan los 10+1 restaurantes espa\u00f1oles en \u2018The World\u2019s 50 Finest Eating places\u2019 2021 Publicado por Marta Fern\u00e1ndez Guada\u00f1o a las 22:17h en Andoni Luis ADURIZ, \u00c1ngel LE\u00d3N, David MU\u00d1OZ, Elena y Juan Mari ARZAK, Eneko ATXA, Joan, Josep y Jordi ROCA, Josean ALIJA, Mart\u00edn BERASATEGUI, Mateu CASA\u00d1AS, Oriol CASTRO y Eduard [&hellip;]<\/p>\n","protected":false},"author":2,"featured_media":205297,"comment_status":"open","ping_status":"closed","sticky":false,"template":"","format":"standard","meta":{"om_disable_all_campaigns":false,"jnews-multi-image_gallery":[],"jnews_single_post":[],"jnews_primary_category":[],"jnews_social_meta":[],"footnotes":""},"categories":[43],"tags":[],"class_list":["post-205296","post","type-post","status-publish","format-standard","has-post-thumbnail","hentry","category-gourmet"],"_links":{"self":[{"href":"https:\/\/dimensionturistica.com\/es\/wp-json\/wp\/v2\/posts\/205296","targetHints":{"allow":["GET"]}}],"collection":[{"href":"https:\/\/dimensionturistica.com\/es\/wp-json\/wp\/v2\/posts"}],"about":[{"href":"https:\/\/dimensionturistica.com\/es\/wp-json\/wp\/v2\/types\/post"}],"author":[{"embeddable":true,"href":"https:\/\/dimensionturistica.com\/es\/wp-json\/wp\/v2\/users\/2"}],"replies":[{"embeddable":true,"href":"https:\/\/dimensionturistica.com\/es\/wp-json\/wp\/v2\/comments?post=205296"}],"version-history":[{"count":0,"href":"https:\/\/dimensionturistica.com\/es\/wp-json\/wp\/v2\/posts\/205296\/revisions"}],"wp:featuredmedia":[{"embeddable":true,"href":"https:\/\/dimensionturistica.com\/es\/wp-json\/wp\/v2\/media\/205297"}],"wp:attachment":[{"href":"https:\/\/dimensionturistica.com\/es\/wp-json\/wp\/v2\/media?parent=205296"}],"wp:term":[{"taxonomy":"category","embeddable":true,"href":"https:\/\/dimensionturistica.com\/es\/wp-json\/wp\/v2\/categories?post=205296"},{"taxonomy":"post_tag","embeddable":true,"href":"https:\/\/dimensionturistica.com\/es\/wp-json\/wp\/v2\/tags?post=205296"}],"curies":[{"name":"wp","href":"https:\/\/api.w.org\/{rel}","templated":true}]}}