{"id":205267,"date":"2021-10-10T19:56:57","date_gmt":"2021-10-10T19:56:57","guid":{"rendered":"https:\/\/dimensionturistica.com\/es\/?p=205267"},"modified":"2021-10-10T19:56:57","modified_gmt":"2021-10-10T19:56:57","slug":"exitoso-fin-de-semana-largo-el-turismo-en-entre-rios-recupero-los-niveles-pre-pandemia","status":"publish","type":"post","link":"https:\/\/dimensionturistica.com\/es\/exitoso-fin-de-semana-largo-el-turismo-en-entre-rios-recupero-los-niveles-pre-pandemia\/","title":{"rendered":"Exitoso fin de semana largo: el Turismo en Entre R\u00edos recuper\u00f3 los niveles pre pandemia"},"content":{"rendered":"<p> <br \/>\n<\/p>\n<div property=\"content:encoded\">\n<p><span style=\"font-size:12pt\"><span style=\"font-family:&quot;Times New Roman&quot;,serif\">Las reservas hoteleras se colmaron de manera anticipada para este fin de semana further largo de octubre, y signific\u00f3 para el sector tur\u00edstico la vuelta a los desempe\u00f1os del movimiento previos a la pandemia de Covid-19. La provincia recibi\u00f3 m\u00e1s de 140 mil visitantes y un promedio de ocupaci\u00f3n del 99 por ciento.<\/span><\/span><\/p>\n<p><span style=\"font-size:12pt\"><span style=\"font-family:&quot;Times New Roman&quot;,serif\">Un intenso movimiento se vivi\u00f3 en los ingresos terrestres a la provincia desde el d\u00eda jueves previo al feriado, y durante todo el viernes. M\u00e1s de 45 mil veh\u00edculos ingresaron en las primeras horas del per\u00edodo. A partir de all\u00ed los d\u00edas s\u00e1bado y domingo terminaron de colmarse los destinos entrerrianos, donde los prestadores tur\u00edsticos esperaban a los viajeros con ansias contenidas, y pudieron retomar aquel ansiado movimiento, con alojamientos completos, restaurantes con varios turnos, visitas guiadas colmadas, y algunas actividades y atractivos tur\u00edsticos con cupos llenos.<\/span><\/span><\/p>\n<p><span style=\"font-size:12pt\"><span style=\"font-family:&quot;Times New Roman&quot;,serif\">El ministro de Producci\u00f3n y Turismo, Juan Jos\u00e9 Bahillo, destac\u00f3 la llegada de visitantes \u201cque gener\u00f3 un ingreso econ\u00f3mico a los prestadores del sector, cercano a los 710 millones de pesos, que se distribuye en la cadena de valor tur\u00edstica en forma directa y en otros rubros comerciales indirectamente\u201d, reconoci\u00f3 el titular de la cartera.<\/span><\/span><\/p>\n<p><span style=\"font-size:12pt\"><span style=\"font-family:&quot;Times New Roman&quot;,serif\">Un turista alojado en resort desembolsa aproximadamente 4 mil pesos diarios por d\u00eda, dato que var\u00eda de acuerdo a la categor\u00eda del resort y los servicios elegidos. Mientras que un excursionista promedia un gasto de 1.200 pesos en su visita.<\/span><\/span><\/p>\n<p><figure class=\"image align-left\"><img decoding=\"async\" alt=\"\" src=\"https:\/\/www.analisisdigital.com.ar\/sites\/default\/files\/inline\/images\/gualeguaychu_32.jpg\"\/><br \/><figcaption>En Gualeguaych\u00fa como en toda la provincia, los atractivos locales tuvieron una gran demanda.<\/figcaption><\/figure>\n<\/p>\n<p><span style=\"font-size:12pt\"><span style=\"font-family:&quot;Times New Roman&quot;,serif\">En cuanto al desempe\u00f1o por regiones, todo el territorio provincial vivi\u00f3 una destacada llegada de visitantes. Los tres corredores tur\u00edsticos que vertebra a la provincia a trav\u00e9s de los r\u00edos, recibieron este movimiento, y nuevamente en el contexto nacional autoridades del Ministerio de Turismo y Deportes de la Naci\u00f3n destacaron a Entre R\u00edos en el podio de las provincias m\u00e1s visitadas, y con varias localidades entre los destinos que m\u00e1s turistas recibieron en el pa\u00eds.<\/span><\/span><\/p>\n<p><span style=\"font-size:12pt\"><span style=\"font-family:&quot;Times New Roman&quot;,serif\"><b>Corredor del Uruguay<\/b><\/span><\/span><\/p>\n<p>\u00a0<\/p>\n<p><span style=\"font-size:12pt\"><span style=\"font-family:&quot;Times New Roman&quot;,serif\">En el Corredor del r\u00edo Uruguay, desde las localidades del Sur de la provincia como Paranacito, Ibicuy, Gualeguaych\u00fa y Pueblo Belgrano; a la hist\u00f3rica Concepci\u00f3n del Uruguay; los destinos de Tierra de Palmares como Col\u00f3n, San Jos\u00e9, Villa Elisa, San Salvador, Ubajay o Liebig; a las localidades de la regi\u00f3n de Salto Grande encabezadas por Federaci\u00f3n, Concordia, Chajar\u00ed, Santa Ana, Villa del Rosario, Puerto Yeru\u00e1, entre otras, pudieron comprobar desde el sector p\u00fablico y privado este movimiento tur\u00edstico, articulando entre destinos la contenci\u00f3n de los turistas ante posibles desbordes de alojamientos, en la distribuci\u00f3n hacia otras localidades cercanas.<\/span><\/span><\/p>\n<p>\u00a0<\/p>\n<p><span style=\"font-size:12pt\"><span style=\"font-family:&quot;Times New Roman&quot;,serif\"><b>Corredor del Paran\u00e1<\/b><\/span><\/span><\/p>\n<p>\u00a0<\/p>\n<p><span style=\"font-size:12pt\"><span style=\"font-family:&quot;Times New Roman&quot;,serif\">En el caso del corredor del Paran\u00e1, desde Victoria con sus atractivos y localidades aleda\u00f1as, Diamante y Paran\u00e1 con las localidades que abarca el circuito El Paran\u00e1 y Sus Aldeas como Valle Mar\u00eda, Brasilera, Libertador San Mart\u00edn, Crespo, Alvear, Las Cuevas, Spatzenkutter, Protestante, Oro Verde entre otras, a los destinos de Paran\u00e1 Campa\u00f1a y el norte del Corredor, como Mar\u00eda Grande, Cerrito, Villa Urquiza, Piedras Blancas, Hernandarias, Santa Elena y La Paz, estuvieron colmados y las actividades obtuvieron un gran marco de p\u00fablico.<\/span><\/span><\/p>\n<p>\u00a0<\/p>\n<p><span style=\"font-size:12pt\"><span style=\"font-family:&quot;Times New Roman&quot;,serif\"><b>Corredor Gualeguay<\/b><\/span><\/span><\/p>\n<p>\u00a0<\/p>\n<p><span style=\"font-size:12pt\"><span style=\"font-family:&quot;Times New Roman&quot;,serif\">En el Corredor Central o del Gualeguay, la ciudad hom\u00f3nima en el sur del Corredor, como tambi\u00e9n Rosario del Tala, Basavilbaso, Larroque, Urdinarrain, Nogoy\u00e1, Santa Anita, Villaguay, Villa Dom\u00ednguez, Villa Clara, y hacia el norte Federal y Feliciano tambi\u00e9n palpitaron la gran presencia de visitantes.<\/span><\/span><\/p>\n<p><figure class=\"image align-left\"><img decoding=\"async\" alt=\"\" src=\"https:\/\/www.analisisdigital.com.ar\/sites\/default\/files\/inline\/images\/nautica_32.jpg\"\/><br \/><figcaption>El paisaje, el deporte n\u00e1utico, las termas y la variada actividad cultural permitieron ubicar a Entre R\u00edos como uno de los mejores destinos tur\u00edsticos del pa\u00eds.<\/figcaption><\/figure>\n<\/p>\n<p><span style=\"font-size:12pt\"><span style=\"font-family:&quot;Times New Roman&quot;,serif\">En cuanto a los atractivos, los 15 complejos termales y los dos Parques Nacionales que se sit\u00faan en Entre R\u00edos (El Palmar y Pre Delta) tuvieron una importante cantidad de visitas registradas, como tambi\u00e9n otras reservas naturales y \u00e1reas protegidas p\u00fablicas y privadas, que organizan actividades especiales en la naturaleza para el fin de semana largo. Con un clima primaveral todas las jornadas, las playas y balnearios de la provincia comenzaron a palpitar la temporada, volc\u00e1ndose masivamente a orilla de los r\u00edos e incluso utilizando las piscinas en algunos momentos. Los vi\u00f1edos, las actividades culturales, las ferias gastron\u00f3micas, de artesanos y emprendedores, el turismo rural, las actividades n\u00e1uticas, los paseos urbanos y las distintas festividades que tuvieron lugar en variados puntos de la provincia, recibieron un marco de p\u00fablico que no se hab\u00eda visto desde el inicio de la pandemia.<\/span><\/span><\/p>\n<p><span style=\"font-size:12pt\"><span style=\"font-family:&quot;Times New Roman&quot;,serif\">No obstante, las autoridades provinciales y locales, y empresarios y trabajadores del sector privado, instaron a profundizar la aplicaci\u00f3n de protocolos sanitarios para garantizar la estad\u00eda de los turistas y cuidar a los entrerrianos, con la clara convicci\u00f3n de que el turismo bien concebido mejora las econom\u00edas regionales, la calidad de vida de los anfitriones, y se ha demostrado que no se constituye en un vector de riesgo.<\/span><\/span><\/p>\n<p>\u00a0<\/p>\n<p><span style=\"font-size:12pt\"><span style=\"font-family:&quot;Times New Roman&quot;,serif\"><b>Perfil del visitante<\/b><\/span><\/span><\/p>\n<p>\u00a0<\/p>\n<p><span style=\"font-size:12pt\"><span style=\"font-family:&quot;Times New Roman&quot;,serif\">En cuanto al perfil de los visitantes, seg\u00fan los primeros datos de encuestas realizadas, m\u00e1s del 55 por ciento de los visitantes llegaron procedentes de ciudad y provincia de Buenos Aires, en un 20 por ciento de localidades santafesinas, un 12 por ciento entrerrianos, un 10 por ciento de provincia de C\u00f3rdoba y norte del Litoral y un 3 por ciento del resto del pa\u00eds. El turismo de cercan\u00edas y en un radio de traslado de 300 kil\u00f3metros promedio sigue siendo una fuerte tendencia desde el inicio de la pandemia. El transporte terrestre represent\u00f3 un 97 por ciento, incluyendo no solo veh\u00edculos particulares, micros de l\u00ednea y charters, vans, sino tambi\u00e9n un n\u00famero creciente de motorhomes y caravanas de motos. El traslado n\u00e1utico a trav\u00e9s de las v\u00edas fluviales que rodean la provincia tambi\u00e9n es una modalidad de transporte en auge.<\/span><\/span><\/p>\n<p><span style=\"font-size:12pt\"><span style=\"font-family:&quot;Times New Roman&quot;,serif\">Las nuevas flexibilizaciones adoptadas por los gobiernos nacional y provincial en el marco de pandemia, la campa\u00f1a de promoci\u00f3n tur\u00edstica p\u00fablico y privada previa de Entre R\u00edos, y el clima con temperaturas agradables, sumado a nuestros destinos, atractivos y una variada agenda de actividades, conjugaron para que este fin de semana largo de octubre se convierta en el periodo de mayor movimiento tur\u00edstico en 18 meses, e increment\u00e1ndose en un 15 por ciento respecto al fin de semana largo de octubre de 2019.<\/span><\/span><\/p>\n<\/div>\n\n<p><em> &#8221; Fuentes www.analisisdigital.com.ar &#8221; <\/em><\/p>\n","protected":false},"excerpt":{"rendered":"<p>Las reservas hoteleras se colmaron de manera anticipada para este fin de semana further largo de octubre, y signific\u00f3 para el sector tur\u00edstico la vuelta a los desempe\u00f1os del movimiento previos a la pandemia de Covid-19. La provincia recibi\u00f3 m\u00e1s de 140 mil visitantes y un promedio de ocupaci\u00f3n del 99 por ciento. Un intenso [&hellip;]<\/p>\n","protected":false},"author":4,"featured_media":205268,"comment_status":"open","ping_status":"closed","sticky":false,"template":"","format":"standard","meta":{"om_disable_all_campaigns":false,"jnews-multi-image_gallery":[],"jnews_single_post":[],"jnews_primary_category":[],"jnews_social_meta":[],"footnotes":""},"categories":[39],"tags":[33457,33455,33456,715,544],"class_list":["post-205267","post","type-post","status-publish","format-standard","has-post-thumbnail","hentry","category-viajes","tag-costa-gualeguay","tag-costa-parana","tag-costa-uruguay","tag-economia","tag-turismo"],"_links":{"self":[{"href":"https:\/\/dimensionturistica.com\/es\/wp-json\/wp\/v2\/posts\/205267","targetHints":{"allow":["GET"]}}],"collection":[{"href":"https:\/\/dimensionturistica.com\/es\/wp-json\/wp\/v2\/posts"}],"about":[{"href":"https:\/\/dimensionturistica.com\/es\/wp-json\/wp\/v2\/types\/post"}],"author":[{"embeddable":true,"href":"https:\/\/dimensionturistica.com\/es\/wp-json\/wp\/v2\/users\/4"}],"replies":[{"embeddable":true,"href":"https:\/\/dimensionturistica.com\/es\/wp-json\/wp\/v2\/comments?post=205267"}],"version-history":[{"count":0,"href":"https:\/\/dimensionturistica.com\/es\/wp-json\/wp\/v2\/posts\/205267\/revisions"}],"wp:featuredmedia":[{"embeddable":true,"href":"https:\/\/dimensionturistica.com\/es\/wp-json\/wp\/v2\/media\/205268"}],"wp:attachment":[{"href":"https:\/\/dimensionturistica.com\/es\/wp-json\/wp\/v2\/media?parent=205267"}],"wp:term":[{"taxonomy":"category","embeddable":true,"href":"https:\/\/dimensionturistica.com\/es\/wp-json\/wp\/v2\/categories?post=205267"},{"taxonomy":"post_tag","embeddable":true,"href":"https:\/\/dimensionturistica.com\/es\/wp-json\/wp\/v2\/tags?post=205267"}],"curies":[{"name":"wp","href":"https:\/\/api.w.org\/{rel}","templated":true}]}}