{"id":204305,"date":"2021-10-08T14:42:39","date_gmt":"2021-10-08T14:42:39","guid":{"rendered":"https:\/\/dimensionturistica.com\/es\/?p=204305"},"modified":"2021-10-08T14:42:40","modified_gmt":"2021-10-08T14:42:40","slug":"kicillof-anuncio-viajes-de-egresados-gratis-para-220-mil-jovenes-bonaerenses-telam","status":"publish","type":"post","link":"https:\/\/dimensionturistica.com\/es\/kicillof-anuncio-viajes-de-egresados-gratis-para-220-mil-jovenes-bonaerenses-telam\/","title":{"rendered":"Kicillof anunci\u00f3 viajes de egresados gratis para 220 mil j\u00f3venes bonaerenses &#8211; T\u00e9lam"},"content":{"rendered":"<p> <br \/>\n<\/p>\n<div>\n<div class=\"image\" id=\"image\">\n\t\t\t\t\t<img decoding=\"async\" src=\"https:\/\/www.telam.com.ar\/advf\/imagenes\/2021\/10\/6160501fe4b2d_1004x565.jpg\" alt=\"El programa contempla beneficios impositivos; medidas crediticias, de inversi\u00f3n y promoci\u00f3n del turismo.\" title=\"El programa contempla beneficios impositivos; medidas crediticias, de inversi\u00f3n y promoci\u00f3n del turismo.\"\/><\/p>\n<p>El programa contempla beneficios impositivos; medidas crediticias, de inversin y promocin del turismo.<\/p>\n<\/div>\n<p>\nEl gobernador bonaerense <strong>Axel Kicillof<\/strong> sostuvo hoy que &#8220;vamos volviendo a la vida&#8221; tras la pandemia de coronavirus y remarc que &#8220;los destinos tursticos, especialmente la costa atlntica est de nuevo llena y colmada de bonaerenses y argentinos&#8221; a partir del fin de semana largo que se inicia hoy.<\/p>\n<p><strong>&#8220;Hay largas colas como en los viejos tiempos; por eso decimos levantar los peajes hasta el medioda&#8221;<\/strong>, anunci Kicillof al presentar en Villa Gesell unprograma de reactivacin del sector turstico, donde destac: &#8220;Todo esto que se va a abriendo tiene una causa que es la vacunacin, el programa ms grande de la historia de la provincia&#8221;.<\/p>\n<p>Kicillof anunci adems <strong>un programa para que los chicos que cursan el ltimo ao de secundario en el sistema pblico y privado de la provincia de Buenos Aires tengan un su viaje de egresados &#8220;gratis&#8221;<\/strong> a travs de un plan implementado por el Gobierno provincial.<\/p>\n<p><strong>&#8220;Vamos a establecer un programa para que los egresados del ltimo ao de secundario en la provincia de Buenos Aires en el sistema pblico o privado, unos 220 mil pibes que tenan incertidumbre, puedan tener su viaje de egresados gratis&#8221;<\/strong>, anunci el gobernador en Villa Gesell al presentar un programa de reactivacin del sector turstico, que incluye tambin la eximicin del impuesto del inmobiliario a hoteles desde marzo de 2020 hasta septiembre de 2021.<\/p>\n<p>Luego, Kicillof realizar una recorrida por los comercios locales; y a las 12.30 entregar escrituras en el marco del programa<em><strong> &#8220;Mi Escritura, mi casa&#8221; <\/strong><\/em>junto al ministro de Justicia y Derechos Humanos provincial, Julio Alak.<\/p>\n<p>Luego, <strong>a las 15.30 participar de una mateada con vecinos en la zona del pinar<\/strong> -en el norte de la ciudad- y, posteriormente, recorrer los stands de la Fiesta de la Diversidad Cultural.<\/p>\n<p>\nDesde el entorno del mandatario bonaerense explicaron das atrs que la concept de ese tipo de recorridos y encuentros -ante el escenario de mejora epidemiolgica que lo permite- es &#8220;recuperar el cara a cara con los vecinos para acentuar la escucha&#8221;.<\/p>\n<p>En el marco de la campaa electoral de cara a las elecciones legislativas del prximo 14 de noviembre, el mandatario bonaerense intentar revivir la pica de 2019, cuando recorri la provincia de punta a punta en una campaa de cercana, y poner el foco en la necesidad de dar respuestas y acelerar la reactivacin econmica.<\/p>\n<p>&#8220;Quiere recuperar ese contacto directo con los vecinos, que es parte de su ADN y que la pandemia impidi en el ltimo tiempo. l considera que ese formato de campaa es mucho ms humano y tiene un plus, que es el intercambio fresco y genuino con las y los bonaerenses&#8221;, explicaron fuentes del Ejecutivo provincial.<\/p>\n<p>Por la tarde,<strong> a las 18.30, Kicillof se reunir en el Museo MAR<\/strong>, en la ciudad de Mar del Plata,<strong> con empresarios del turismo y el espectculo.<\/strong>\t\t\t\t\t\t\t\t<\/p>\n<\/p><\/div>\n<p><script>(function(d, s, id) {\n  var js, fjs = d.getElementsByTagName(s)[0];\n  if (d.getElementById(id)) return;\n  js = d.createElement(s); js.id = id;\n  js.src = \"\/\/connect.facebook.net\/es_ES\/sdk.js#xfbml=1&version=v2.6\";\n  fjs.parentNode.insertBefore(js, fjs);\n}(document, 'script', 'facebook-jssdk'));<\/script><br \/>\n<br \/><\/p>\n<p><em> &#8221; Fuentes www.telam.com.ar &#8221; <\/em><\/p>\n","protected":false},"excerpt":{"rendered":"<p>El programa contempla beneficios impositivos; medidas crediticias, de inversin y promocin del turismo. El gobernador bonaerense Axel Kicillof sostuvo hoy que &#8220;vamos volviendo a la vida&#8221; tras la pandemia de coronavirus y remarc que &#8220;los destinos tursticos, especialmente la costa atlntica est de nuevo llena y colmada de bonaerenses y argentinos&#8221; a partir del fin [&hellip;]<\/p>\n","protected":false},"author":4,"featured_media":204306,"comment_status":"open","ping_status":"closed","sticky":false,"template":"","format":"standard","meta":{"om_disable_all_campaigns":false,"jnews-multi-image_gallery":[],"jnews_single_post":[],"jnews_primary_category":[],"jnews_social_meta":[],"footnotes":""},"categories":[39],"tags":[3041,3045,3044,3043,3049,3048,3046,3040,3042,3047],"class_list":["post-204305","post","type-post","status-publish","format-standard","has-post-thumbnail","hentry","category-viajes","tag-ltimas-noticias","tag-agencia-de-noticias","tag-diarios","tag-diarios-argentina","tag-estado-nacional","tag-gobierno-argentino","tag-informacin-nacional","tag-noticias-argentina","tag-noticias-del-da","tag-presidencia"],"_links":{"self":[{"href":"https:\/\/dimensionturistica.com\/es\/wp-json\/wp\/v2\/posts\/204305","targetHints":{"allow":["GET"]}}],"collection":[{"href":"https:\/\/dimensionturistica.com\/es\/wp-json\/wp\/v2\/posts"}],"about":[{"href":"https:\/\/dimensionturistica.com\/es\/wp-json\/wp\/v2\/types\/post"}],"author":[{"embeddable":true,"href":"https:\/\/dimensionturistica.com\/es\/wp-json\/wp\/v2\/users\/4"}],"replies":[{"embeddable":true,"href":"https:\/\/dimensionturistica.com\/es\/wp-json\/wp\/v2\/comments?post=204305"}],"version-history":[{"count":0,"href":"https:\/\/dimensionturistica.com\/es\/wp-json\/wp\/v2\/posts\/204305\/revisions"}],"wp:featuredmedia":[{"embeddable":true,"href":"https:\/\/dimensionturistica.com\/es\/wp-json\/wp\/v2\/media\/204306"}],"wp:attachment":[{"href":"https:\/\/dimensionturistica.com\/es\/wp-json\/wp\/v2\/media?parent=204305"}],"wp:term":[{"taxonomy":"category","embeddable":true,"href":"https:\/\/dimensionturistica.com\/es\/wp-json\/wp\/v2\/categories?post=204305"},{"taxonomy":"post_tag","embeddable":true,"href":"https:\/\/dimensionturistica.com\/es\/wp-json\/wp\/v2\/tags?post=204305"}],"curies":[{"name":"wp","href":"https:\/\/api.w.org\/{rel}","templated":true}]}}