{"id":203646,"date":"2021-10-07T15:57:18","date_gmt":"2021-10-07T15:57:18","guid":{"rendered":"https:\/\/dimensionturistica.com\/es\/?p=203646"},"modified":"2021-10-07T15:57:19","modified_gmt":"2021-10-07T15:57:19","slug":"la-carne-vegetal-de-nueva-generacion-negocios","status":"publish","type":"post","link":"https:\/\/dimensionturistica.com\/es\/la-carne-vegetal-de-nueva-generacion-negocios\/","title":{"rendered":"La carne vegetal de nueva generaci\u00f3n | Negocios"},"content":{"rendered":"<p> <br \/>\n<\/p>\n<div>\n<figure class=\"a_m a_m-h\"><span class=\"a_m_w _db\"><img alt=\"Bernat A&#xF1;a&#xF1;os y Marc Coloma, creadores de Foods for Tomorrow.\" decoding=\"auto\" class=\"_re lazyload a_m-h\" height=\"276\" srcset=\"https:\/\/imagenes.elpais.com\/resizer\/U0lpks3WEzQSosv1KShvRaLJxBI=\/414x0\/cloudfront-eu-central-1.images.arcpublishing.com\/prisa\/IRW6X37XM5BGHBHL7SZOCIGT7Y.JPG 414w,https:\/\/imagenes.elpais.com\/resizer\/IcmVJkUgRrMH5NJFDYgr2vEtkI4=\/828x0\/cloudfront-eu-central-1.images.arcpublishing.com\/prisa\/IRW6X37XM5BGHBHL7SZOCIGT7Y.JPG 640w,https:\/\/imagenes.elpais.com\/resizer\/NSE9oJradUVcVcEwJ5QIoRqAXZY=\/980x0\/cloudfront-eu-central-1.images.arcpublishing.com\/prisa\/IRW6X37XM5BGHBHL7SZOCIGT7Y.JPG 1000w,https:\/\/imagenes.elpais.com\/resizer\/-luriouE1BEVtOIfYUAxAtgYii8=\/1960x0\/cloudfront-eu-central-1.images.arcpublishing.com\/prisa\/IRW6X37XM5BGHBHL7SZOCIGT7Y.JPG 1960w\" width=\"414\" loading=\"lazy\" src=\"https:\/\/imagenes.elpais.com\/resizer\/U0lpks3WEzQSosv1KShvRaLJxBI=\/414x0\/cloudfront-eu-central-1.images.arcpublishing.com\/prisa\/IRW6X37XM5BGHBHL7SZOCIGT7Y.JPG\"\/><\/span><figcaption class=\"a_m_p\"><span>Bernat A\u00f1a\u00f1os y Marc Coloma, creadores de Meals for Tomorrow.<\/span><\/figcaption><\/figure>\n<p class=\"\">No es pollo ni es ternera, pero lo parece. Heura, prote\u00edna 100% vegetal, <a target=\"_blank\" href=\"https:\/\/elpais.com\/elpais\/2019\/01\/10\/eps\/1547134908_592618.html\" rel=\"noopener\">o la carne del futuro<\/a> como le gusta llamarla a Marc Coloma, cofundador de la empresa barcelonesa que ha dise\u00f1ado este producto, ha llegado a Espa\u00f1a para quedarse y crecer. Hasta ahora un alimento casi reservado para vegetarianos se ha convertido en un producto deseado en los lineales de los supermercados y en los restaurantes, que le han abierto sus puertas. Pero no solo.<a target=\"_blank\" href=\"https:\/\/smoda.elpais.com\/placeres\/heura-la-carne-espanola-que-pueden-comer-los-veganos-invade-el-supermercado\/\" rel=\"noopener\"> Tambi\u00e9n han apostado por ella<\/a> desde el programa de aceleraci\u00f3n de start-ups de <a target=\"_blank\" href=\"https:\/\/cincodias.elpais.com\/cincodias\/2020\/01\/15\/companias\/1579086532_316117.html\" rel=\"noopener\">Juan Roig, fundador de Mercadona.<\/a> De hecho sus cifras dan cuenta de su positiva evoluci\u00f3n. En 2019 facturaron 2,5 millones de euros, aunque de momento sin beneficios, y en 2020 sus previsiones hablan de unas ventas de entre 7 y 8 millones. Unos n\u00fameros que han crecido como la espuma, desde que en 2017 Coloma y su socio Bernat A\u00f1a\u00f1os, llegados desde el mundo del activismo medioambiental y desde <a target=\"_blank\" href=\"https:\/\/elcomidista.elpais.com\/elcomidista\/2019\/05\/09\/articulo\/1557380960_027134.html\" rel=\"noopener\">diferentes movimientos sociales,<\/a> crearan la empresa con unos 40.000 euros de inversi\u00f3n inicial m\u00e1s 100.000 de una ampliaci\u00f3n de capital.<\/p>\n<p class=\"\">\u201cHeura, no es un sustituto de la carne, sino la carne del futuro. Comprobamos c\u00f3mo faltaban opciones que conectaran lo que nos gusta comer con los retos de sostenibilidad que hay en este siglo\u201d, apunta Coloma. Un reto que llega por la pol\u00e9mica que envuelve a la industria ganadera, que seg\u00fan la Organizaci\u00f3n de las Naciones Unidas para la Agricultura y la Alimentaci\u00f3n (FAO) es responsable del 14,5% de todas las emisiones de gases de efecto invernadero. Una de las razones que llev\u00f3 a Coloma y A\u00f1a\u00f1os a elaborar una carne vegetal, saludable y sostenible, que integrara la gastronom\u00eda mediterr\u00e1nea y con un envoltorio con un 80% menos de pl\u00e1stico. Un producto con el que adem\u00e1s <a target=\"_blank\" href=\"https:\/\/www.heurafoods.com\/foods-for-tomorrow\" rel=\"noopener\">presumen de haber salvado<\/a> a m\u00e1s de un cuarto de mill\u00f3n de pollos o frenado el consumo de agua que llenar\u00eda 570 piscinas ol\u00edmpicas.<\/p>\n<p class=\"\">Elaborada con distintas prote\u00ednas vegetales, aceite de oliva virgen y especias y aromas que le dan aspecto de pollo, ternera o cerdo, cuenta con valores nutricionales valorados por el mercado. \u201cNuestro pollo tiene un alto contenido en fibra y hierro, menos grasa y nada de colesterol\u201d, apostilla. Un producto que ofertan en distintos formatos como hamburguesas, alb\u00f3ndigas o tiras, a un precio que oscila entre los 20 y los 24 euros el kilo, \u201ccomo lo que puede costar una carne de calidad\u201d, asegura.<\/p>\n<h3 class=\"\">Presencia internacional<\/h3>\n<p class=\"\">Durante el pasado a\u00f1o los 35 trabajadores de Heura vendieron m\u00e1s de 300 toneladas, una cifra que en 2020 redondear\u00e1n a 1.000. El 90% se queda en Espa\u00f1a en tiendas como La Sirena, Carrefour o Eroski y en restaurantes del grupo Ibersol o en Pans &amp; Firm. El 10% restante llega a destinos internacionales como Francia, Portugal, Italia, Canad\u00e1, Chile, Alemania o Hong Kong.<\/p>\n<p class=\"\">Su producci\u00f3n se desarrolla en distintas f\u00e1bricas de Francia, Holanda y Espa\u00f1a. \u201cNos hemos propuesto relocalizar la fabricaci\u00f3n del producto y traerla a Espa\u00f1a en breve. As\u00ed podremos innovar m\u00e1s r\u00e1pido y adaptarnos mejor a los cambios\u201d, afirma el cofundador.<\/p>\n<p class=\"\">Aunque las ventas aumentan e incluso, \u201ca veces tenemos que decir que no porque no llegamos a producir lo que nos demandan\u201d, durante el confinamiento se resintieron. Un episodio que, a pesar de la segunda ola del coronavirus, dan por cerrado. \u201cActualmente somos la empresa de este sector que m\u00e1s crece en Europa, alrededor de un 459% en el \u00faltimo a\u00f1o, debido al inter\u00e9s que se despert\u00f3 en esos meses por el consumo saludable, que deriv\u00f3 en un incremento de la rotaci\u00f3n del producto en los supermercados\u201d, asevera Coloma. Se consideran \u201cla marca m\u00e1s reconocida despu\u00e9s de la americana Beyond Meet, seg\u00fan algunos estudios de marca. Un reconocimiento que nos convierte en tendencia, no en moda\u201d, concluye.<\/p>\n<\/div>\n\n<p><em> \u2018 The preceding article may include information circulated by third parties \u2019 <\/em><\/p>\n<p><em> \u2018 Some details of this article were extracted from the following source elpais.com \u2019 <\/em><\/p>\n","protected":false},"excerpt":{"rendered":"<p>Bernat A\u00f1a\u00f1os y Marc Coloma, creadores de Meals for Tomorrow. No es pollo ni es ternera, pero lo parece. Heura, prote\u00edna 100% vegetal, o la carne del futuro como le gusta llamarla a Marc Coloma, cofundador de la empresa barcelonesa que ha dise\u00f1ado este producto, ha llegado a Espa\u00f1a para quedarse y crecer. Hasta ahora [&hellip;]<\/p>\n","protected":false},"author":2,"featured_media":203647,"comment_status":"open","ping_status":"closed","sticky":false,"template":"","format":"standard","meta":{"om_disable_all_campaigns":false,"jnews-multi-image_gallery":[],"jnews_single_post":[],"jnews_primary_category":[],"jnews_social_meta":[],"footnotes":""},"categories":[43],"tags":[],"class_list":["post-203646","post","type-post","status-publish","format-standard","has-post-thumbnail","hentry","category-gourmet"],"_links":{"self":[{"href":"https:\/\/dimensionturistica.com\/es\/wp-json\/wp\/v2\/posts\/203646","targetHints":{"allow":["GET"]}}],"collection":[{"href":"https:\/\/dimensionturistica.com\/es\/wp-json\/wp\/v2\/posts"}],"about":[{"href":"https:\/\/dimensionturistica.com\/es\/wp-json\/wp\/v2\/types\/post"}],"author":[{"embeddable":true,"href":"https:\/\/dimensionturistica.com\/es\/wp-json\/wp\/v2\/users\/2"}],"replies":[{"embeddable":true,"href":"https:\/\/dimensionturistica.com\/es\/wp-json\/wp\/v2\/comments?post=203646"}],"version-history":[{"count":0,"href":"https:\/\/dimensionturistica.com\/es\/wp-json\/wp\/v2\/posts\/203646\/revisions"}],"wp:featuredmedia":[{"embeddable":true,"href":"https:\/\/dimensionturistica.com\/es\/wp-json\/wp\/v2\/media\/203647"}],"wp:attachment":[{"href":"https:\/\/dimensionturistica.com\/es\/wp-json\/wp\/v2\/media?parent=203646"}],"wp:term":[{"taxonomy":"category","embeddable":true,"href":"https:\/\/dimensionturistica.com\/es\/wp-json\/wp\/v2\/categories?post=203646"},{"taxonomy":"post_tag","embeddable":true,"href":"https:\/\/dimensionturistica.com\/es\/wp-json\/wp\/v2\/tags?post=203646"}],"curies":[{"name":"wp","href":"https:\/\/api.w.org\/{rel}","templated":true}]}}