{"id":203389,"date":"2021-10-07T09:48:16","date_gmt":"2021-10-07T09:48:16","guid":{"rendered":"https:\/\/dimensionturistica.com\/es\/?p=203389"},"modified":"2021-10-07T09:48:17","modified_gmt":"2021-10-07T09:48:17","slug":"la-facturacion-de-las-agencias-de-viajes-esta-aun-un-50-por-debajo-de-los-niveles-del-2019","status":"publish","type":"post","link":"https:\/\/dimensionturistica.com\/es\/la-facturacion-de-las-agencias-de-viajes-esta-aun-un-50-por-debajo-de-los-niveles-del-2019\/","title":{"rendered":"La facturaci\u00f3n de las agencias de viajes est\u00e1 a\u00fan un 50% por debajo de los niveles del 2019"},"content":{"rendered":"<p> <br \/>\n<\/p>\n<div>\n<p>La progresiva recuperaci\u00f3n del <strong>sector tur\u00edstico<\/strong> en Espa\u00f1a est\u00e1 dejando de lado a las <strong>agencias de viajes<\/strong>. Un estudio presentado este jueves en el marco del <strong>Foro ACAVE XXI<\/strong> constata que la facturaci\u00f3n de las empresas del sector est\u00e1 todav\u00eda un 50% por debajo de los niveles del 2019, aunque este verano las ventas fueron un 10% superiores a las del verano del a\u00f1o pasado. Las restricciones a la movilidad internacional, los miedos ante un posible rebrote de la pandemia y la creciente desintermediaci\u00f3n del sector est\u00e1 poniendo a prueba a unas empresas en proceso de transformaci\u00f3n y necesidad de reinvenci\u00f3n. Para, Mart\u00ed Sarrate, presidente de la patronal de agencias de viajes Acave, la situaci\u00f3n precise es &#8220;preocupante&#8221; ante las<strong> dificultades de recuperaci\u00f3n <\/strong>del sector tur\u00edstico en un contexto de pandemia internacional por lo que es imperiosa la llegada de ayudas. Seg\u00fan Sarrate, un 20% de las agencias han cerrado, aunque muchas est\u00e1n trabajando de manera telem\u00e1tica. &#8220;Se han perdido el 14% de los puestos de trabajo, unos 9.000 empleos, y el 56% de los trabajadores est\u00e1n en erte&#8221;, ha dicho Sarrate. No se espera una recuperaci\u00f3n del sector y del empleo hasta el 2024, pero transformado con firmas m\u00e1s digitalizadas. <\/p>\n<p>El presidente de la patronal, ha confiado en la actividad de los puentes, especialmente del de diciembre. Tambi\u00e9n ha opinado que el Imserso, un elemento de reactivaci\u00f3n claro para las agencias, es &#8220;como una pel\u00edcula de suspense&#8221;, ante una situaci\u00f3n de &#8220;desinformaci\u00f3n&#8221; que no se entiende en el sector, m\u00e1s necesitado que nunca de medidas de reactivaci\u00f3n. A d\u00eda de hoy se descarta que no se pongan en marcha hasta el 2022.  <\/p>\n<p>Casi un 70% de las agencias de viaje de la patronal Acave ha experimentado ligera recuperaci\u00f3n de su facturaci\u00f3n respecto del verano del a\u00f1o pasado (que cifran en un 10%), pero todos los encuestados coinciden en se\u00f1alar que estas cifras son insuficientes para asegurar la viabilidad. Un 75% cree que solo crecer\u00e1 un 10% al last del ejercicio respecto del conjunto de 2020. Preguntados acerca de la comparativa respecto al verano anterior a la pandemia, casi un 80% coincidi\u00f3 en se\u00f1alar que su facturaci\u00f3n precise est\u00e1 m\u00e1s de un 50% por debajo respecto a la temporada estival de 2019.<\/p>\n<p>Seg\u00fan los datos recopilados por Acave, las causas que est\u00e1n agudizando los problemas de las agencias de viaje en Espa\u00f1a son principalmente la ausencia de turistas internacionales. Las agencias de viaje receptivas calculan que el nivel de turistas est\u00e1 m\u00e1s de un 90% por debajo de los que hab\u00eda antes de la pandemia. <\/p>\n<p>Otro elemento que resaltan las agencias de viaje como freno a la recuperaci\u00f3n ha sido el cierre de muchos mercados internacionales a la visita de turistas espa\u00f1oles y del resto Europa. Como consecuencia de esta situaci\u00f3n, se est\u00e1 percibiendo un claro miedo o prudencia manifiesta a la hora de viajar. Aluden los profesionales a que existen todav\u00eda un exceso de tr\u00e1mites para viajar, aunque valoran la puesta en marcha del pasaporte sanitario. <\/p>\n<p>Un issue que est\u00e1 complicando la actividad de las agencias de viaje es que los turistas tienden a retrasar las decisiones de reservar tanto transportes como estancias. M\u00e1s de un 62% de las agencias encuestadas afirman que sus clientes han reservado con una antelaci\u00f3n m\u00e1xima de un mes, mientras que un 34% de los encuestados han registrado mayoritariamente reservas en plazos inferiores a 15 d\u00edas. Algunas agencias se\u00f1alan que este a\u00f1o volvi\u00f3 a ocurrir el fen\u00f3meno de cancelaciones en bloque de turoperadores tras anunciarse el cierre de fronteras a Espa\u00f1a de algunos mercados emisores clave, particularmente Reino Unido, o las recomendaciones oficiales de no viajar a Espa\u00f1a de mercados como el Alem\u00e1n o el italiano.<\/p>\n<h3>Seguros<\/h3>\n<p>La incertidumbre ha impulsado la venta de seguros de cancelaci\u00f3n, uno de los tradicionales caballos de batalla de las agencias de viajes. En este sentido, casi un 80% de las agencias consultadas confirma que ha registrado un incremento muy notable de contrataci\u00f3n de seguros por parte de sus clientes este verano. No obstante, pocos han sido los que han hecho uso de este seguro: un 46% de las agencias no ha registrado ning\u00fan caso y un 29% de agencias han registrado menos de un 10% de utilizaciones del seguro de cancelaci\u00f3n.<\/p>\n<h3>Destinos nacionales<\/h3>\n<p>Las agencias emisoras han se\u00f1alado que la tipolog\u00eda de destinos nacionales m\u00e1s demandados este verano por los Espa\u00f1oles fueron principalmente Islas Baleares y costas mediterr\u00e1neas, seguido de Islas Canarias, y en tercer lugar los destinos de turismo rural y naturaleza. Concretamente por comunidades aut\u00f3nomas, las m\u00e1s visitadas por los espa\u00f1oles que organizaron sus vacaciones con agencias de viajes fueron -por este orden- Baleares, Canarias, Andaluc\u00eda, Catalunya, Cantabria y Asturias.<\/p>\n<h3>Destinos internacionales<\/h3>\n<p>En cuanto a la tipolog\u00eda de destinos internacionales m\u00e1s demandados este verano por los Espa\u00f1oles, las agencias emisoras se\u00f1alan las siguientes: Costas e islas del Mediterr\u00e1neo (no espa\u00f1olas), capitales europeas, y tambi\u00e9n \u00c1frica y safaris.<\/p>\n<h3>Origen de las reservas internacionales<\/h3>\n<p>Las agencias receptivas coinciden en se\u00f1alar que el pa\u00eds que m\u00e1s reservas ha efectuado en el mercado espa\u00f1ol ha sido Francia, principalmente por la buena conectividad y la posibilidad de acceder con sus propios veh\u00edculos. A continuaci\u00f3n, encontramos por este orden a Alemania, Benelux, y pa\u00edses del Este como Polonia o Hungr\u00eda.<\/p>\n<h3>Destinos m\u00e1s habituales<\/h3>\n<p>\t<span class=\"smallTitle center\">Noticias relacionadas<\/span><\/p>\n<p>La tipolog\u00eda de destinos nacionales m\u00e1s demandados este verano por los turistas extranjeros fueron mayoritariamente las costas mediterr\u00e1neas y Baleares, y por este orden las siguientes comunidades aut\u00f3nomas: Catalunya, Baleares, Andaluc\u00eda y Comunidad Valenciana. Seg\u00fan un 60% de los encuestados, lo m\u00e1s determinante por parte de los turistas extranjeros a la hora de elegir un destino espa\u00f1ol han sido factores como la seguridad y confianza en la aplicaci\u00f3n de medidas sanitarias y la flexibilidad en las condiciones de cancelaci\u00f3n. Por su parte, un 30% de las agencias encuestadas considera que el issue determinante para los turistas extranjeros han sido las recomendaciones oficiales de su pa\u00eds, mientras que apenas un 10% de los encuestados consider\u00f3 que el precio fue el issue clave de la decisi\u00f3n de compra.<\/p>\n<p>La Asociaci\u00f3n Corporativa de Agencias de Viajes Especializadas (Acave) es la patronal de agencias de viajes de \u00e1mbito estatal con sede en Catalunya. Es la asociaci\u00f3n m\u00e1s representativa de Espa\u00f1a con aproximadamente 450 asociados y alrededor de 1.000 puntos de venta en toda Espa\u00f1a. Forman parte de la asociaci\u00f3n agencias de las diferentes tipolog\u00edas: emisoras vacacionales y corporativas, turoperadores, receptivas de costa y de ciudad, agencias &#8216;on line&#8217; y de cruceros.<\/p>\n<\/p><\/div>\n\n<p><em> &#8221; Fuentes www.elperiodico.com &#8221; <\/em><\/p>\n","protected":false},"excerpt":{"rendered":"<p>La progresiva recuperaci\u00f3n del sector tur\u00edstico en Espa\u00f1a est\u00e1 dejando de lado a las agencias de viajes. Un estudio presentado este jueves en el marco del Foro ACAVE XXI constata que la facturaci\u00f3n de las empresas del sector est\u00e1 todav\u00eda un 50% por debajo de los niveles del 2019, aunque este verano las ventas fueron [&hellip;]<\/p>\n","protected":false},"author":4,"featured_media":203390,"comment_status":"open","ping_status":"closed","sticky":false,"template":"","format":"standard","meta":{"om_disable_all_campaigns":false,"jnews-multi-image_gallery":[],"jnews_single_post":[],"jnews_primary_category":[],"jnews_social_meta":[],"footnotes":""},"categories":[39],"tags":[544,545],"class_list":["post-203389","post","type-post","status-publish","format-standard","has-post-thumbnail","hentry","category-viajes","tag-turismo","tag-viajes"],"_links":{"self":[{"href":"https:\/\/dimensionturistica.com\/es\/wp-json\/wp\/v2\/posts\/203389","targetHints":{"allow":["GET"]}}],"collection":[{"href":"https:\/\/dimensionturistica.com\/es\/wp-json\/wp\/v2\/posts"}],"about":[{"href":"https:\/\/dimensionturistica.com\/es\/wp-json\/wp\/v2\/types\/post"}],"author":[{"embeddable":true,"href":"https:\/\/dimensionturistica.com\/es\/wp-json\/wp\/v2\/users\/4"}],"replies":[{"embeddable":true,"href":"https:\/\/dimensionturistica.com\/es\/wp-json\/wp\/v2\/comments?post=203389"}],"version-history":[{"count":0,"href":"https:\/\/dimensionturistica.com\/es\/wp-json\/wp\/v2\/posts\/203389\/revisions"}],"wp:featuredmedia":[{"embeddable":true,"href":"https:\/\/dimensionturistica.com\/es\/wp-json\/wp\/v2\/media\/203390"}],"wp:attachment":[{"href":"https:\/\/dimensionturistica.com\/es\/wp-json\/wp\/v2\/media?parent=203389"}],"wp:term":[{"taxonomy":"category","embeddable":true,"href":"https:\/\/dimensionturistica.com\/es\/wp-json\/wp\/v2\/categories?post=203389"},{"taxonomy":"post_tag","embeddable":true,"href":"https:\/\/dimensionturistica.com\/es\/wp-json\/wp\/v2\/tags?post=203389"}],"curies":[{"name":"wp","href":"https:\/\/api.w.org\/{rel}","templated":true}]}}