{"id":203198,"date":"2021-10-07T00:39:13","date_gmt":"2021-10-07T00:39:13","guid":{"rendered":"https:\/\/dimensionturistica.com\/es\/?p=203198"},"modified":"2021-10-07T00:39:13","modified_gmt":"2021-10-07T00:39:13","slug":"canada-pedira-vacuna-covid-19-a-trabajadores-y-viajeros","status":"publish","type":"post","link":"https:\/\/dimensionturistica.com\/es\/canada-pedira-vacuna-covid-19-a-trabajadores-y-viajeros\/","title":{"rendered":"Canad\u00e1 pedir\u00e1 vacuna Covid-19 a trabajadores y viajeros"},"content":{"rendered":"<p> <br \/>\n<\/p>\n<div>\n<p><b>Canad\u00e1 <\/b>pedir\u00e1 de forma obligatoria la <b>vacuna <\/b>contra <b>Covid-19 <\/b>a los empleados federales del servicio p\u00fablico y a los canadienses que tengan que viajar a trav\u00e9s de avi\u00f3n o tren.<\/p>\n<p>El gobierno de <b>Canad\u00e1<\/b> colocar\u00e1 a los empleados federales no vacunados en licencia sin goce de sueldo y exigir\u00e1 <b>vacunas <\/b>contra <b>Covid-19 <\/b>para los pasajeros de aviones, trenes y barcos, anunci\u00f3 este mi\u00e9rcoles el primer ministro, Justin Trudeau. <\/p>\n<p>Te puede interesar: <u><span class=\"Enhancement\"><span class=\"Enhancement-item\"><a rel=\"nofollow noopener\" target=\"_blank\" class=\"Link \" href=\"https:\/\/www.tvazteca.com\/aztecanoticias\/pedro-castillo-peru-gabiente-jca\" style=\"text-decoration:none;\" data-elementdataevent=\"{&#10;                \" event=\"\" https:=\"\" data-cms-ai=\"0\"><br \/>\n            Pedro Castillo, presidente de Per\u00fa, anuncia la dimisi\u00f3n de su gabinete<br \/>\n        <\/a><\/span><\/span><\/u><\/p>\n<p>Los empleados federales deber\u00e1n declarar su estado de vacunaci\u00f3n completo a trav\u00e9s de un portal en l\u00ednea antes del 29 de octubre. Mientras que los pasajeros de 12 a\u00f1os o m\u00e1s en trenes, aviones y transporte mar\u00edtimo que operan a nivel nacional, que est\u00e1n regulados por el gobierno federal, deben demostrar que han recibido la <b>vacuna<\/b> antes del 30 de octubre. <\/p>\n<div class=\"Enhancement\">\n<div class=\"Enhancement-item\">\n<div class=\"Quote\">\n<blockquote><p>Si ha hecho lo correcto y se ha vacunado, se merece la libertad de estar a salvo del Covid.<\/p><\/blockquote>\n<\/div>\n<\/div><\/div>\n<p>\u201cEstas medidas de viaje, junto con la vacunaci\u00f3n obligatoria para los empleados federales, son algunas de las m\u00e1s fuertes del mundo\u201d, dijo Justin Trudeau, primer ministro de <b>Canad\u00e1<\/b>.<\/p>\n<div class=\"Enhancement\">\n<div class=\"Enhancement-item\">\n<figure data-module=\"\" class=\"Figure\">\n<div class=\"Figure-container\">\n        <picture><source media=\"(max-width: 767px)\" width=\"767\" height=\"499\" class=\"diligent\" srcset=\"https:\/\/tvazteca.brightspotcdn.com\/dims4\/default\/fb7761f\/2147483647\/strip\/true\/crop\/1000x651+0+0\/resize\/767x499!\/format\/jpg\/quality\/80\/?url=https%3A%2F%2Ftvazteca.brightspotcdn.com%2Fbb%2Fdd%2Fbc38e9894203922f358e601f8338%2Fa.jpg\"\/><source width=\"968\" height=\"630\" class=\"diligent\" srcset=\"https:\/\/tvazteca.brightspotcdn.com\/dims4\/default\/ad4ed35\/2147483647\/strip\/true\/crop\/1000x651+0+0\/resize\/968x630!\/format\/jpg\/quality\/80\/?url=https%3A%2F%2Ftvazteca.brightspotcdn.com%2Fbb%2Fdd%2Fbc38e9894203922f358e601f8338%2Fa.jpg\"\/><img decoding=\"async\" alt=\"Canad\u00e1\" class=\"Image diligent\" src=\"https:\/\/tvazteca.brightspotcdn.com\/dims4\/default\/ad4ed35\/2147483647\/strip\/true\/crop\/1000x651+0+0\/resize\/968x630!\/format\/jpg\/quality\/80\/?url=https%3A%2F%2Ftvazteca.brightspotcdn.com%2Fbb%2Fdd%2Fbc38e9894203922f358e601f8338%2Fa.jpg\" width=\"968\" height=\"630\"\/><\/picture>\n<p>Reuters<\/p>\n<\/div>\n<\/figure>\n<\/div><\/div>\n<div class=\"Enhancement\">\n<p><h2>Trudeau hab\u00eda prometido las nuevas medidas sanitarias en Canad\u00e1 <\/h2>\n<\/p><\/div>\n<p>Los nuevos mandatos sobre las <b>vacunas <\/b>que realiz\u00f3 el gobierno de <b>Canad\u00e1 <\/b>fueron una promesa basic de Justin Trudeau durante su campa\u00f1a para la reelecci\u00f3n el mes pasado.<\/p>\n<p>De acuerdo con agencias internacionales, <b>Canad\u00e1 <\/b>ha vacunado completamente a m\u00e1s del 80% de su poblaci\u00f3n de 12 a\u00f1os o m\u00e1s.<\/p>\n<p>Adem\u00e1s, hay cerca de 300 mil trabajadores del servicio federal, m\u00e1s 955 mil trabajadores regulados por el gobierno federal, lo que representa aproximadamente el 8% de la fuerza laboral de tiempo completo en<b> Canad\u00e1<\/b>, seg\u00fan la Junta del Tesoro, que administra el servicio p\u00fablico. <\/p>\n<div class=\"Enhancement\">\n<div class=\"Enhancement-item\">\n<figure data-module=\"\" class=\"Figure\">\n<div class=\"Figure-container\">\n        <picture><source media=\"(max-width: 767px)\" width=\"767\" height=\"506\" class=\"diligent\" srcset=\"https:\/\/tvazteca.brightspotcdn.com\/dims4\/default\/8fbba31\/2147483647\/strip\/true\/crop\/1000x660+0+0\/resize\/767x506!\/format\/jpg\/quality\/80\/?url=https%3A%2F%2Ftvazteca.brightspotcdn.com%2F88%2F2a%2Fea2c895b4a849365d1dc8110f531%2Fb.jpg\"\/><source width=\"968\" height=\"639\" class=\"diligent\" srcset=\"https:\/\/tvazteca.brightspotcdn.com\/dims4\/default\/1f9c785\/2147483647\/strip\/true\/crop\/1000x660+0+0\/resize\/968x639!\/format\/jpg\/quality\/80\/?url=https%3A%2F%2Ftvazteca.brightspotcdn.com%2F88%2F2a%2Fea2c895b4a849365d1dc8110f531%2Fb.jpg\"\/><img decoding=\"async\" alt=\"vacuna\" class=\"Image diligent\" src=\"https:\/\/tvazteca.brightspotcdn.com\/dims4\/default\/1f9c785\/2147483647\/strip\/true\/crop\/1000x660+0+0\/resize\/968x639!\/format\/jpg\/quality\/80\/?url=https%3A%2F%2Ftvazteca.brightspotcdn.com%2F88%2F2a%2Fea2c895b4a849365d1dc8110f531%2Fb.jpg\" width=\"968\" height=\"639\"\/><\/picture>\n<p>Reuters<\/p>\n<\/div>\n<\/figure>\n<\/div><\/div>\n<div class=\"Enhancement\">\n<p><h2>Podr\u00edan impugnar nuevas medidas en Canad\u00e1<\/h2>\n<\/p><\/div>\n<p>Es possible que el mandato para los empleados federales en <b>Canad\u00e1 <\/b>sea impugnado en los tribunales, dijo Daniel Lublin, un abogado laboralista con sede en Toronto, de acuerdo con la agencia Reuters. <\/p>\n<p>\u201cHabr\u00e1 reclamos\u201d, dijo Lublin, y se\u00f1al\u00f3 que la licencia sin goce de sueldo podr\u00eda impugnarse como terminaci\u00f3n efectiva o despido injusto.<\/p>\n<p>Te puede interesar: <u><span class=\"Enhancement\"><span class=\"Enhancement-item\"><a rel=\"nofollow noopener\" target=\"_blank\" class=\"Link \" href=\"https:\/\/www.tvazteca.com\/aztecanoticias\/pelea-tiroteo-arlington-jca\" style=\"text-decoration:none;\" data-elementdataevent=\"{&#10;                \" event=\"\" https:=\"\" data-cms-ai=\"0\"><br \/>\n            VIDEO: Pelea entre estudiantes habr\u00eda desatado el tiroteo en Arlington<br \/>\n        <\/a><\/span><\/span><\/u><\/p>\n<\/div>\n<p><script>\n    var azExperiencesData;\n    if (!localStorage.getItem('azExperiencesData')) azExperiencesData = {};\n    else azExperiencesData = JSON.parse(localStorage.getItem('azExperiencesData'));\n    azExperiencesData.fbAppId = 955911351473544;\n    localStorage.setItem('azExperiencesData', JSON.stringify(azExperiencesData));\n    azExperiencesData = undefined;\n    delete(azExperiencesData);\n  window.fbSdkLoadedEvent = window.fbSdkLoadedEvent || new Event('fbSdkLoaded');\n  window.fbLoginButtonStateEvent = window.fbLoginButtonStateEvent || new Event('fbLoginButtonState');\n  window.checkFBLoginButtonState = function() {\n    document.dispatchEvent(window.fbLoginButtonStateEvent);\n  }\n  window.fbAsyncInit = function() {\n    FB.init({\n      appId: '955911351473544',\n      status: true,\n      xfbml: true,\n      cookie: true,\n      oauth: true,\n      autoLogAppEvents: true,\n      version: 'v11.0'\n    });\n    document.dispatchEvent(window.fbSdkLoadedEvent);\n  };\n  (function(d, s, id) {\n  var js, fjs = d.getElementsByTagName(s)[0];\n  if (d.getElementById(id)) {return};\n  js = d.createElement(s); js.id = id;\n  js.src=\"https:\/\/connect.facebook.net\/es_ES\/sdk.js\";\n  fjs.parentNode.insertBefore(js, fjs);\n  }(document, 'script', 'facebook-jssdk'));\n<\/script><br \/>\n<br \/><\/p>\n<p><em> &#8221; Fuentes www.tvazteca.com &#8221; <\/em><\/p>\n","protected":false},"excerpt":{"rendered":"<p>Canad\u00e1 pedir\u00e1 de forma obligatoria la vacuna contra Covid-19 a los empleados federales del servicio p\u00fablico y a los canadienses que tengan que viajar a trav\u00e9s de avi\u00f3n o tren. El gobierno de Canad\u00e1 colocar\u00e1 a los empleados federales no vacunados en licencia sin goce de sueldo y exigir\u00e1 vacunas contra Covid-19 para los pasajeros [&hellip;]<\/p>\n","protected":false},"author":4,"featured_media":203199,"comment_status":"open","ping_status":"closed","sticky":false,"template":"","format":"standard","meta":{"om_disable_all_campaigns":false,"jnews-multi-image_gallery":[],"jnews_single_post":[],"jnews_primary_category":[],"jnews_social_meta":[],"footnotes":""},"categories":[40],"tags":[510,1597],"class_list":["post-203198","post","type-post","status-publish","format-standard","has-post-thumbnail","hentry","category-industria","tag-covid-19","tag-vacuna"],"_links":{"self":[{"href":"https:\/\/dimensionturistica.com\/es\/wp-json\/wp\/v2\/posts\/203198","targetHints":{"allow":["GET"]}}],"collection":[{"href":"https:\/\/dimensionturistica.com\/es\/wp-json\/wp\/v2\/posts"}],"about":[{"href":"https:\/\/dimensionturistica.com\/es\/wp-json\/wp\/v2\/types\/post"}],"author":[{"embeddable":true,"href":"https:\/\/dimensionturistica.com\/es\/wp-json\/wp\/v2\/users\/4"}],"replies":[{"embeddable":true,"href":"https:\/\/dimensionturistica.com\/es\/wp-json\/wp\/v2\/comments?post=203198"}],"version-history":[{"count":0,"href":"https:\/\/dimensionturistica.com\/es\/wp-json\/wp\/v2\/posts\/203198\/revisions"}],"wp:featuredmedia":[{"embeddable":true,"href":"https:\/\/dimensionturistica.com\/es\/wp-json\/wp\/v2\/media\/203199"}],"wp:attachment":[{"href":"https:\/\/dimensionturistica.com\/es\/wp-json\/wp\/v2\/media?parent=203198"}],"wp:term":[{"taxonomy":"category","embeddable":true,"href":"https:\/\/dimensionturistica.com\/es\/wp-json\/wp\/v2\/categories?post=203198"},{"taxonomy":"post_tag","embeddable":true,"href":"https:\/\/dimensionturistica.com\/es\/wp-json\/wp\/v2\/tags?post=203198"}],"curies":[{"name":"wp","href":"https:\/\/api.w.org\/{rel}","templated":true}]}}