{"id":202748,"date":"2021-10-06T10:22:15","date_gmt":"2021-10-06T10:22:15","guid":{"rendered":"https:\/\/dimensionturistica.com\/es\/?p=202748"},"modified":"2021-10-06T10:22:15","modified_gmt":"2021-10-06T10:22:15","slug":"idilia-foods-incrementa-un-77-en-ventas-y-26-beneficios","status":"publish","type":"post","link":"https:\/\/dimensionturistica.com\/es\/idilia-foods-incrementa-un-77-en-ventas-y-26-beneficios\/","title":{"rendered":"Idilia Foods incrementa un 7,7% en ventas y 2,6% beneficios"},"content":{"rendered":"<p> <br \/>\n<\/p>\n<div>\n<p>\n\t\t\t\t\t\t\t\t                                Idilia Meals, empresa fabricante de marcas como ColaCao y Nocilla, concentr\u00f3 el 97% de su negocio en 2020 en el mercado espa\u00f1ol logrando\u00a0engordar su cifra de ventas un 7,7% (+9,2%) este \u00faltimo a\u00f1o hasta alcanzar una facturaci\u00f3n de 186 millones de euros                            <\/p>\n<p><b>Idilia Meals <\/b>ha presentado sus cuentas del \u00faltimo ejercicio con un beneficio de <strong>17,5 millones de euros de beneficio<\/strong> y <strong>186 millones<\/strong> de euros en <strong>facturaci\u00f3n<\/strong>. La compa\u00f1\u00eda concentr\u00f3 el 97% de su negocio en 2020 en el mercado espa\u00f1ol y ha logrado una <strong>rentabilidad econ\u00f3mica<\/strong> del 14,9% (+2,7%).<\/p>\n<p>La <a target=\"_blank\" href=\"https:\/\/idilia.es\/\" rel=\"noopener\">empresa fabricante<\/a> de marcas como <em>ColaCao<\/em> y <em>Nocilla<\/em> ha registrado un <strong>crecimiento en su cifra de ventas<\/strong> del 7,7% entre 2019 y 2020 tras haber ca\u00eddo el 1,5% entre 2018 y 2019. Misma tendencia que sigue su <strong>resultado neto<\/strong>, con un crecimiento cercano al 3% despu\u00e9s de dejarse m\u00e1s de un 8% entre 2018 y 2019.<\/p>\n<p>En l\u00ednea con el crecimiento marcado en 2019, la <strong>rentabilidad financiera<\/strong> de Idilia Meals alcanz\u00f3 un <strong>nivel positivo<\/strong> del 19,4% variando ligeramente del 20,0% (-0,6%) del a\u00f1o anterior.<\/p>\n<h2>Con <em>ColaCao<\/em> junto al deporte ol\u00edmpico<\/h2>\n<div>\n<p><img loading=\"lazy\" decoding=\"async\" class=\" wp-image-116604 alignleft lazyload\" src=\"https:\/\/www.sweetpress.com\/storage\/2021\/06\/cola-cao-deporte-olimpico-celebran-bodas-oro-480x253.jpg\" alt=\"\" width=\"300\" height=\"158\" data-sizes=\"auto\" srcset=\"https:\/\/www.sweetpress.com\/storage\/2021\/06\/cola-cao-deporte-olimpico-celebran-bodas-oro-480x253.jpg 480w, https:\/\/www.sweetpress.com\/storage\/2021\/06\/cola-cao-deporte-olimpico-celebran-bodas-oro.jpg 784w, https:\/\/www.sweetpress.com\/storage\/2021\/06\/cola-cao-deporte-olimpico-celebran-bodas-oro-670x353.jpg 670w, https:\/\/www.sweetpress.com\/storage\/2021\/06\/cola-cao-deporte-olimpico-celebran-bodas-oro-320x169.jpg 320w, https:\/\/www.sweetpress.com\/storage\/2021\/06\/cola-cao-deporte-olimpico-celebran-bodas-oro-190x100.jpg 190w\" sizes=\"auto, (max-width: 300px) 100vw, 300px\"\/><noscript><img decoding=\"async\" class=\" wp-image-116604 alignleft\" src=\"https:\/\/www.sweetpress.com\/storage\/2021\/06\/cola-cao-deporte-olimpico-celebran-bodas-oro-480x253.jpg\" alt=\"\" width=\"300\" height=\"158\" srcset=\"https:\/\/www.sweetpress.com\/storage\/2021\/06\/cola-cao-deporte-olimpico-celebran-bodas-oro-480x253.jpg 480w, https:\/\/www.sweetpress.com\/storage\/2021\/06\/cola-cao-deporte-olimpico-celebran-bodas-oro.jpg 784w, https:\/\/www.sweetpress.com\/storage\/2021\/06\/cola-cao-deporte-olimpico-celebran-bodas-oro-670x353.jpg 670w, https:\/\/www.sweetpress.com\/storage\/2021\/06\/cola-cao-deporte-olimpico-celebran-bodas-oro-320x169.jpg 320w, https:\/\/www.sweetpress.com\/storage\/2021\/06\/cola-cao-deporte-olimpico-celebran-bodas-oro-190x100.jpg 190w\" sizes=\"(max-width: 300px) 100vw, 300px\"\/><\/noscript>Desde que en 1972 <em>ColaCao<\/em> se vinculara al deporte ol\u00edmpico, con motivo de los Juegos Ol\u00edmpicos de M\u00fanich, ha pasado casi medio siglo. Por ello, <em><a target=\"_blank\" href=\"https:\/\/colacao.es\/\" rel=\"noopener\">ColaCao<\/a><\/em> quiso conmemorar esta efem\u00e9ride con un <strong>dise\u00f1o exclusivo de homenaje<\/strong>\u00a0en el que el estadio ol\u00edmpico se traslada al bote de\u00a0<em>ColaCao<\/em>\u00a0y donde se\u00a0<a target=\"_blank\" href=\"https:\/\/www.sweetpress.com\/una-beca-vamos-de-colacao-premia-el-desafio-a-los-estereotipos-de-genero-en-gimnasia-ritmica\/\" rel=\"noopener\">representan a deportistas<\/a> de distintas disciplinas, con presencia de atletas ol\u00edmpicos y paral\u00edmpicos, mostrando tambi\u00e9n el apoyo de la marca a la <strong>inclusi\u00f3n<\/strong>\u00a0y la\u00a0<strong>diversidad.<\/strong><\/p>\n<p><em>\u201cColaCao<\/em>\u00a0siempre ha fomentado como marca los\u00a0<strong>valores positivos<\/strong>\u00a0del deporte. Es un orgullo poder celebrar 50 a\u00f1os al lado del olimpismo, y hacerlo con una edici\u00f3n especial de nuestro bote, y como patrocinadores de los\u00a0<strong>equipos ol\u00edmpicos<\/strong>\u00a0y\u00a0<strong>paral\u00edmpicos<\/strong>\u00a0de nuestro pa\u00eds, le otorga un car\u00e1cter muy especial\u201d, explica\u00a0<strong>Xavi Pons<\/strong>, consejero delegado de Idilia Meals, compa\u00f1\u00eda que integra la marca.<\/p>\n<p><img loading=\"lazy\" decoding=\"async\" class=\" wp-image-117371 alignright lazyload\" src=\"https:\/\/www.sweetpress.com\/storage\/2021\/07\/colacao-tokio-2020-480x253.jpg\" alt=\"\" width=\"340\" height=\"179\" data-sizes=\"auto\" srcset=\"https:\/\/www.sweetpress.com\/storage\/2021\/07\/colacao-tokio-2020-480x253.jpg 480w, https:\/\/www.sweetpress.com\/storage\/2021\/07\/colacao-tokio-2020.jpg 784w, https:\/\/www.sweetpress.com\/storage\/2021\/07\/colacao-tokio-2020-670x353.jpg 670w, https:\/\/www.sweetpress.com\/storage\/2021\/07\/colacao-tokio-2020-320x169.jpg 320w, https:\/\/www.sweetpress.com\/storage\/2021\/07\/colacao-tokio-2020-190x100.jpg 190w\" sizes=\"auto, (max-width: 340px) 100vw, 340px\"\/><noscript><img decoding=\"async\" class=\" wp-image-117371 alignright\" src=\"https:\/\/www.sweetpress.com\/storage\/2021\/07\/colacao-tokio-2020-480x253.jpg\" alt=\"\" width=\"340\" height=\"179\" srcset=\"https:\/\/www.sweetpress.com\/storage\/2021\/07\/colacao-tokio-2020-480x253.jpg 480w, https:\/\/www.sweetpress.com\/storage\/2021\/07\/colacao-tokio-2020.jpg 784w, https:\/\/www.sweetpress.com\/storage\/2021\/07\/colacao-tokio-2020-670x353.jpg 670w, https:\/\/www.sweetpress.com\/storage\/2021\/07\/colacao-tokio-2020-320x169.jpg 320w, https:\/\/www.sweetpress.com\/storage\/2021\/07\/colacao-tokio-2020-190x100.jpg 190w\" sizes=\"(max-width: 340px) 100vw, 340px\"\/><\/noscript><\/p>\n<p>En la \u00faltima edici\u00f3n celebrada en Tokio este verano, <a target=\"_blank\" href=\"https:\/\/www.sweetpress.com\/mireia-belmonte-y-saul-craviotto-embajadores-de-las-becas-vamos-cola-cao\/\" rel=\"noopener\">dos embajadores de la marca<\/a>, la nadadora\u00a0<strong>Mireia Belmonte<\/strong>\u00a0y el pirag\u00fcista\u00a0<strong>Sa\u00fal Craviotto<\/strong> fueron los encargados de ser <a target=\"_blank\" href=\"https:\/\/www.sweetpress.com\/mireia-belmonte-craviotto-tokio-2020\/\" rel=\"noopener\">abanderados de <strong>Espa\u00f1a<\/strong><\/a>\u00a0en la\u00a0<strong>ceremonia de inauguraci\u00f3n. <\/strong>Ambos deportistas son\u00a0medallistas en diferentes ediciones de los Juegos, sumando nueve metales:\u00a0<strong>un oro ol\u00edmpico, dos platas y dos bronces<\/strong>\u00a0en Londres 2012 y R\u00edo 2016 en el caso de Mireia y\u00a0<strong>dos oros, una plata y un bronce<\/strong> en Pek\u00edn 2008, Londres 2012 y R\u00edo 2016, en el caso de Craviotto.<\/p>\n<h2>Expansi\u00f3n galletera con <em>Nocilla<\/em><\/h2>\n<p><img loading=\"lazy\" decoding=\"async\" class=\" wp-image-113207 alignleft lazyload\" src=\"https:\/\/www.sweetpress.com\/storage\/2021\/02\/nocilla-cookies-ana-simon-480x253.jpg\" alt=\"\" width=\"340\" height=\"179\" data-sizes=\"auto\" srcset=\"https:\/\/www.sweetpress.com\/storage\/2021\/02\/nocilla-cookies-ana-simon-480x253.jpg 480w, https:\/\/www.sweetpress.com\/storage\/2021\/02\/nocilla-cookies-ana-simon.jpg 784w, https:\/\/www.sweetpress.com\/storage\/2021\/02\/nocilla-cookies-ana-simon-670x353.jpg 670w, https:\/\/www.sweetpress.com\/storage\/2021\/02\/nocilla-cookies-ana-simon-320x169.jpg 320w, https:\/\/www.sweetpress.com\/storage\/2021\/02\/nocilla-cookies-ana-simon-190x100.jpg 190w\" sizes=\"auto, (max-width: 340px) 100vw, 340px\"\/><noscript><img decoding=\"async\" class=\" wp-image-113207 alignleft\" src=\"https:\/\/www.sweetpress.com\/storage\/2021\/02\/nocilla-cookies-ana-simon-480x253.jpg\" alt=\"\" width=\"340\" height=\"179\" srcset=\"https:\/\/www.sweetpress.com\/storage\/2021\/02\/nocilla-cookies-ana-simon-480x253.jpg 480w, https:\/\/www.sweetpress.com\/storage\/2021\/02\/nocilla-cookies-ana-simon.jpg 784w, https:\/\/www.sweetpress.com\/storage\/2021\/02\/nocilla-cookies-ana-simon-670x353.jpg 670w, https:\/\/www.sweetpress.com\/storage\/2021\/02\/nocilla-cookies-ana-simon-320x169.jpg 320w, https:\/\/www.sweetpress.com\/storage\/2021\/02\/nocilla-cookies-ana-simon-190x100.jpg 190w\" sizes=\"(max-width: 340px) 100vw, 340px\"\/><\/noscript>Idilia Meals ha aterrizado en este 2021 en el <strong>negocio de galletas<\/strong>, con el lanzamiento de <strong><em>Nocilla\u00a0Cookies<\/em><\/strong>, que \u201cha supuesto un gran hito para la marca, ya que ha significado nuestra <strong>entrada a otra categor\u00eda<\/strong>, m\u00e1s all\u00e1 de la crema&#8221;, seg\u00fan explicaron fuentes la compa\u00f1\u00eda a <a target=\"_blank\" href=\"https:\/\/www.sweetpress.com\/galletas-innovacion-empresarial-exito-2021\/\" rel=\"noopener\"><em>Dulces Noticias&#8230; y algo m\u00e1s<\/em><\/a>, en el informe de galletas. &#8220;Lo hemos hecho conservando el ADN de <em>Nocilla,<\/em> una marca con un recorrido de m\u00e1s de 50 a\u00f1os, ic\u00f3nica y muy querida por el consumidor\u201d.<\/p>\n<p>Su desarrollo ha requerido un\u00a0<strong>intenso trabajo de I+D+i,<\/strong> ya que ha significado &#8220;un gran reto tanto para nuestros equipos de Marketing, que <strong>han alineado los valores<\/strong> y el coraz\u00f3n de la marca a un producto alejado de la categor\u00eda de cremas&#8221;.<\/p>\n<\/div>\n<p class=\"article-num-publication\">\n                                <a target=\"_blank\" href=\"https:\/\/www.sweetpress.com\/suscripciones\/\" title=\"N\u00famero de publicaci\u00f3n\" rel=\"noopener\">Otras informaciones en la edici\u00f3n de Dulces Noticias&#8230; y algo m\u00e1s n\u00fam. 393 (noviembre 2021)<\/a>\n                            <\/p>\n<\/p><\/div>\n\n<p><em> \u2018 The preceding article may include information circulated by third parties \u2019 <\/em><\/p>\n<p><em> \u2018 Some details of this article were extracted from the following source www.sweetpress.com \u2019 <\/em><\/p>\n","protected":false},"excerpt":{"rendered":"<p>Idilia Meals, empresa fabricante de marcas como ColaCao y Nocilla, concentr\u00f3 el 97% de su negocio en 2020 en el mercado espa\u00f1ol logrando\u00a0engordar su cifra de ventas un 7,7% (+9,2%) este \u00faltimo a\u00f1o hasta alcanzar una facturaci\u00f3n de 186 millones de euros Idilia Meals ha presentado sus cuentas del \u00faltimo ejercicio con un beneficio de [&hellip;]<\/p>\n","protected":false},"author":2,"featured_media":202749,"comment_status":"open","ping_status":"closed","sticky":false,"template":"","format":"standard","meta":{"om_disable_all_campaigns":false,"jnews-multi-image_gallery":[],"jnews_single_post":[],"jnews_primary_category":[],"jnews_social_meta":[],"footnotes":""},"categories":[43],"tags":[],"class_list":["post-202748","post","type-post","status-publish","format-standard","has-post-thumbnail","hentry","category-gourmet"],"_links":{"self":[{"href":"https:\/\/dimensionturistica.com\/es\/wp-json\/wp\/v2\/posts\/202748","targetHints":{"allow":["GET"]}}],"collection":[{"href":"https:\/\/dimensionturistica.com\/es\/wp-json\/wp\/v2\/posts"}],"about":[{"href":"https:\/\/dimensionturistica.com\/es\/wp-json\/wp\/v2\/types\/post"}],"author":[{"embeddable":true,"href":"https:\/\/dimensionturistica.com\/es\/wp-json\/wp\/v2\/users\/2"}],"replies":[{"embeddable":true,"href":"https:\/\/dimensionturistica.com\/es\/wp-json\/wp\/v2\/comments?post=202748"}],"version-history":[{"count":0,"href":"https:\/\/dimensionturistica.com\/es\/wp-json\/wp\/v2\/posts\/202748\/revisions"}],"wp:featuredmedia":[{"embeddable":true,"href":"https:\/\/dimensionturistica.com\/es\/wp-json\/wp\/v2\/media\/202749"}],"wp:attachment":[{"href":"https:\/\/dimensionturistica.com\/es\/wp-json\/wp\/v2\/media?parent=202748"}],"wp:term":[{"taxonomy":"category","embeddable":true,"href":"https:\/\/dimensionturistica.com\/es\/wp-json\/wp\/v2\/categories?post=202748"},{"taxonomy":"post_tag","embeddable":true,"href":"https:\/\/dimensionturistica.com\/es\/wp-json\/wp\/v2\/tags?post=202748"}],"curies":[{"name":"wp","href":"https:\/\/api.w.org\/{rel}","templated":true}]}}