{"id":202190,"date":"2021-10-05T15:25:18","date_gmt":"2021-10-05T15:25:18","guid":{"rendered":"https:\/\/dimensionturistica.com\/es\/?p=202190"},"modified":"2021-10-05T15:25:19","modified_gmt":"2021-10-05T15:25:19","slug":"se-quejan-en-villa-mella-por-apresamientos-fuera-del-horario-del-toque-de-queda","status":"publish","type":"post","link":"https:\/\/dimensionturistica.com\/es\/se-quejan-en-villa-mella-por-apresamientos-fuera-del-horario-del-toque-de-queda\/","title":{"rendered":"Se quejan en Villa Mella por apresamientos fuera del horario del toque de queda"},"content":{"rendered":"<p> <br \/>\n<\/p>\n<div>\n<div class=\"paragraph\" mlnid=\"idcon=17365728;order=7.0\">\n<p>Varias personas denunciaron que fueron detenidas en los \u00faltimos fines de semanas por agentes de la Polic\u00eda dentro del horario permitido para transitar en las calles y que, como argumentos para su detenci\u00f3n, en Villa Mella, Santo Domingo Norte, los miembros de la uniformada les informan que violaron el decreto de restricci\u00f3n vigente en la provincia de Santo Domingo, cuando no es as\u00ed.<\/p>\n<p>Adem\u00e1s de pagar los <b>RD$1,000 pesos como multa<\/b>, la que se debe hacer efectiva por transferencia, para retirar los objetos incautados por los polic\u00edas, al ciudadano se le obliga realizar varios viajes al destacamento porque si el oficial de la noche en la que amaneci\u00f3 detenido no est\u00e1 de turno los que lo relevan dicen no tener autorizaci\u00f3n para hacer la entrega, seg\u00fan se pudo constatar.<\/p>\n<p>Los denunciantes, quienes prefirieron no ser citados por sus nombres, afirman que en ocasiones sus pertenec\u00edas no aparecen completas en el <b>destacamento pr\u00f3ximo a la \u201cRotonda\u201d de Villa Mella <\/b>y que para poder obtenerlas deben valerse de \u201ccu\u00f1as\u201d.<\/p>\n<p>Las privaciones de la libertad, supuestamente por violar <b>el decreto 432-21, del 12 de julio de 2021<\/b>, correspondiente al estado de emergencia y la prohibici\u00f3n de circulaci\u00f3n, se extienden hasta por m\u00e1s de doce horas porque tras amanecer en el cuartel, los \u201cvioladores\u201d de la medida tienen que esperar a que el fiscal llegue y firme su salida, entre 11 y 12 del mediod\u00eda.<\/p>\n<p>Las personas que se quejan de su detenci\u00f3n afirman que fueron trasladados al destacamento a las 12:00 y 12:30 de la noche, cuando se dirig\u00edan a sus residencias.<\/p>\n<p>Se recuerda que en la provincia de Santo Domingo y sus municipios el toque de queda inicia a las 11:00 de la noche hasta las 5:00 de la ma\u00f1ana del d\u00eda siguiente, con una gracia de circulaci\u00f3n hasta la 1:00 de la ma\u00f1ana.<\/p>\n<p>Las restricciones se eliminaron para el Distrito Nacional, La Altagracia y en Pedernales.<\/p>\n<\/p><\/div><\/div>\n\n<p><em> &#8221; Fuentes www.diariolibre.com &#8221; <\/em><\/p>\n","protected":false},"excerpt":{"rendered":"<p>Varias personas denunciaron que fueron detenidas en los \u00faltimos fines de semanas por agentes de la Polic\u00eda dentro del horario permitido para transitar en las calles y que, como argumentos para su detenci\u00f3n, en Villa Mella, Santo Domingo Norte, los miembros de la uniformada les informan que violaron el decreto de restricci\u00f3n vigente en la [&hellip;]<\/p>\n","protected":false},"author":4,"featured_media":202191,"comment_status":"open","ping_status":"closed","sticky":false,"template":"","format":"standard","meta":{"om_disable_all_campaigns":false,"jnews-multi-image_gallery":[],"jnews_single_post":[],"jnews_primary_category":[],"jnews_social_meta":[],"footnotes":""},"categories":[40],"tags":[1429],"class_list":["post-202190","post","type-post","status-publish","format-standard","has-post-thumbnail","hentry","category-industria","tag-santo-domingo"],"_links":{"self":[{"href":"https:\/\/dimensionturistica.com\/es\/wp-json\/wp\/v2\/posts\/202190","targetHints":{"allow":["GET"]}}],"collection":[{"href":"https:\/\/dimensionturistica.com\/es\/wp-json\/wp\/v2\/posts"}],"about":[{"href":"https:\/\/dimensionturistica.com\/es\/wp-json\/wp\/v2\/types\/post"}],"author":[{"embeddable":true,"href":"https:\/\/dimensionturistica.com\/es\/wp-json\/wp\/v2\/users\/4"}],"replies":[{"embeddable":true,"href":"https:\/\/dimensionturistica.com\/es\/wp-json\/wp\/v2\/comments?post=202190"}],"version-history":[{"count":0,"href":"https:\/\/dimensionturistica.com\/es\/wp-json\/wp\/v2\/posts\/202190\/revisions"}],"wp:featuredmedia":[{"embeddable":true,"href":"https:\/\/dimensionturistica.com\/es\/wp-json\/wp\/v2\/media\/202191"}],"wp:attachment":[{"href":"https:\/\/dimensionturistica.com\/es\/wp-json\/wp\/v2\/media?parent=202190"}],"wp:term":[{"taxonomy":"category","embeddable":true,"href":"https:\/\/dimensionturistica.com\/es\/wp-json\/wp\/v2\/categories?post=202190"},{"taxonomy":"post_tag","embeddable":true,"href":"https:\/\/dimensionturistica.com\/es\/wp-json\/wp\/v2\/tags?post=202190"}],"curies":[{"name":"wp","href":"https:\/\/api.w.org\/{rel}","templated":true}]}}