{"id":201930,"date":"2021-10-05T07:20:07","date_gmt":"2021-10-05T07:20:07","guid":{"rendered":"https:\/\/dimensionturistica.com\/es\/?p=201930"},"modified":"2021-10-05T07:20:07","modified_gmt":"2021-10-05T07:20:07","slug":"lunes-5-de-octubre-de-2021-05-30-gmt","status":"publish","type":"post","link":"https:\/\/dimensionturistica.com\/es\/lunes-5-de-octubre-de-2021-05-30-gmt\/","title":{"rendered":"Lunes, 5 de octubre de 2021 (05.30 GMT)"},"content":{"rendered":"<p> <br \/>\n<\/p>\n<div id=\"\">\n<span class=\"show-for-sr\">Este contenido fue publicado el 05 octubre 2021 &#8211; 05:34<\/span><br \/>\n<time class=\"si-detail__date\" datetime=\"2021-10-05T05:34:54+02:00\"><br \/>\n<span aria-hidden=\"true\">05 octubre 2021 &#8211; 05:34<\/span><br \/>\n<\/time><\/p>\n<address class=\"si-detail__author\" data-uk-scrollspy=\"hidden: false; repeat: true; offset-top: -50\">\n<\/address>\n<p>EEUU FACEBOOK &#8211; Washington &#8211; La antigua empleada de Fb que filtr\u00f3 a los medios informes de la compa\u00f1\u00eda en los que se admite el da\u00f1o que Instagram est\u00e1 causando en los adolescentes declara este martes ante un subcomit\u00e9 del Senado de Estados Unidos.<\/p>\n<p>FRANCIA PEDERASTIA &#8211; Par\u00eds &#8211; La iglesia cat\u00f3lica francesa publica el informe elaborado por la comisi\u00f3n independiente sobre la pederastia en el seno de la instituci\u00f3n tras tres a\u00f1os de trabajos en los que se han recogido decenas de miles de testimonios de v\u00edctimas.<\/p>\n<p>(v\u00eddeo)<\/p>\n<p>FRANCIA EEUU &#8211; Par\u00eds &#8211; El ministro franc\u00e9s de Exteriores, Jean-Yves Le Drian, se re\u00fane con el secretario de Estado de EE.UU., Anthony Blinken, en el primer encuentro de alto nivel entre ambos pa\u00edses tras la disaster de los submarinos y la alianza del Indopac\u00edfico.<\/p>\n<p>OCDE MINISTROS &#8211; Par\u00eds &#8211; Los ministros de Exteriores de la OCDE debaten el futuro de la instituci\u00f3n y aprobar\u00e1n una declaraci\u00f3n que resaltar\u00e1n los valores constitucionales, los mercados abiertos, las libertades individuales y los derechos humanos y en la que se articular\u00e1, entre otros asuntos, la pol\u00edtica con China.<\/p>\n<p>(v\u00eddeo)<\/p>\n<p>COLOMBIA VENEZUELA &#8211; C\u00facuta (Colombia) &#8211; Los pasos fronterizos entre Colombia y Venezuela, cerrados desde 2015, se abren este martes, con la expectaci\u00f3n que conlleva esta medida ante el posible impulso que puede recibir la econom\u00eda de ambos pa\u00edses.<\/p>\n<p>(foto) (audio) (v\u00eddeo)<\/p>\n<p>CORONAVIRUS<\/p>\n<p>==============<\/p>\n<p>UE &#8211; La Haya &#8211; La Agencia Europea de Medicamentos (EMA) explica este martes sus conclusiones sobre la necesidad de la vacunaci\u00f3n adicional de personas inmunodeprimidas o vulnerables, as\u00ed como su recomendaci\u00f3n sobre una dosis de refuerzo en la poblaci\u00f3n basic.<\/p>\n<p>VACUNACI\u00d3N &#8211; Ginebra &#8211; El secretario basic de la ONU, Antonio Guterres, y el director genera de la OMS, Tedros Adhanom Ghebreyesus, ofrecen una rueda de prensa dedicada a una estrategia de vacunaci\u00f3n international contra la covid-19.<\/p>\n<p>&#8212;&#8212;&#8212;&#8212;&#8212;&#8212;&#8212;&#8212;&#8212;-<\/p>\n<p>R.UNIDO CONSERVADORES &#8211; M\u00e1nchester (R.Unido) &#8211; Los conservadores brit\u00e1nicos celebran un congreso anual ensombrecido por los efectos cada m\u00e1s visibles del Brexit sobre la econom\u00eda del Reino Unido, que han perturbado la cadena de suministros y amenazan el mercado laboral. Por Enrique Rubio.<\/p>\n<p>(foto) (v\u00eddeo) (audio)<\/p>\n<p>R.UNIDO DESABASTECIMIENTO &#8211; Londres &#8211; Las gasolineras de la mayor parte del Reino Unido van recuperando la normalidad, pero la situaci\u00f3n est\u00e1 lejos de estabilizarse en Londres y el sureste de Inglaterra pese a la intervenci\u00f3n de urgencia del Ej\u00e9rcito para asegurar el reparto.<\/p>\n<p>(audio)<\/p>\n<p>EEUU VERTIDO &#8211; Huntinton Seaside (EEUU) &#8211; Las playas de Huntington Seaside, en el sur de California, podr\u00edan permanecer cerradas durante semanas o meses por culpa de los m\u00e1s de 3.000 barriles de petr\u00f3leo vertidos desde una plataforma petrol\u00edfera del pac\u00edfico que, al parecer, fue golpeada por el ancla de un barco.<\/p>\n<p>ALEMANIA GOBIERNO &#8211; Berl\u00edn &#8211; Los Verdes, \u00e1rbitros con los liberales para la formaci\u00f3n de un Gobierno de coalici\u00f3n en Alemania, se re\u00fanen este martes con representantes de la CDU\/CSU para explorar posibilidades de una alianza con los conservadores.<\/p>\n<p>ITALIA ELECCIONES &#8211; Roma &#8211; Los partidos italianos analizan los resultados de unas elecciones municipales en las que el centroizquierda conserv\u00f3 importantes ciudades como Mil\u00e1n, aunque se jugar\u00e1 con la derecha otras como Roma y Tur\u00edn en un segundo turno.<\/p>\n<p>(foto)<\/p>\n<p>TRANSPORTE A\u00c9REO &#8211; Boston (EEUU).- La Asociaci\u00f3n Internacional del Transporte A\u00e9reo (IATA) finaliza su reuni\u00f3n en Boston con un llamamiento a los gobiernos de todo el mundo para que reduzcan y armonicen las restricciones ante la pandemia y ayuden al sector a\u00e9reo a continuar con su recuperaci\u00f3n.<\/p>\n<p>(foto) (video)<\/p>\n<p>UE FINANZAS &#8211; Luxemburgo &#8211; Los ministros de Econom\u00eda y Finanzas de la Uni\u00f3n Europea repasan este martes la puesta en marcha del fondo de recuperaci\u00f3n, adem\u00e1s de actualizar la lista comunitaria de para\u00edsos fiscales tras las revelaciones de los Papeles de Pandora.<\/p>\n<p>NOBEL F\u00cdSICA &#8211; Copenhague &#8211; La Actual Academia de las Ciencias Sueca concede el Nobel de F\u00edsica de este a\u00f1o, segundo de los galardones que se dan a conocer, tras el anunciado de Medicina, y a los que seguir\u00e1n los de Qu\u00edmica, Literatura, de la Paz y Econom\u00eda.<\/p>\n<p>(foto)<\/p>\n<p>ESPACIO EEI &#8211; Mosc\u00fa &#8211; La actriz rusa Yulia Peresild y el director de cine Klim Shipenko vuelan a bordo de la nave Soyuz MS-19 a la Estaci\u00f3n Espacial Internacional (EEI), donde filmar\u00e1n la primera pel\u00edcula en el espacio, adelant\u00e1ndose as\u00ed a los proyectos de Hollywood y de la agencia espacial estadounidense, NASA.<\/p>\n<p>(foto)(v\u00eddeo)<\/p>\n<p>RESTAURANTES PREMIO &#8211; Bruselas &#8211; La organizaci\u00f3n The World&#8217;s 50 Greatest Eating places anuncia este martes la lista de los 50 mejores restaurantes del mundo, elegidos en base a las opiniones de miles de expertos internacionales en la industria.<\/p>\n<p>PAR\u00cdS MODA &#8211; Par\u00eds &#8211; La Semana de la Moda de Par\u00eds cierra sus puertas con el desfile de Chanel, que presenta su colecci\u00f3n primavera-verano 2022.<\/p>\n<p>(foto) (v\u00eddeo)<\/p>\n<p>lab<\/p>\n<p>EFE Internacional<\/p>\n<p>(+34) 913467303<\/p>\n<p>mesacentral@efe.com<\/p>\n<p>Si quiere conocer otros actos y acontecimientos informativos previstos para hoy o cualquiera de los pr\u00f3ximos 365 d\u00edas, en Espa\u00f1a y en el mundo, ponemos a su disposici\u00f3n la Agenda Digital Mundial, a la que se accede por Web y que se actualiza al instante cada vez que EFE conoce una nueva convocatoria. Esta herramienta permite segmentar las previsiones seg\u00fan el inter\u00e9s del usuario. Para m\u00e1s informaci\u00f3n sobre \u00e9ste u otros productos, p\u00f3ngase en contacto con nuestro Departamento de atenci\u00f3n al cliente en el tel\u00e9fono (34)902222392, en horario continuo desde las 08:30 horas hasta las 20:00 horas, o en la direcci\u00f3n electr\u00f3nica clientes@efe.com<\/p>\n<p>\u00a9 EFE 2021. Est\u00e1 expresamente prohibida la redistribuci\u00f3n y la redifusi\u00f3n de todo o parte de los contenidos de los servicios de Efe, sin previo y expreso consentimiento de la Agencia EFE S.A.<\/p>\n<\/p><\/div>\n\n<p><em> \u2018 The preceding article may include information circulated by third parties \u2019 <\/em><\/p>\n<p><em> \u2018 Some details of this article were extracted from the following source www.swissinfo.ch \u2019 <\/em><\/p>\n","protected":false},"excerpt":{"rendered":"<p>Este contenido fue publicado el 05 octubre 2021 &#8211; 05:34 05 octubre 2021 &#8211; 05:34 EEUU FACEBOOK &#8211; Washington &#8211; La antigua empleada de Fb que filtr\u00f3 a los medios informes de la compa\u00f1\u00eda en los que se admite el da\u00f1o que Instagram est\u00e1 causando en los adolescentes declara este martes ante un subcomit\u00e9 del [&hellip;]<\/p>\n","protected":false},"author":2,"featured_media":118411,"comment_status":"open","ping_status":"closed","sticky":false,"template":"","format":"standard","meta":{"om_disable_all_campaigns":false,"jnews-multi-image_gallery":[],"jnews_single_post":[],"jnews_primary_category":[],"jnews_social_meta":[],"footnotes":""},"categories":[43],"tags":[],"class_list":["post-201930","post","type-post","status-publish","format-standard","has-post-thumbnail","hentry","category-gourmet"],"_links":{"self":[{"href":"https:\/\/dimensionturistica.com\/es\/wp-json\/wp\/v2\/posts\/201930","targetHints":{"allow":["GET"]}}],"collection":[{"href":"https:\/\/dimensionturistica.com\/es\/wp-json\/wp\/v2\/posts"}],"about":[{"href":"https:\/\/dimensionturistica.com\/es\/wp-json\/wp\/v2\/types\/post"}],"author":[{"embeddable":true,"href":"https:\/\/dimensionturistica.com\/es\/wp-json\/wp\/v2\/users\/2"}],"replies":[{"embeddable":true,"href":"https:\/\/dimensionturistica.com\/es\/wp-json\/wp\/v2\/comments?post=201930"}],"version-history":[{"count":0,"href":"https:\/\/dimensionturistica.com\/es\/wp-json\/wp\/v2\/posts\/201930\/revisions"}],"wp:featuredmedia":[{"embeddable":true,"href":"https:\/\/dimensionturistica.com\/es\/wp-json\/wp\/v2\/media\/118411"}],"wp:attachment":[{"href":"https:\/\/dimensionturistica.com\/es\/wp-json\/wp\/v2\/media?parent=201930"}],"wp:term":[{"taxonomy":"category","embeddable":true,"href":"https:\/\/dimensionturistica.com\/es\/wp-json\/wp\/v2\/categories?post=201930"},{"taxonomy":"post_tag","embeddable":true,"href":"https:\/\/dimensionturistica.com\/es\/wp-json\/wp\/v2\/tags?post=201930"}],"curies":[{"name":"wp","href":"https:\/\/api.w.org\/{rel}","templated":true}]}}