{"id":201490,"date":"2021-10-04T12:54:35","date_gmt":"2021-10-04T12:54:35","guid":{"rendered":"https:\/\/dimensionturistica.com\/es\/?p=201490"},"modified":"2021-10-04T12:54:35","modified_gmt":"2021-10-04T12:54:35","slug":"diputacion-promociona-los-aove-jaen-seleccion-entre-los-mejores-cocineros-del-mundo-en-the-50-best-restaurants","status":"publish","type":"post","link":"https:\/\/dimensionturistica.com\/es\/diputacion-promociona-los-aove-jaen-seleccion-entre-los-mejores-cocineros-del-mundo-en-the-50-best-restaurants\/","title":{"rendered":"Diputaci\u00f3n promociona los AOVE Ja\u00e9n Selecci\u00f3n entre los mejores cocineros del mundo en The 50 Best Restaurants"},"content":{"rendered":"<p> <br \/>\n<\/p>\n<div>\n<div class=\"td-post-featured-image\"><a target=\"_blank\" href=\"https:\/\/www.horajaen.com\/wp-content\/uploads\/2021\/10\/20211004-Participaci\u00f3n-Diputaci\u00f3n-en-The-50-Best-en-Am-beres-3.jpg\" data-caption=\"\" rel=\"noopener\"><img decoding=\"async\" width=\"696\" height=\"522\" class=\"entry-thumb td-modal-image\" src=\"https:\/\/www.horajaen.com\/wp-content\/uploads\/2021\/10\/20211004-Participaci\u00f3n-Diputaci\u00f3n-en-The-50-Best-en-Am-beres-3-696x522.jpg\" srcset=\"https:\/\/www.horajaen.com\/wp-content\/uploads\/2021\/10\/20211004-Participaci\u00f3n-Diputaci\u00f3n-en-The-50-Best-en-Am-beres-3-696x522.jpg 696w, https:\/\/www.horajaen.com\/wp-content\/uploads\/2021\/10\/20211004-Participaci\u00f3n-Diputaci\u00f3n-en-The-50-Best-en-Am-beres-3-300x225.jpg 300w, https:\/\/www.horajaen.com\/wp-content\/uploads\/2021\/10\/20211004-Participaci\u00f3n-Diputaci\u00f3n-en-The-50-Best-en-Am-beres-3-768x576.jpg 768w, https:\/\/www.horajaen.com\/wp-content\/uploads\/2021\/10\/20211004-Participaci\u00f3n-Diputaci\u00f3n-en-The-50-Best-en-Am-beres-3-80x60.jpg 80w, https:\/\/www.horajaen.com\/wp-content\/uploads\/2021\/10\/20211004-Participaci\u00f3n-Diputaci\u00f3n-en-The-50-Best-en-Am-beres-3-265x198.jpg 265w, https:\/\/www.horajaen.com\/wp-content\/uploads\/2021\/10\/20211004-Participaci\u00f3n-Diputaci\u00f3n-en-The-50-Best-en-Am-beres-3-560x420.jpg 560w, https:\/\/www.horajaen.com\/wp-content\/uploads\/2021\/10\/20211004-Participaci\u00f3n-Diputaci\u00f3n-en-The-50-Best-en-Am-beres-3.jpg 832w\" sizes=\"(max-width: 696px) 100vw, 696px\" alt=\"\" title=\"20211004 Participaci\u00f3n Diputaci\u00f3n en The 50 Best en Am beres 3\"\/><\/a><\/div>\n<p>JA\u00c9N.- Los aceites de oliva virgen additional Ja\u00e9n Selecci\u00f3n 2021 vuelven a ser protagonistas de uno de los eventos gastron\u00f3micos de mayor repercusi\u00f3n mundial, <em>The World\u00b4s 50 Greatest Eating places<\/em>. Despu\u00e9s de la suspensi\u00f3n de la edici\u00f3n de 2020 por la pandemia, la ciudad belga de Amberes acoger\u00e1 ma\u00f1ana la gala presencial en la que se dar\u00e1 a conocer el rating mundial de los 50 mejores restaurantes del planeta, una cita en la que de nuevo estar\u00e1 presente la Diputaci\u00f3n de Ja\u00e9n para promocionar el AOVE y la gastronom\u00eda provincial.<\/p>\n<p>De esta forma, como resalta el diputado de Promoci\u00f3n y Turismo, Francisco Javier Lozano, la Diputaci\u00f3n \u201csigue trabajando en la promoci\u00f3n del aceite de oliva virgen extra, y lo hacemos en un evento que es una gran oportunidad porque en <em>The 50 Best Restaurants <\/em>se concentran los mejores cocineros del mundo\u201d. En esta cita culinaria de proyecci\u00f3n mundial, el diputado subraya que \u201cen un primer momento hemos tenido la posibilidad de presentar las virtudes, las mejores propiedades de nuestros AOVEs Ja\u00e9n Selecci\u00f3n, a una parte importante de los representantes de esta organizaci\u00f3n en los distintos pa\u00edses, tambi\u00e9n a los supervisores, a un buen n\u00famero de periodistas gastron\u00f3micos, adem\u00e1s de aficionados al mundo de la gastronom\u00eda y profesionales del \u00e1mbito de la alimentaci\u00f3n\u201d.<\/p>\n<p>Al respecto, Francisco Javier Lozano destaca \u201cel impacto comunicativo que tiene esta acci\u00f3n, que supone un revulsivo para el posicionamiento y el prestigio de nuestro producto estrella, nuestro oro l\u00edquido\u201d. En el marco de esta iniciativa promocional, a lo largo del d\u00eda de hoy \u201cvamos a tener un encuentro espec\u00edfico de trabajo en el que nuestros empresarios aceiteros de Ja\u00e9n Selecci\u00f3n podr\u00e1n relacionarse de forma directa y trabajar con importantes empresarios de la hosteler\u00eda y la restauraci\u00f3n del mundo, y sobre todo con los principales prescriptores para poder seguir vendiendo el aceite de oliva a trav\u00e9s de la cocina de vanguardia y los medios de comunicaci\u00f3n y las redes sociales que aglutinan a muchos seguidores del mundo gastron\u00f3mico\u201d, apostilla Lozano.<\/p>\n<p>Por todo ello, Francisco Javier Lozano considera que \u201cAmberes y <em>The<\/em> <em>50 Best<\/em> <em>Restaurants <\/em>nos van a permitir seguir progresando en una promoci\u00f3n importante y necesaria que coincide pr\u00e1cticamente con el comienzo de la temporada del AOVE temprano\u201d. \u201cNo hay mejor forma que hacerlo de la mano de la promoci\u00f3n y la promo-comercializaci\u00f3n, y especialmente trabajando codo con codo con nuestros empresarios\u201d, concluye el diputado de Promoci\u00f3n y Turismo.<\/p>\n<p>Esta es la tercera vez en que la Diputaci\u00f3n de Ja\u00e9n est\u00e1 presente en este evento, despu\u00e9s de las celebradas en Bilbao en 2018 y Par\u00eds en 2019. La Administraci\u00f3n provincial forma parte del elenco de patrocinadores de esta iniciativa y, como tal, se beneficiar\u00e1 de una serie de contraprestaciones por parte de este evento, como son la inserci\u00f3n del logotipo en todos los materiales promocionales y la presencia de los aceites Ja\u00e9n Selecci\u00f3n en las principales actividades, entre otros. El objetivo ultimate de esta acci\u00f3n promocional es poner de manifiesto la importancia del aceite de oliva de Ja\u00e9n como referente de calidad, convirti\u00e9ndolo as\u00ed en el aceite oficial de la gala y de todo su programa paralelo en los d\u00edas previos y posteriores a la misma.<\/p>\n<\/p><\/div>\n\n<p><em> \u2018 The preceding article may include information circulated by third parties \u2019 <\/em><\/p>\n<p><em> \u2018 Some details of this article were extracted from the following source www.horajaen.com \u2019 <\/em><\/p>\n","protected":false},"excerpt":{"rendered":"<p>JA\u00c9N.- Los aceites de oliva virgen additional Ja\u00e9n Selecci\u00f3n 2021 vuelven a ser protagonistas de uno de los eventos gastron\u00f3micos de mayor repercusi\u00f3n mundial, The World\u00b4s 50 Greatest Eating places. Despu\u00e9s de la suspensi\u00f3n de la edici\u00f3n de 2020 por la pandemia, la ciudad belga de Amberes acoger\u00e1 ma\u00f1ana la gala presencial en la que [&hellip;]<\/p>\n","protected":false},"author":2,"featured_media":201491,"comment_status":"open","ping_status":"closed","sticky":false,"template":"","format":"standard","meta":{"om_disable_all_campaigns":false,"jnews-multi-image_gallery":[],"jnews_single_post":[],"jnews_primary_category":[],"jnews_social_meta":[],"footnotes":""},"categories":[43],"tags":[],"class_list":["post-201490","post","type-post","status-publish","format-standard","has-post-thumbnail","hentry","category-gourmet"],"_links":{"self":[{"href":"https:\/\/dimensionturistica.com\/es\/wp-json\/wp\/v2\/posts\/201490","targetHints":{"allow":["GET"]}}],"collection":[{"href":"https:\/\/dimensionturistica.com\/es\/wp-json\/wp\/v2\/posts"}],"about":[{"href":"https:\/\/dimensionturistica.com\/es\/wp-json\/wp\/v2\/types\/post"}],"author":[{"embeddable":true,"href":"https:\/\/dimensionturistica.com\/es\/wp-json\/wp\/v2\/users\/2"}],"replies":[{"embeddable":true,"href":"https:\/\/dimensionturistica.com\/es\/wp-json\/wp\/v2\/comments?post=201490"}],"version-history":[{"count":0,"href":"https:\/\/dimensionturistica.com\/es\/wp-json\/wp\/v2\/posts\/201490\/revisions"}],"wp:featuredmedia":[{"embeddable":true,"href":"https:\/\/dimensionturistica.com\/es\/wp-json\/wp\/v2\/media\/201491"}],"wp:attachment":[{"href":"https:\/\/dimensionturistica.com\/es\/wp-json\/wp\/v2\/media?parent=201490"}],"wp:term":[{"taxonomy":"category","embeddable":true,"href":"https:\/\/dimensionturistica.com\/es\/wp-json\/wp\/v2\/categories?post=201490"},{"taxonomy":"post_tag","embeddable":true,"href":"https:\/\/dimensionturistica.com\/es\/wp-json\/wp\/v2\/tags?post=201490"}],"curies":[{"name":"wp","href":"https:\/\/api.w.org\/{rel}","templated":true}]}}