{"id":201421,"date":"2021-10-04T10:10:47","date_gmt":"2021-10-04T10:10:47","guid":{"rendered":"https:\/\/dimensionturistica.com\/es\/?p=201421"},"modified":"2021-10-04T10:10:47","modified_gmt":"2021-10-04T10:10:47","slug":"el-cofundador-y-ceo-de-whole-foods-john-mackey-se-jubilara-en-2022","status":"publish","type":"post","link":"https:\/\/dimensionturistica.com\/es\/el-cofundador-y-ceo-de-whole-foods-john-mackey-se-jubilara-en-2022\/","title":{"rendered":"El cofundador y CEO de Whole Foods, John Mackey, se jubilar\u00e1 en 2022"},"content":{"rendered":"<p> <br \/>\n<\/p>\n<div itemprop=\"text\">\n<p>En una carta dirigida a todo el equipo de Entire Meals, John Mackey, cofundador y CEO de la cadena de supermercados, anunci\u00f3 que planea retirarse el pr\u00f3ximo a\u00f1o y su cargo ser\u00e1 ocupado por el precise director de operaciones, Jason Buechel.<\/p>\n<div class=\"g g-2\">\n<div class=\"g-single a-14\"><a target=\"_blank\" onclick=\"dataLayer.push({'event': 'AdRotatePro', 'AdCategory': 'Adverts', 'AdAction': 'Click', 'AdLabel': 'CONTENT - Grace Kennedy, La Fe', 'AdValue': 1.00});\" alt=\"CONTENT - Grace Kennedy, La Fe\" href=\"https:\/\/www.lafe.com\/\" rel=\"noopener\"><picture onload=\"dataLayer.push({'event': 'AdRotatePro', 'AdCategory': 'Adverts', 'AdAction': 'Impression', 'AdLabel': 'CONTENT - Grace Kennedy, La Fe', 'AdValue': 2.00});\" class=\"sp-no-webp\"><source data-srcset=\"https:\/\/abasto.com\/wp-content\/uploads\/grace-kennedy-la-fe-2020-01.webp\" type=\"image\/webp\"><source data-srcset=\"https:\/\/abasto.com\/wp-content\/uploads\/grace-kennedy-la-fe-2020-01.jpg\" type=\"image\/jpeg\"><noscript><img decoding=\"async\" src=\"https:\/\/abasto.com\/wp-content\/uploads\/grace-kennedy-la-fe-2020-01.jpg\" onload=\"dataLayer.push({'event': 'AdRotatePro', 'AdCategory': 'Adverts', 'AdAction': 'Impression', 'AdLabel': 'CONTENT - Grace Kennedy, La Fe', 'AdValue': 2.00});\" class=\"sp-no-webp\" srcset=\"https:\/\/abasto.com\/wp-content\/uploads\/grace-kennedy-la-fe-2020-01.jpg\"\/><\/noscript><img decoding=\"async\" src=\"https:\/\/abasto.com\/wp-content\/uploads\/grace-kennedy-la-fe-2020-01.jpg\" onload=\"dataLayer.push({'event': 'AdRotatePro', 'AdCategory': 'Adverts', 'AdAction': 'Impression', 'AdLabel': 'CONTENT - Grace Kennedy, La Fe', 'AdValue': 2.00});\" class=\"lazyload sp-no-webp\" srcset=\"https:\/\/abasto.com\/wp-content\/uploads\/grace-kennedy-la-fe-2020-01.jpg\"\/><\/source><\/source><\/picture><\/a><\/div>\n<\/div>\n<p>Mackey explic\u00f3 en su carta que en el marco del 43 aniversario que celebr\u00f3 Entire Meals en septiembre decidi\u00f3 que period tiempo de iniciar la sucesi\u00f3n de su funci\u00f3n de CEO a la siguiente generaci\u00f3n de l\u00edderes. Dijo que se jubilar\u00e1 a partir del 1 de septiembre de 2022.<\/p>\n<p>Para el cofundador de la cadena de supermercados de alimentos especializados, lleg\u00f3 el momento de dedicarse a otras de sus pasiones en su vida. \u00abSinceramente, es muy dif\u00edcil retirarse de una empresa que he ayudado a crear, alimentar y hacer crecer durante 44 a\u00f1os cuando me voy. Como cofundador de Entire Meals, a menudo he explicado mi relaci\u00f3n con la empresa con una met\u00e1fora de padre e hijo\u00bb, dijo Mackey.<\/p>\n<blockquote class=\"wp-block-quote\">\n<p><a target=\"_blank\" href=\"https:\/\/abasto.com\/noticias\/quienes-son-los-principales-consumidores-de-sustitutos-de-carne-a-base-de-plantas\/\" rel=\"noreferrer noopener\">Art\u00edculo Relacionado: \u00bfQui\u00e9nes son los principales consumidores de sustitutos de carne a base de plantas?<\/a><\/p>\n<\/blockquote>\n<p>\u00abComo padre, siempre he amado a Entire Meals con todo mi coraz\u00f3n.\u00a0 He hecho todo lo posible por inculcar valores s\u00f3lidos, un claro sentido de prop\u00f3sito superior m\u00e1s all\u00e1 de los beneficios, y una cultura de amor que permite que la empresa y todas nuestras partes interesadas interdependientes florezcan.\u00a0 Todos los padres llegan a un momento en el que deben dejar de lado y confiar en que los valores impartidos perdurar\u00e1n en sus hijos. Ese momento casi ha llegado para m\u00ed y para Entire Meals\u00bb, agreg\u00f3 el CEO.<\/p>\n<div class=\"wp-block-image\">\n<figure class=\"alignright size-full is-resized\"><a target=\"_blank\" href=\"https:\/\/abasto.com\/wp-content\/uploads\/2021\/10\/Jason-Buechel-Store-1200x800-1-600x400-1.jpg\" rel=\"noopener\"><picture class=\"wp-image-64629 sp-no-webp\"><source data-srcset=\"https:\/\/abasto.com\/wp-content\/uploads\/2021\/10\/Jason-Buechel-Store-1200x800-1-600x400-1.webp\" type=\"image\/webp\"><source data-srcset=\"https:\/\/abasto.com\/wp-content\/uploads\/2021\/10\/Jason-Buechel-Store-1200x800-1-600x400-1.jpg\" type=\"image\/jpeg\"><noscript><img decoding=\"async\" src=\"https:\/\/abasto.com\/wp-content\/uploads\/2021\/10\/Jason-Buechel-Store-1200x800-1-600x400-1.jpg\" class=\"wp-image-64629 sp-no-webp\" alt=\"\" height=\"207\" width=\"311\" srcset=\"https:\/\/abasto.com\/wp-content\/uploads\/2021\/10\/Jason-Buechel-Store-1200x800-1-600x400-1.jpg\"\/><\/noscript><img loading=\"lazy\" decoding=\"async\" src=\"https:\/\/abasto.com\/wp-content\/uploads\/2021\/10\/Jason-Buechel-Store-1200x800-1-600x400-1.jpg\" class=\"lazyload wp-image-64629 sp-no-webp\" alt=\"\" height=\"207\" width=\"311\" srcset=\"https:\/\/abasto.com\/wp-content\/uploads\/2021\/10\/Jason-Buechel-Store-1200x800-1-600x400-1.jpg\"\/><\/source><\/source><\/picture><\/a><figcaption>Jason Buechel, Director de Operaciones de Entire Meals.<\/figcaption><\/figure>\n<\/div>\n<p>Sobre el COO Jason Buechel, quien ser\u00e1 su sucesor, Mackey lo describi\u00f3 como \u00abun verdadero l\u00edder de servicio y defensor de la cultura y los valores de Entire Meals, y dirigir\u00e1 la empresa hacia el futuro\u00bb.<\/p>\n<p>Tambi\u00e9n expres\u00f3 su satisfacci\u00f3n de que el liderazgo de <a target=\"_blank\" href=\"https:\/\/www.aboutamazon.com\/\" rel=\"noreferrer noopener\">Amazon<\/a>, propietario de Entire Meals, estuvo de acuerdo con la elecci\u00f3n de Buechel como nuevo CEO.<\/p>\n<p>Buechel se uni\u00f3 a Entire Meals en 2013 como vicepresidente world y director de informaci\u00f3n y fue ascendido en 2015 a vicepresidente ejecutivo antes de ser nombrado director de operaciones en 2019. Adem\u00e1s de ser responsable de las operaciones de todas las tiendas e instalaciones de WFM, en la actualidad tambi\u00e9n supervisa la tecnolog\u00eda, la cadena de suministro y la distribuci\u00f3n, as\u00ed como los servicios para miembros del equipo (TMS).<\/p>\n<p>En su mensaje, el CEO de Entire Meals tambi\u00e9n reconoci\u00f3 el importante trabajo que han realizado las tres fundaciones de la empresa, Entire Planet, Entire Youngsters y Entire Cities, durante los \u00faltimos 20 a\u00f1os.<\/p>\n<p>Mackey dijo que en los pr\u00f3ximos 11 meses seguir\u00e1 trabajando estrechamente con Buechel y el E-Staff para hacer una transici\u00f3n gradual de sus responsabilidades y espera dedicar gran parte de su \u00faltimo a\u00f1o a visitar las tiendas y ponerse en contacto con los empleados de los supermercados.<\/p>\n<\/div>\n\n<p><em> \u2018 The preceding article may include information circulated by third parties \u2019 <\/em><\/p>\n<p><em> \u2018 Some details of this article were extracted from the following source abasto.com \u2019 <\/em><\/p>\n","protected":false},"excerpt":{"rendered":"<p>En una carta dirigida a todo el equipo de Entire Meals, John Mackey, cofundador y CEO de la cadena de supermercados, anunci\u00f3 que planea retirarse el pr\u00f3ximo a\u00f1o y su cargo ser\u00e1 ocupado por el precise director de operaciones, Jason Buechel. Mackey explic\u00f3 en su carta que en el marco del 43 aniversario que celebr\u00f3 [&hellip;]<\/p>\n","protected":false},"author":2,"featured_media":201422,"comment_status":"open","ping_status":"closed","sticky":false,"template":"","format":"standard","meta":{"om_disable_all_campaigns":false,"jnews-multi-image_gallery":[],"jnews_single_post":[],"jnews_primary_category":[],"jnews_social_meta":[],"footnotes":""},"categories":[43],"tags":[],"class_list":["post-201421","post","type-post","status-publish","format-standard","has-post-thumbnail","hentry","category-gourmet"],"_links":{"self":[{"href":"https:\/\/dimensionturistica.com\/es\/wp-json\/wp\/v2\/posts\/201421","targetHints":{"allow":["GET"]}}],"collection":[{"href":"https:\/\/dimensionturistica.com\/es\/wp-json\/wp\/v2\/posts"}],"about":[{"href":"https:\/\/dimensionturistica.com\/es\/wp-json\/wp\/v2\/types\/post"}],"author":[{"embeddable":true,"href":"https:\/\/dimensionturistica.com\/es\/wp-json\/wp\/v2\/users\/2"}],"replies":[{"embeddable":true,"href":"https:\/\/dimensionturistica.com\/es\/wp-json\/wp\/v2\/comments?post=201421"}],"version-history":[{"count":0,"href":"https:\/\/dimensionturistica.com\/es\/wp-json\/wp\/v2\/posts\/201421\/revisions"}],"wp:featuredmedia":[{"embeddable":true,"href":"https:\/\/dimensionturistica.com\/es\/wp-json\/wp\/v2\/media\/201422"}],"wp:attachment":[{"href":"https:\/\/dimensionturistica.com\/es\/wp-json\/wp\/v2\/media?parent=201421"}],"wp:term":[{"taxonomy":"category","embeddable":true,"href":"https:\/\/dimensionturistica.com\/es\/wp-json\/wp\/v2\/categories?post=201421"},{"taxonomy":"post_tag","embeddable":true,"href":"https:\/\/dimensionturistica.com\/es\/wp-json\/wp\/v2\/tags?post=201421"}],"curies":[{"name":"wp","href":"https:\/\/api.w.org\/{rel}","templated":true}]}}