{"id":201363,"date":"2021-10-04T06:42:11","date_gmt":"2021-10-04T06:42:11","guid":{"rendered":"https:\/\/dimensionturistica.com\/es\/?p=201363"},"modified":"2021-10-04T06:42:12","modified_gmt":"2021-10-04T06:42:12","slug":"finde-extra-largo-expectativas-para-el-turismo","status":"publish","type":"post","link":"https:\/\/dimensionturistica.com\/es\/finde-extra-largo-expectativas-para-el-turismo\/","title":{"rendered":"Finde \u201cextra largo\u201d: expectativas para el turismo"},"content":{"rendered":"<p> <br \/>\n<\/p>\n<div>\n<p>A medida que los casos de coronavirus van disminuyendo y las flexibilizaciones aumentando, el pr\u00f3ximo fin de semana \u201cextra largo\u201d, que comienza el pr\u00f3ximo 8 de octubre con motivo de la conmemoraci\u00f3n del D\u00eda de Respeto a la Diversidad Cultural y que se extender\u00e1 hasta el lunes 11 inclusive, se presenta con grandes expectativas para el turismo que, seg\u00fan se estima, movilizar\u00e1 a gran cantidad de argentinos por los distintos destinos tur\u00edsticos del pa\u00eds, siempre exigiendo el cumplimiento de estrictos protocolos sanitarios.<\/p>\n<p>En este marco, y en lo que hace a los sitios m\u00e1s cercanos a nuestra ciudad, lugares como Tandil, la Costa Atl\u00e1ntica y San Antonio de Areco se presentan hasta el momento entre los m\u00e1s buscados, aunque teniendo en cuenta que se trata de un receso de 4 d\u00edas, ya cuentan con muchas reservas destinos como Iguaz\u00fa, Salta, Jujuy, Mendoza y Bariloche entre los m\u00e1s solicitados.<\/p>\n<p>En lo que hace a los precios, en agencias de viajes de la ciudad se destac\u00f3, a modo de ejemplo, que un paquete de viaje a Iguaz\u00fa, con vuelo directo y hospedaje 3 estrellas con desayuno, ronda los 55.600 pesos por persona, mientras que las mismas prestaciones para Bariloche oscilan en cerca de los 66.000 pesos por viajero, al tiempo que tres noches en una estancia en Tandil para 2 personas con desayuno incluido cuesta aproximadamente 80.000 pesos.<\/p>\n<p>En l\u00edneas generales, los agentes refirieron que \u201cla cantidad de pasajeros creci\u00f3 un 15 por ciento para el fin de semana que comienza el 8 de octubre si se lo compara con el receso extendido que hubo en el mes de agosto, y gracias a las flexibilizaciones y por tratarse de un receso largo, hay muchas consultas para destinos como Iguaz\u00fa, Salta, Jujuy, Mendoza y Bariloche\u201d.<\/p>\n<p>Claro que, como siempre en estos casos, la Costa Atl\u00e1ntica se ofrece como una de las opciones m\u00e1s buscadas, en especial por los platenses.<\/p>\n<p><img decoding=\"async\" height=\"auto\" src=\"https:\/\/cdn1.eldia.com\/102021\/1633322956380.jpg\" width=\"100%\"\/><\/p>\n<p class=\"textual_firma\"><em>Qhapac \u00d1an, Camino del Inca, Jujuy<\/em><\/p>\n<p>Agentes tur\u00edsticos de Miramar, por caso, destacaron que \u201cpara este fin de semana largo de Octubre, antes conocido como \u201cD\u00eda de la Raza\u201d, y que siempre sirvi\u00f3 de term\u00f3metro para la temporada siguiente, hay un alto porcentaje de reservas en la hoteler\u00eda disponible, con un fuerte incremento en aquellas ofertas de m\u00e1s alta calidad de servicios, ya que tanto en hoteles, aside hoteles y resorts, y complejos de caba\u00f1as, las reservas superan holgadamente el 90% de las plazas, llegando casi a la ocupaci\u00f3n plena de estos segmentos\u201d.<\/p>\n<p>Desde all\u00ed, el intendente de Common Alvarado, Sebasti\u00e1n Ianantuony, destac\u00f3 tambi\u00e9n que \u201cprogramas como el Previaje han servido para incrementar el movimiento tur\u00edstico hacia nuestros destinos\u201d, y agradeci\u00f3 el aporte de comerciantes y empresarios locales en el esfuerzo que se hace desde el municipio para mantener las mejores condiciones sanitarias ante el Covid.<\/p>\n<p>Tambi\u00e9n la pr\u00f3xima temporada estival se presenta auspiciosa para Miramar, donde el nivel de consultas tur\u00edsticas es superior al \u00faltimo verano previo a la pandemia, con creciente demanda del mercado de alquileres y hoteler\u00eda, seg\u00fan se destac\u00f3 desde el municipio bonaerense de Common Alvarado, que incluye tambi\u00e9n a Mar del Sud, otro de sus destinos de playa.<\/p>\n<p>\u201cEl nivel de consultas es superior a la temporada 2019\/2020 y similar al de las mejores temporadas de a\u00f1os atr\u00e1s\u201d, seg\u00fan se\u00f1alaron operadores tur\u00edsticos de ambas localidades, al tiempo que desde la comuna se apunt\u00f3 que uno de los indicadores m\u00e1s destacados tiene que ver con la concreci\u00f3n de operaciones inmobiliarias para estas fechas.<\/p>\n<p>\u201cPero las b\u00fasquedas -aclararon &#8211; no s\u00f3lo se centran en este fin de semana largo, sino que tambi\u00e9n se extienden a diciembre, y hasta enero, febrero y marzo del a\u00f1o pr\u00f3ximo, con lo que se retornar\u00eda a la tendencia de pasar las fiestas de fin de a\u00f1o en los destinos de playa de General Alvarado\u201d.<\/p>\n<p>En este mismo sentido, la directora de Promoci\u00f3n Tur\u00edstica de esa comuna, Claudia Manso, se\u00f1al\u00f3 que \u201cse han concretado muchos alquileres respecto a las cifras de temporadas pasadas para este periodo, y son constantes las consultas que se efect\u00faan tanto en la oficina de Informes Tur\u00edsticos, en la avenida Costanera de Miramar, as\u00ed como en las inmobiliarias dedicadas al alquiler veraniego\u201d.<\/p>\n<p><img decoding=\"async\" height=\"auto\" src=\"https:\/\/cdn1.eldia.com\/102021\/1633322949841.jpg\" width=\"100%\"\/><\/p>\n<p class=\"textual_firma\"><em>Las impactantes Cataratas del Iguaz\u00fa, Misiones<\/em><\/p>\n<p class=\"subtitulo\"><strong><span class=\"transform_uppercase\">MAR DEL PLATA, TANDIL Y CARIL\u00d3<\/span><\/strong><\/p>\n<p>En este marco, y ante la perspectiva de una exitosa temporada estival, el Colegio de Martilleros del Departamento Judicial Mar del Plata, con jurisdicci\u00f3n en el partido de Common Pueyrred\u00f3n, aconsej\u00f3 a los propietarios no excederse en los valores y plante\u00f3 un margen de aumento de entre un 30% y 40% sobre el a\u00f1o pasado e incentivar a la mejora de la calidad de las propiedades y las facilidades y servicios al turista.<\/p>\n<p>Desde la principal ciudad balnearia bonaerense, fuentes tur\u00edsticas, en tanto, remarcaron que \u201chay much\u00edsimas expectativas con respecto al pr\u00f3ximo feriado largo y a la temporada venidera, y entendemos que tenemos por delante una oportunidad grande luego de la pandemia de concentrar gran parte del turismo de la Argentina\u201d.<\/p>\n<p><img decoding=\"async\" height=\"auto\" src=\"https:\/\/cdn1.eldia.com\/102021\/1633322951791.jpg\" width=\"100%\"\/><\/p>\n<p class=\"textual_firma\"><em>Don Quijote y Sancho Panza, en la ciudad de Tandil<\/em><\/p>\n<p>Desde Tandil, en tanto, el director de Turismo de esa localidad, Rodrigo Gonz\u00e1lez Inza, destac\u00f3 los \u201chist\u00f3ricos niveles de ocupaci\u00f3n\u201d que se vienen dando durante los fines de semana en esa ciudad bonaerense, que rondan entre el 90 y el 95% de sus 8.000 camas disponibles, con un p\u00fablico en el que predominan familias que buscan este destino para turismo de cercan\u00eda, por lo que descartan que el pr\u00f3ximo feriado largo los encontrar\u00e1 con una ocupaci\u00f3n plena.<\/p>\n<p>Una de las razones de este \u201cboom tur\u00edstico\u201d de la ciudad, Gonz\u00e1lez Inza lo adjudic\u00f3 \u201cal buen trabajo en los protocolos, que se hicieron de manera muy ordenada y el sector tur\u00edstico ha cumplido a rajatabla. Es que la actividad tur\u00edstica, al haber sido una de las que m\u00e1s sufri\u00f3 durante la pandemia de coronavirus, entendi\u00f3 que claramente el cumplir los protocolos era la forma que ten\u00edan para seguir trabajando\u201d.<\/p>\n<p>Tambi\u00e9n se abren muchas expectativas en Caril\u00f3, donde el presidente de la C\u00e1mara de Turismo, Ignacio Catt\u00e1neo, se\u00f1al\u00f3 que \u201chay una gran cantidad de gente que hac\u00eda mucho tiempo que no ten\u00edamos en plan de turismo, y el visitante se encuentra con un Caril\u00f3 distinto, m\u00e1s moderno, con mucha cantidad de actividades, hoteler\u00eda de gran nivel frente al mar o en el bosque, y tambi\u00e9n alternativas econ\u00f3micas\u201d.<\/p>\n<p class=\"subtitulo\"><strong><span class=\"transform_uppercase\">PREPARANDO EL VERANO<\/span><\/strong><\/p>\n<p>En cuanto a la temporada de verano, Catt\u00e1neo precis\u00f3 que \u201ca esta altura del a\u00f1o estamos en la misma cantidad de reservas que todo el verano pasado, y se espera llegar al 100% de ocupaci\u00f3n, porque muchas de las casas de los propietarios van a ser directamente utilizadas por ellos y no la van a poner en alquiler, por lo que hay poca oferta\u201d.<\/p>\n<p>Pero no solo en la Costa Atl\u00e1ntica el panorama es de gran optimismo, sino tambi\u00e9n en otros sitios muy buscados como la provincia de R\u00edo Negro, Ushuaia, o Cataratas de Iguaz\u00fa, desde donde se coincide en que \u201cvamos a tener una temporada de verano hist\u00f3rica, con n\u00fameros muy por arriba de la media\u201d.<\/p>\n<p>Como fundamento, autoridades y agentes tur\u00edsticos destacan la flexibilizaci\u00f3n de las medidas sanitarias sobre circulaci\u00f3n de personas para impulsar la reactivaci\u00f3n del turismo ante la baja de los contagios de coronavirus y el avance de la vacunaci\u00f3n, mientras se mantienen estrictos protocolos de cuidado, citando como ejemplo que varias provincias dejaron de exigir el certificado Turismo de circulaci\u00f3n para ingresar a sus territorios, aunque varias mantienen el pedido de PCR negativo a los visitantes y no obligan a realizar cuarentena.<\/p>\n<p><img decoding=\"async\" height=\"auto\" src=\"https:\/\/cdn1.eldia.com\/102021\/1633324869637.jpg\"\/><\/p>\n<p>\u00a0<\/p>\n<\/div>\n\n<p><em> &#8221; Fuentes www.eldia.com &#8221; <\/em><\/p>\n","protected":false},"excerpt":{"rendered":"<p>A medida que los casos de coronavirus van disminuyendo y las flexibilizaciones aumentando, el pr\u00f3ximo fin de semana \u201cextra largo\u201d, que comienza el pr\u00f3ximo 8 de octubre con motivo de la conmemoraci\u00f3n del D\u00eda de Respeto a la Diversidad Cultural y que se extender\u00e1 hasta el lunes 11 inclusive, se presenta con grandes expectativas para [&hellip;]<\/p>\n","protected":false},"author":4,"featured_media":201364,"comment_status":"open","ping_status":"closed","sticky":false,"template":"","format":"standard","meta":{"om_disable_all_campaigns":false,"jnews-multi-image_gallery":[],"jnews_single_post":[],"jnews_primary_category":[],"jnews_social_meta":[],"footnotes":""},"categories":[39],"tags":[2711,9068,11104,6656,544],"class_list":["post-201363","post","type-post","status-publish","format-standard","has-post-thumbnail","hentry","category-viajes","tag-expectativas","tag-extra","tag-finde","tag-largo","tag-turismo"],"_links":{"self":[{"href":"https:\/\/dimensionturistica.com\/es\/wp-json\/wp\/v2\/posts\/201363","targetHints":{"allow":["GET"]}}],"collection":[{"href":"https:\/\/dimensionturistica.com\/es\/wp-json\/wp\/v2\/posts"}],"about":[{"href":"https:\/\/dimensionturistica.com\/es\/wp-json\/wp\/v2\/types\/post"}],"author":[{"embeddable":true,"href":"https:\/\/dimensionturistica.com\/es\/wp-json\/wp\/v2\/users\/4"}],"replies":[{"embeddable":true,"href":"https:\/\/dimensionturistica.com\/es\/wp-json\/wp\/v2\/comments?post=201363"}],"version-history":[{"count":0,"href":"https:\/\/dimensionturistica.com\/es\/wp-json\/wp\/v2\/posts\/201363\/revisions"}],"wp:featuredmedia":[{"embeddable":true,"href":"https:\/\/dimensionturistica.com\/es\/wp-json\/wp\/v2\/media\/201364"}],"wp:attachment":[{"href":"https:\/\/dimensionturistica.com\/es\/wp-json\/wp\/v2\/media?parent=201363"}],"wp:term":[{"taxonomy":"category","embeddable":true,"href":"https:\/\/dimensionturistica.com\/es\/wp-json\/wp\/v2\/categories?post=201363"},{"taxonomy":"post_tag","embeddable":true,"href":"https:\/\/dimensionturistica.com\/es\/wp-json\/wp\/v2\/tags?post=201363"}],"curies":[{"name":"wp","href":"https:\/\/api.w.org\/{rel}","templated":true}]}}