{"id":200590,"date":"2021-10-02T02:01:49","date_gmt":"2021-10-02T02:01:49","guid":{"rendered":"https:\/\/dimensionturistica.com\/es\/?p=200590"},"modified":"2021-10-02T02:01:49","modified_gmt":"2021-10-02T02:01:49","slug":"semana-de-receso-escolar-dinamizara-salidas-internacionales","status":"publish","type":"post","link":"https:\/\/dimensionturistica.com\/es\/semana-de-receso-escolar-dinamizara-salidas-internacionales\/","title":{"rendered":"Semana de receso escolar dinamizar\u00e1 salidas internacionales"},"content":{"rendered":"<p> <br \/>\n<\/p>\n<div>\n<div class=\"paragraph\" mlnid=\"idcon=38658790;order=5.0\">\n<p>A pesar de la pandemia, el turismo ha demostrado ser un sector capaz de superar las adversidades. En Colombia, la exclusi\u00f3n del IVA para servicios tur\u00edsticos; la reducci\u00f3n del 19% al 5% de este mismo impuesto para los tiquetes a\u00e9reos, entre otros, han sido algunos de los alivios recibidos por el sector y que han tra\u00eddo consigo gran beneficio para los viajeros, promoviendo la confianza y las ganas de retomar los viajes de los colombianos, destac\u00f3 la Asociaci\u00f3n Colombiana de Agencias de Viajes y Turismo (Anato).<\/p>\n<p>Con base en ello y teniendo en cuenta que se est\u00e1 a unos d\u00edas de iniciar la temporada de vacaciones de Semana de Receso (11 al 17 de octubre), el gremio estima que en octubre entre 259.000 y 277.000 pasajeros colombianos podr\u00edan salir del pa\u00eds, lo que significa entre un 70% y un 75% de lo reportado en el mismo mes de 2019.<\/p>\n<\/p><\/div>\n<div class=\"paragraph\" mlnid=\"idcon=38658975;order=7.0\">\n<p>\u201cHemos visto con optimismo c\u00f3mo se ha venido reactivando la industria de los viajes gracias a aspectos como a las ayudas que hemos solicitado y nos ha concedido el Gobierno; al trabajo de las agencias de viajes, promocionando paquetes tur\u00edsticos que se adaptan a lo que el viajero de hoy esta exigiendo; y por supuesto, a la paulatina apertura de fronteras de algunos pa\u00edses\u201d, explic\u00f3 Paula Cort\u00e9s Calle, presidente de Anato.<\/p>\n<p>Recientemente, Canad\u00e1, Pa\u00edses Bajos y Francia han sido algunos de los destinos que en los \u00faltimos meses han hecho reapertura para viajeros procedentes de Colombia. Y teniendo en cuenta que estos demostraron una reactivaci\u00f3n en agosto del 60%, 73% y 99% respectivamente, estos pa\u00edses se convierten en una oportunidad para quienes han decidido viajar al exterior durante esta temporada.<\/p>\n<\/p><\/div>\n<div class=\"paragraph\" mlnid=\"idcon=38658976;order=9.0\">\n<p>Igualmente, con relaci\u00f3n a los viajes nacionales, adem\u00e1s de Cartagena, San Andr\u00e9s, Santa Marta, Bogot\u00e1, Medell\u00edn y Cali, las agencias est\u00e1n comercializando destinos no tradicionales como Bah\u00eda Solano, Nuqu\u00ed, Ca\u00f1o Cristales, Capurgan\u00e1, Putumayo, La Guajira y el Amazonas.<\/p>\n<\/p><\/div><\/div>\n<p><script>\/*<![CDATA[*\/!function(h,a,i,c,j,d,g){if(h.fbq){return}j=h.fbq=function(){j.callMethod?j.callMethod.apply(j,arguments):j.queue.push(arguments)};if(!h._fbq){h._fbq=j}j.push=j;j.loaded=!0;j.version=\"2.0\";j.queue=[];d=a.createElement(i);d.async=!0;d.src=c;g=a.getElementsByTagName(i)[0];g.parentNode.insertBefore(d,g)}(window,document,\"script\",\"\/\/connect.facebook.net\/en_US\/fbevents.js\");fbq(\"init\",\"378526515676058\");fbq(\"track\",\"PageView\");\/*]]>*\/<\/script><br \/>\n<br \/><\/p>\n<p><em> &#8221; Fuentes www.elcolombiano.com &#8221; <\/em><\/p>\n","protected":false},"excerpt":{"rendered":"<p>A pesar de la pandemia, el turismo ha demostrado ser un sector capaz de superar las adversidades. En Colombia, la exclusi\u00f3n del IVA para servicios tur\u00edsticos; la reducci\u00f3n del 19% al 5% de este mismo impuesto para los tiquetes a\u00e9reos, entre otros, han sido algunos de los alivios recibidos por el sector y que han [&hellip;]<\/p>\n","protected":false},"author":4,"featured_media":200591,"comment_status":"open","ping_status":"closed","sticky":false,"template":"","format":"standard","meta":{"om_disable_all_campaigns":false,"jnews-multi-image_gallery":[],"jnews_single_post":[],"jnews_primary_category":[],"jnews_social_meta":[],"footnotes":""},"categories":[39],"tags":[544],"class_list":["post-200590","post","type-post","status-publish","format-standard","has-post-thumbnail","hentry","category-viajes","tag-turismo"],"_links":{"self":[{"href":"https:\/\/dimensionturistica.com\/es\/wp-json\/wp\/v2\/posts\/200590","targetHints":{"allow":["GET"]}}],"collection":[{"href":"https:\/\/dimensionturistica.com\/es\/wp-json\/wp\/v2\/posts"}],"about":[{"href":"https:\/\/dimensionturistica.com\/es\/wp-json\/wp\/v2\/types\/post"}],"author":[{"embeddable":true,"href":"https:\/\/dimensionturistica.com\/es\/wp-json\/wp\/v2\/users\/4"}],"replies":[{"embeddable":true,"href":"https:\/\/dimensionturistica.com\/es\/wp-json\/wp\/v2\/comments?post=200590"}],"version-history":[{"count":0,"href":"https:\/\/dimensionturistica.com\/es\/wp-json\/wp\/v2\/posts\/200590\/revisions"}],"wp:featuredmedia":[{"embeddable":true,"href":"https:\/\/dimensionturistica.com\/es\/wp-json\/wp\/v2\/media\/200591"}],"wp:attachment":[{"href":"https:\/\/dimensionturistica.com\/es\/wp-json\/wp\/v2\/media?parent=200590"}],"wp:term":[{"taxonomy":"category","embeddable":true,"href":"https:\/\/dimensionturistica.com\/es\/wp-json\/wp\/v2\/categories?post=200590"},{"taxonomy":"post_tag","embeddable":true,"href":"https:\/\/dimensionturistica.com\/es\/wp-json\/wp\/v2\/tags?post=200590"}],"curies":[{"name":"wp","href":"https:\/\/api.w.org\/{rel}","templated":true}]}}