{"id":200245,"date":"2021-10-01T14:17:07","date_gmt":"2021-10-01T14:17:07","guid":{"rendered":"https:\/\/dimensionturistica.com\/es\/?p=200245"},"modified":"2021-10-01T14:17:07","modified_gmt":"2021-10-01T14:17:07","slug":"didi-food-celebra-el-dia-internacional-del-cafe-con-la-incorporacion-de-starbucks","status":"publish","type":"post","link":"https:\/\/dimensionturistica.com\/es\/didi-food-celebra-el-dia-internacional-del-cafe-con-la-incorporacion-de-starbucks\/","title":{"rendered":"DiDi Food celebra el D\u00eda Internacional del Caf\u00e9 con la incorporaci\u00f3n de Starbucks"},"content":{"rendered":"<p> <br \/>\n<\/p>\n<p>                                            <b> <a target=\"_blank\" href=\"https:\/\/www.larepublica.net\/proveedor-contenido-independiente\/15\" rel=\"noopener\">Melissa Gonz\u00e1lez <\/a> <\/b><\/p>\n<p>                    melissagonzalez.asesora@larepublica.web |<br \/>\n                    Viernes 01 octubre, 2021<br \/>\n                                        07:50 am\n                                    <\/p>\n<div>\n<p>A partir de hoy los amantes del caf\u00e9 podr\u00e1n realizar pedidos de Starbucks a trav\u00e9s de la app de <a target=\"_blank\" href=\"https:\/\/www.larepublica.net\/noticia\/didi-food-entra-a-competir-en-el-mercado-costarricense-de-delivery\" rel=\"noopener\">DiDi Foods<\/a>.<\/p>\n<p>La plataforma anunci\u00f3 la incorporaci\u00f3n de la cadena precisamente como parte de las celebraciones del <a target=\"_blank\" href=\"https:\/\/www.larepublica.net\/seccion\/especial-dia-del-cafe-2021\" rel=\"noopener\">D\u00eda Internacional del Caf\u00e9<\/a>, este 1\u00b0 de octubre.<\/p>\n<p>Los usuarios \u00fanicamente deben ingresar en la app a la secci\u00f3n \u201cCategor\u00edas\u201d y elegir \u201cCafeter\u00edas\u201d y seleccionar entre las diferentes opciones que ofrecen las 14 tiendas de <a target=\"_blank\" href=\"https:\/\/www.larepublica.net\/noticia\/_starbucks_se_instala_en_la_sabana\" rel=\"noopener\">Starbucks<\/a> que est\u00e1n activas en la plataforma seg\u00fan la zona de cobertura dentro del GAM.  <\/p>\n<p>\n                                <a target=\"_blank\" class=\"leemas\" href=\"https:\/\/www.larepublica.net\/noticia\/a-un-mes-de-estar-disponible-en-el-pais-didi-food-amplia-su-oferta-y-zonas-de-cobertura\" rel=\"noopener\"><br \/>\n                                    Lea m\u00e1s: A un mes de estar disponible en el pa\u00eds DiDi Food ampl\u00eda su oferta y zonas de cobertura<br \/>\n                                <\/a>\n                                <\/p>\n<p>\u201cEn DiDi Food conocemos el gran gusto que tenemos los costarricenses por el caf\u00e9, considerado uno de los mejores del mundo, y es por esta raz\u00f3n que nos entusiasma anunciar el registro de Starbucks en nuestra app y con ello sumar una opci\u00f3n m\u00e1s de cafeter\u00edas a las que nuestros usuarios puedan acceder a trav\u00e9s de la plataforma para satisfacer sus antojos\u201d coment\u00f3 Carolina Murillo, Gerente de Comunicaciones para DiDi Meals Centroam\u00e9rica y Caribe. <\/p>\n<p>Como parte de la celebraci\u00f3n, Starbucks tendr\u00e1 durante todo el mes iniciativas especiales, as\u00ed como su caf\u00e9 de temporada Pumpkin Spice Latte. <\/p>\n<p>\n                                <a target=\"_blank\" class=\"leemas\" href=\"https:\/\/www.larepublica.net\/noticia\/didi-foods-se-alista-para-competir-con-uber-eats-rappy-pedidos-ya-en-costa-rica\" rel=\"noopener\"><br \/>\n                                    Lea m\u00e1s: DiDi Food se alista para competir con Uber Eats, Rappi y Pedidos Ya en Costa Rica\ufeff<br \/>\n                                <\/a>\n                                <\/p>\n<p>\u201cEn Starbucks estamos muy felices de poder llegar hasta la casa, el trabajo y oficinas de m\u00e1s costarricenses con nuestra incorporaci\u00f3n en DiDi Food. Llevar bebidas de calidad a los Starbucks Lovers es nuestro compromiso, y sabemos que de la mano de DiDi Food lo vamos a lograr\u201d afirm\u00f3 Mar\u00eda Jos\u00e9 Guti\u00e9rrez, Jefe de Mercadeo Digital Starbucks CAM. <\/p>\n<p>Adem\u00e1s, Starbucks activar\u00e1 una promoci\u00f3n exclusiva para \u00f3rdenes a trav\u00e9s de la app, la cual consiste en un 2&#215;1 en el Frappuccino de Caf\u00e9 en tama\u00f1o grande y venti, la cual estar\u00e1 vigente este 1 y 2 de octubre. <\/p>\n<p>La plataforma tecnol\u00f3gica DiDi Meals est\u00e1 disponible en el pa\u00eds desde el pasado 4 de agosto de 2021.<\/p>\n<\/p><\/div>\n<p><script>\n            setTimeout(function() { \n                var element = document.createElement(\"script\");\n                element.src = \"https:\/\/www.larepublica.net\/js\/app.js?id=b28685dd5355f42d06e4\";\n                document.querySelector(\"head\").appendChild(element);\n            }, 1000);\n            setTimeout(function() { \n                var $navbarBurgers = Array.prototype.slice.call(document.querySelectorAll('.navbar-burger'), 0);\n                \/\/ Check if there are any navbar burgers\n                if ($navbarBurgers.length > 0) {\n                    \/\/ Add a click event on each of them\n                    $navbarBurgers.forEach(function ($el) {\n                        $el.addEventListener('click', function () {\n                            \/\/ Get the target from the \"data-target\" attribute\n                            var target = $el.dataset.target;\n                            var $target = document.getElementById(target);\n                            \/\/ Toggle the class on both the \"navbar-burger\" and the \"navbar-menu\"\n                            $el.classList.toggle('is-active');\n                            $target.classList.toggle('is-active');\n                        });\n                    });\n                }\n                \/\/ (function(w,d,s,l,i){w[l]=w[l]||[];w[l].push({'gtm.start':\n                \/\/ new Date().getTime(),event:'gtm.js'});var f=d.getElementsByTagName(s)[0],\n                \/\/ j=d.createElement(s),dl=l!='dataLayer'?'&l=\"+l:\"';j.async=true;j.src=\n                \/\/ 'https:\/\/www.googletagmanager.com\/gtm.js?id='+i+dl;f.parentNode.insertBefore(j,f);\n                \/\/ })(window,document,'script','dataLayer','GTM-NXK42CQ');\n                \/\/ !function(f,b,e,v,n,t,s){if(f.fbq)return;n=f.fbq=function(){n.callMethod?\n                \/\/ n.callMethod.apply(n,arguments):n.queue.push(arguments)};if(!f._fbq)f._fbq=n;\n                \/\/ n.push=n;n.loaded=!0;n.version='2.0';n.queue=[];t=b.createElement(e);t.async=!0;\n                \/\/ t.src=v;s=b.getElementsByTagName(e)[0];s.parentNode.insertBefore(t,s)}(window,\n                \/\/ document,'script','https:\/\/connect.facebook.net\/en_US\/fbevents.js');\n                \/\/ fbq('init', '143267720877988');\n                \/\/ fbq('track', \"PageView\"); \n            }, 4000);\n            setTimeout(function() { \n                var element = document.createElement(\"script\");\n                element.src = \"https:\/\/ads.vidoomy.com\/larepublica_11451.js\";\n                document.querySelector(\"head\").appendChild(element);\n                (function(w,d,s,l,i){w[l]=w[l]||[];w[l].push({'gtm.start':\n                new Date().getTime(),event:'gtm.js'});var f=d.getElementsByTagName(s)[0],\n                j=d.createElement(s),dl=l!='dataLayer'?'&l=\"+l:\"';j.async=true;j.src=\"https:\/\/www.googletagmanager.com\/gtm.js?id=\"+i+dl;f.parentNode.insertBefore(j,f);\n                })(window,document,'script','dataLayer','GTM-NXK42CQ');\n                !function(f,b,e,v,n,t,s){if(f.fbq)return;n=f.fbq=function(){n.callMethod?\n                n.callMethod.apply(n,arguments):n.queue.push(arguments)};if(!f._fbq)f._fbq=n;\n                n.push=n;n.loaded=!0;n.version='2.0';n.queue=[];t=b.createElement(e);t.async=!0;\n                t.src=v;s=b.getElementsByTagName(e)[0];s.parentNode.insertBefore(t,s)}(window,\n                document,'script','https:\/\/connect.facebook.net\/en_US\/fbevents.js');\n                fbq('init', '143267720877988');\n                fbq('track', \"PageView\");\n            }, 10000);\n        <\/script><br \/>\n<br \/><\/p>\n<p><em> \u2018 The preceding article may include information circulated by third parties \u2019 <\/em><\/p>\n<p><em> \u2018 Some details of this article were extracted from the following source www.larepublica.net \u2019 <\/em><\/p>\n","protected":false},"excerpt":{"rendered":"<p>Melissa Gonz\u00e1lez melissagonzalez.asesora@larepublica.web | Viernes 01 octubre, 2021 07:50 am A partir de hoy los amantes del caf\u00e9 podr\u00e1n realizar pedidos de Starbucks a trav\u00e9s de la app de DiDi Foods. La plataforma anunci\u00f3 la incorporaci\u00f3n de la cadena precisamente como parte de las celebraciones del D\u00eda Internacional del Caf\u00e9, este 1\u00b0 de octubre. Los [&hellip;]<\/p>\n","protected":false},"author":2,"featured_media":200246,"comment_status":"open","ping_status":"closed","sticky":false,"template":"","format":"standard","meta":{"om_disable_all_campaigns":false,"jnews-multi-image_gallery":[],"jnews_single_post":[],"jnews_primary_category":[],"jnews_social_meta":[],"footnotes":""},"categories":[43],"tags":[],"class_list":["post-200245","post","type-post","status-publish","format-standard","has-post-thumbnail","hentry","category-gourmet"],"_links":{"self":[{"href":"https:\/\/dimensionturistica.com\/es\/wp-json\/wp\/v2\/posts\/200245","targetHints":{"allow":["GET"]}}],"collection":[{"href":"https:\/\/dimensionturistica.com\/es\/wp-json\/wp\/v2\/posts"}],"about":[{"href":"https:\/\/dimensionturistica.com\/es\/wp-json\/wp\/v2\/types\/post"}],"author":[{"embeddable":true,"href":"https:\/\/dimensionturistica.com\/es\/wp-json\/wp\/v2\/users\/2"}],"replies":[{"embeddable":true,"href":"https:\/\/dimensionturistica.com\/es\/wp-json\/wp\/v2\/comments?post=200245"}],"version-history":[{"count":0,"href":"https:\/\/dimensionturistica.com\/es\/wp-json\/wp\/v2\/posts\/200245\/revisions"}],"wp:featuredmedia":[{"embeddable":true,"href":"https:\/\/dimensionturistica.com\/es\/wp-json\/wp\/v2\/media\/200246"}],"wp:attachment":[{"href":"https:\/\/dimensionturistica.com\/es\/wp-json\/wp\/v2\/media?parent=200245"}],"wp:term":[{"taxonomy":"category","embeddable":true,"href":"https:\/\/dimensionturistica.com\/es\/wp-json\/wp\/v2\/categories?post=200245"},{"taxonomy":"post_tag","embeddable":true,"href":"https:\/\/dimensionturistica.com\/es\/wp-json\/wp\/v2\/tags?post=200245"}],"curies":[{"name":"wp","href":"https:\/\/api.w.org\/{rel}","templated":true}]}}