{"id":200134,"date":"2021-10-01T10:22:14","date_gmt":"2021-10-01T10:22:14","guid":{"rendered":"https:\/\/dimensionturistica.com\/es\/?p=200134"},"modified":"2021-10-01T10:22:15","modified_gmt":"2021-10-01T10:22:15","slug":"aun-no-tienes-el-periodico-lancelot-de-este-mes","status":"publish","type":"post","link":"https:\/\/dimensionturistica.com\/es\/aun-no-tienes-el-periodico-lancelot-de-este-mes\/","title":{"rendered":"\u00bfA\u00fan no tienes el peri\u00f3dico Lancelot de este mes?"},"content":{"rendered":"<p> <br \/>\n<\/p>\n<div>\n<p>                <span itemprop=\"articleBody\"><\/p>\n<p><img decoding=\"async\" itemprop=\"image\" src=\"https:\/\/www.lancelotdigital.com\/images\/2021\/10\/portadaoctubre.webp\"\/><\/p>\n<p>&#13;<\/p>\n<p><strong>La edici\u00f3n de octubre llega cargada de actualidad, an\u00e1lisis, reportajes, cr\u00f3nicas, cultura, gastronom\u00eda y opini\u00f3n<\/strong><\/p>\n<p>&#13;<br \/>\n &#13;<\/p>\n<p>\u00a0<\/p>\n<p>&#13;<\/p>\n<li class=\"texto\"><i class=\"fa fa-file-text-o\"\/>Lancelot Digital<\/li>\n<p>&#13;<\/p>\n<p>\u00a0<\/p>\n<p>&#13;<\/p>\n<p>Un nuevo n\u00famero del peri\u00f3dico Lancelot est\u00e1 ya en la calle, el correspondiente al mes de octubre. En esta edici\u00f3n, uno de los temas principales analiza el cambio experimentado por Lanzarote en los \u00faltimos quince a\u00f1os. Mientras que entonces las playas llenas de piche eran la t\u00f3nica recurring, ahora ya no se ven en las costas de la isla las cl\u00e1sicas bolas de restos de hidrocarburos de los barcos que limpiaban sus cisternas. Los controles satelitales y los cambios legislativos en la seguridad de los petroleros y las fuertes sanciones casi han acabado con uno de los problemas que amenazaba el ecosistema costero y a la industria tur\u00edstica. Tambi\u00e9n hablamos de la reacci\u00f3n de la sociedad canaria ante el intento del Gobierno de Canarias de hacer tur\u00edsticos los charcos y piscinas naturales de la isla. No pod\u00edamos dejar de lado la situaci\u00f3n de La Palma. La poblaci\u00f3n de la isla bonita se enfrenta, cincuenta a\u00f1os despu\u00e9s, a una nueva cat\u00e1strofe pure que pone en jaque la vida de cientos de familias. Adem\u00e1s, entrevistamos a la presidenta del Cabildo, Dolores Corujo que analiza la situaci\u00f3n de las grandes infraestructuras insulares y aboga por seguir gobernando con el PP. Tambi\u00e9n hablamos con Pedro Hern\u00e1ndez, naturalista y profesor de la Escuela de Turismo y analizamos la situaci\u00f3n de Lanzarote desbordada por la disaster migratoria. No faltan entrevistas culturales, es mes al cantante Ciro Corujo, actualidad, gastronom\u00eda y las mejores opiniones de Canarias.<\/p>\n<p>&#13;<\/p>\n<p>\u00a0<\/p>\n<p>&#13;<\/p>\n<p>\u00bfA\u00fan no tienes tu ejemplar en papel? Si lo prefieres tambi\u00e9n puedes descargar <a rel=\"nofollow noopener\" target=\"_blank\" href=\"https:\/\/lancelot.es\/lancelot1021\">aqu\u00ed <\/a>el n\u00famero de octubre<\/p>\n<p>&#13;<\/p>\n<p>\u00a0<\/p>\n<p>                    <\/span><\/p><\/div>\n<p><script src=\"https:\/\/connect.facebook.net\/es_ES\/all.js#xfbml=1\" type=\"text\/javascript\"><\/script><script type=\"text\/javascript\">\n\/\/<![CDATA[\n   \twindow.fbAsyncInit = function() {\n\t\tFB.init({ appId: '171342606239806', \n\t\t\tstatus: true, \n\t\t\tcookie: true,\n\t\t\txfbml: true,\n\t\t\toauth: true\n\t\t});\n   \t\t    \n\t  \t\t};\n    \/\/      \n    jQuery(window).load(function() {\n    \t(function(){\n    \t\tif(!document.getElementById('fb-root')) {\n    \t\t\tvar root = document.createElement('div');\n    \t\t\troot.id = 'fb-root';\n    \t\t\tdocument.getElementById('gkfb-root').appendChild(root);\n    \t\t\tvar e = document.createElement('script');\n    \t\t\te.src = document.location.protocol + '\/\/connect.facebook.net\/es_ES\/all.js';\n    \t\t\te.async = true;\n    \t\t\tdocument.getElementById('fb-root').appendChild(e);\n    \t\t}  \n    \t})();\n    });\n    \/\/]]>\n<\/script><br \/>\n<br \/><\/p>\n<p><em> &#8221; Fuentes www.lancelotdigital.com &#8221; <\/em><\/p>\n","protected":false},"excerpt":{"rendered":"<p>&#13; La edici\u00f3n de octubre llega cargada de actualidad, an\u00e1lisis, reportajes, cr\u00f3nicas, cultura, gastronom\u00eda y opini\u00f3n &#13; &#13; \u00a0 &#13; Lancelot Digital &#13; \u00a0 &#13; Un nuevo n\u00famero del peri\u00f3dico Lancelot est\u00e1 ya en la calle, el correspondiente al mes de octubre. En esta edici\u00f3n, uno de los temas principales analiza el cambio experimentado por [&hellip;]<\/p>\n","protected":false},"author":4,"featured_media":200135,"comment_status":"open","ping_status":"closed","sticky":false,"template":"","format":"standard","meta":{"om_disable_all_campaigns":false,"jnews-multi-image_gallery":[],"jnews_single_post":[],"jnews_primary_category":[],"jnews_social_meta":[],"footnotes":""},"categories":[40],"tags":[946],"class_list":["post-200134","post","type-post","status-publish","format-standard","has-post-thumbnail","hentry","category-industria","tag-lancelot-digital-noticias-lanzarote-diario-digital-periodico-canarias-sucesos-deportes-cultura-vida-social-opinion-semanario-revista"],"_links":{"self":[{"href":"https:\/\/dimensionturistica.com\/es\/wp-json\/wp\/v2\/posts\/200134","targetHints":{"allow":["GET"]}}],"collection":[{"href":"https:\/\/dimensionturistica.com\/es\/wp-json\/wp\/v2\/posts"}],"about":[{"href":"https:\/\/dimensionturistica.com\/es\/wp-json\/wp\/v2\/types\/post"}],"author":[{"embeddable":true,"href":"https:\/\/dimensionturistica.com\/es\/wp-json\/wp\/v2\/users\/4"}],"replies":[{"embeddable":true,"href":"https:\/\/dimensionturistica.com\/es\/wp-json\/wp\/v2\/comments?post=200134"}],"version-history":[{"count":0,"href":"https:\/\/dimensionturistica.com\/es\/wp-json\/wp\/v2\/posts\/200134\/revisions"}],"wp:featuredmedia":[{"embeddable":true,"href":"https:\/\/dimensionturistica.com\/es\/wp-json\/wp\/v2\/media\/200135"}],"wp:attachment":[{"href":"https:\/\/dimensionturistica.com\/es\/wp-json\/wp\/v2\/media?parent=200134"}],"wp:term":[{"taxonomy":"category","embeddable":true,"href":"https:\/\/dimensionturistica.com\/es\/wp-json\/wp\/v2\/categories?post=200134"},{"taxonomy":"post_tag","embeddable":true,"href":"https:\/\/dimensionturistica.com\/es\/wp-json\/wp\/v2\/tags?post=200134"}],"curies":[{"name":"wp","href":"https:\/\/api.w.org\/{rel}","templated":true}]}}