{"id":199788,"date":"2021-09-30T18:40:03","date_gmt":"2021-09-30T18:40:03","guid":{"rendered":"https:\/\/dimensionturistica.com\/es\/?p=199788"},"modified":"2021-09-30T18:40:03","modified_gmt":"2021-09-30T18:40:03","slug":"brasil-destinos-favoritos-para-tentarse","status":"publish","type":"post","link":"https:\/\/dimensionturistica.com\/es\/brasil-destinos-favoritos-para-tentarse\/","title":{"rendered":"Brasil: destinos favoritos para tentarse"},"content":{"rendered":"<p> <br \/>\n<\/p>\n<div id=\"news-body\">\n<p>No hay pandemia ni tipo de cambio que nos haga olvidar. En los \u00faltimos d\u00edas, se observa un crecimiento del 50% en las b\u00fasquedas de los principales destinos de<strong> Brasil, para enero y febrero<\/strong>, en comparaci\u00f3n con d\u00edas\u00a0 anteriores. Los sitios m\u00e1s elegidos est\u00e1n liderados por <strong>R\u00edo de Janeiro, Recife, Natal y Macei\u00f3, <\/strong>aunque tambi\u00e9n algunas playas del sur como las cercanas a Sao Pablo.\u00a0<\/p>\n<p>El pa\u00eds lim\u00edtrofe de Argentina suele tener los para\u00edsos m\u00e1s al alcance para disfrutar del verano y siempre despiertan inter\u00e9s en los viajeros locales.\u00a8 Este a\u00f1o no es la excepci\u00f3n- afirma desde\u00a0la empresa Despegar-<strong>,\u00a0<\/strong>\u00a0vemos un entusiasmo de parte de los argentinos por visitar Brasil y celebramos que ese inter\u00e9s sea rec\u00edproco&#8221;.<\/p>\n<h2><img decoding=\"async\" style=\"max-width: 100%; width: 100%;\" alt=\"1031_gol_vacaciones_brasil\" src=\"https:\/\/fotos.perfil.com\/\/2019\/10\/31\/900\/0\/1031golvacacionesbrasil-799565.jpg\"\/><\/h2>\n<p>As\u00ed como<strong> R\u00edo de Janeiro y San Pablo<\/strong> <strong>se encuentran entre los destinos m\u00e1s elegidos<\/strong> entre los argentinos para pasar las fiestas de fin de a\u00f1o, Buenos Aires est\u00e1 tercero en el rating de los destinos preferidos de los brasile\u00f1os para celebrar A\u00f1o Nuevo\u201d, se\u00f1ala Paula Cristi, Gerente Common de Despegar para Argentina y Uruguay.<\/p>\n<p><img decoding=\"async\" style=\"max-width: 100%; width: 100%;\" alt=\"0912_brasil_vacaciones\" src=\"https:\/\/fotos.perfil.com\/\/2019\/12\/09\/900\/0\/0912brasilvacaciones-815300.jpg\"\/><\/p>\n<p><strong>\u00a8<\/strong>La apertura de las fronteras nacionales y la liberaci\u00f3n de restricciones permiten que se reinicie el flujo de turistas de Brasil hacia Argentina y viceversa y los argentinos est\u00e1n sabiendo aprovechar las buenas oportunidades que se ofrecen en cuanto a precios y <strong>flexibilidad de las reservas <\/strong>para poder viajar a la tierra que los conquist\u00f3 con su alegr\u00eda caracter\u00edstica\u00a8, detalla la ejecutiva.\u00a0<\/p>\n<p><img decoding=\"async\" style=\"max-width: 100%; width: 100%;\" alt=\"0819_brasil \" src=\"https:\/\/fotos.perfil.com\/\/2020\/08\/19\/900\/0\/0819brasil-1003793.jpg\"\/><\/p>\n<p>Para aquellos interesados en visitar el pa\u00eds vecino, la firma ofrece paquetes pensados para que el viajero no tenga que preocuparse por nada, con tarifas acomodadas y opciones de <strong>pago en muchas cuotas sin inter\u00e9s o con dos tarjetas distintas.<\/strong> Adem\u00e1s, una gran ventaja es que <strong>todas las compras suman puntos para Pasaporte,<\/strong> el programa exclusivo de que permite obtener acumularlos con cada experiencia y canjearlos luego por m\u00e1s viajes.<\/p>\n<p><noscript><a rel=\"nofollow noopener\" target=\"_blank\" href=\"https:\/\/ads.us.e-planning.net\/ei\/3\/259a6\/articulo\/teads?it=i&amp;rnd=$RANDOM\"><img decoding=\"async\" width=\"1\" height=\"1\" alt=\"e-planning ad\" src=\"https:\/\/ads.us.e-planning.net\/eb\/3\/259a6\/articulo\/teads?o=i&amp;rnd=$RANDOM\" border=\"0\"\/><\/a><\/noscript><\/p>\n<\/div>\n<p><script>\n    (function(d, s, id) {\n\t\t\t\tvar js, fjs = d.getElementsByTagName(s)[0];\n\t\t\t\tif (d.getElementById(id)) return;\n\t\t\t\tjs = d.createElement(s); js.id = id;\n\t\t\t\tjs.src=\"https:\/\/connect.facebook.net\/es_LA\/sdk.js#xfbml=1&version=V7.0&autoLogAppEvents=1\";\n\t\t\t\tfjs.parentNode.insertBefore(js, fjs);\n\t\t\t}(document, 'script', 'facebook-jssdk'));\n<\/script><br \/>\n<br \/><\/p>\n<p><em> &#8221; Fuentes weekend.perfil.com &#8221; <\/em><\/p>\n","protected":false},"excerpt":{"rendered":"<p>No hay pandemia ni tipo de cambio que nos haga olvidar. En los \u00faltimos d\u00edas, se observa un crecimiento del 50% en las b\u00fasquedas de los principales destinos de Brasil, para enero y febrero, en comparaci\u00f3n con d\u00edas\u00a0 anteriores. Los sitios m\u00e1s elegidos est\u00e1n liderados por R\u00edo de Janeiro, Recife, Natal y Macei\u00f3, aunque tambi\u00e9n [&hellip;]<\/p>\n","protected":false},"author":4,"featured_media":0,"comment_status":"open","ping_status":"closed","sticky":false,"template":"","format":"standard","meta":{"om_disable_all_campaigns":false,"jnews-multi-image_gallery":[],"jnews_single_post":[],"jnews_primary_category":[],"jnews_social_meta":[],"footnotes":""},"categories":[39],"tags":[1824],"class_list":["post-199788","post","type-post","status-publish","format-standard","hentry","category-viajes","tag-brasil"],"_links":{"self":[{"href":"https:\/\/dimensionturistica.com\/es\/wp-json\/wp\/v2\/posts\/199788","targetHints":{"allow":["GET"]}}],"collection":[{"href":"https:\/\/dimensionturistica.com\/es\/wp-json\/wp\/v2\/posts"}],"about":[{"href":"https:\/\/dimensionturistica.com\/es\/wp-json\/wp\/v2\/types\/post"}],"author":[{"embeddable":true,"href":"https:\/\/dimensionturistica.com\/es\/wp-json\/wp\/v2\/users\/4"}],"replies":[{"embeddable":true,"href":"https:\/\/dimensionturistica.com\/es\/wp-json\/wp\/v2\/comments?post=199788"}],"version-history":[{"count":0,"href":"https:\/\/dimensionturistica.com\/es\/wp-json\/wp\/v2\/posts\/199788\/revisions"}],"wp:attachment":[{"href":"https:\/\/dimensionturistica.com\/es\/wp-json\/wp\/v2\/media?parent=199788"}],"wp:term":[{"taxonomy":"category","embeddable":true,"href":"https:\/\/dimensionturistica.com\/es\/wp-json\/wp\/v2\/categories?post=199788"},{"taxonomy":"post_tag","embeddable":true,"href":"https:\/\/dimensionturistica.com\/es\/wp-json\/wp\/v2\/tags?post=199788"}],"curies":[{"name":"wp","href":"https:\/\/api.w.org\/{rel}","templated":true}]}}