{"id":199523,"date":"2021-09-30T09:36:45","date_gmt":"2021-09-30T09:36:45","guid":{"rendered":"https:\/\/dimensionturistica.com\/es\/?p=199523"},"modified":"2021-09-30T09:36:46","modified_gmt":"2021-09-30T09:36:46","slug":"eva-longoria-y-el-mejor-look-de-aeropuerto-con-ciclistas","status":"publish","type":"post","link":"https:\/\/dimensionturistica.com\/es\/eva-longoria-y-el-mejor-look-de-aeropuerto-con-ciclistas\/","title":{"rendered":"Eva Longoria y el mejor look de aeropuerto con ciclistas"},"content":{"rendered":"<p> <br \/>\n<\/p>\n<div>\n<p class=\"body-text\">Cuando viajamos pasamos horas y horas preparando el <em>planning<\/em> de nuestro viaje y -como no- nuestras maletas para llevarnos <a rel=\"nofollow noopener\" target=\"_blank\" class=\"body-link\" href=\"https:\/\/www.elle.com\/es\/moda\/streetstyle\/a37227631\/looks-moda-mujer-otono-rentree-inspiracion-tendencias-street-style\/\" data-vars-ga-outbound-link=\"https:\/\/www.elle.com\/es\/moda\/streetstyle\/a37227631\/looks-moda-mujer-otono-rentree-inspiracion-tendencias-street-style\/\">nuestros mejores looks<\/a>. Pero el primero de ellos siempre suele ser el m\u00e1s importante. El del aeropuerto. <strong>Organizamos nuestra maleta en funci\u00f3n del <em>outfit<\/em> que llevemos puesto<\/strong>, y eso es as\u00ed. <strong>Un look c\u00f3modo<\/strong> (porque vamos a pasar muchas horas en el aeropuerto y en el avi\u00f3n) <strong>pero estiloso<\/strong> para empezar con buen pie el viaje y llegar divina al destino. Y<a rel=\"nofollow noopener\" target=\"_blank\" class=\"body-link\" href=\"https:\/\/www.elle.com\/es\/star-style\/el-estilo-de\/news\/g583114\/estilo-eva-longoria2\/\" data-vars-ga-outbound-link=\"https:\/\/www.elle.com\/es\/star-style\/el-estilo-de\/news\/g583114\/estilo-eva-longoria2\/\"> <strong>Eva Longoria<\/strong><\/a> nos ha inspirado (y mucho) con el look que ha escogido para viajar a Espa\u00f1a. Y os podemos asegurar que es el mejor look de aeropuerto que hemos visto en mucho tiempo.<\/p>\n<p class=\"body-text\"><strong>La actriz nos est\u00e1 sorprendiendo \u00faltimamente con sus estilismos<\/strong>. Primero con <a rel=\"nofollow noopener\" target=\"_blank\" class=\"body-link\" href=\"https:\/\/www.elle.com\/es\/star-style\/el-estilo-de\/a37673218\/eva-longoria-traje-de-chaqueta-ancho-y-tacones-bajitas\/\" data-vars-ga-outbound-link=\"https:\/\/www.elle.com\/es\/star-style\/el-estilo-de\/a37673218\/eva-longoria-traje-de-chaqueta-ancho-y-tacones-bajitas\/\">su look <em>sport<\/em> con la tendencia de los cuadros vichy<\/a> y despu\u00e9s con <a rel=\"nofollow noopener\" target=\"_blank\" class=\"body-link\" href=\"https:\/\/www.elle.com\/es\/star-style\/el-estilo-de\/a37315017\/eva-longoria-conjuto-cuadros-vichy-entrenar\/\" data-vars-ga-outbound-link=\"https:\/\/www.elle.com\/es\/star-style\/el-estilo-de\/a37315017\/eva-longoria-conjuto-cuadros-vichy-entrenar\/\">el traje de chaqueta con pantalones wide-leg perfecto para bajitas<\/a>. Y por si no ten\u00edamos suficiente con eso, <strong>Eva Longoria llega tan solo d\u00edas m\u00e1s tarde para mostrarnos <a rel=\"nofollow noopener\" target=\"_blank\" class=\"body-link\" href=\"https:\/\/www.elle.com\/es\/moda\/noticias\/g22111848\/como-vestir-para-viajar-looks-aeropuerto\/\" data-vars-ga-outbound-link=\"https:\/\/www.elle.com\/es\/moda\/noticias\/g22111848\/como-vestir-para-viajar-looks-aeropuerto\/\">el mejor conjunto para viajar.<\/a><\/strong> Y eso s\u00ed, al igual que sus anteriores <em>outfits<\/em>, este tambi\u00e9n cuenta<strong> con una de <a rel=\"nofollow noopener\" target=\"_blank\" class=\"body-link\" href=\"https:\/\/www.elle.com\/es\/tendencias\/\" data-vars-ga-outbound-link=\"https:\/\/www.elle.com\/es\/tendencias\/\">las tendencias m\u00e1s virales del momento<\/a><\/strong><a rel=\"nofollow noopener\" target=\"_blank\" class=\"body-link\" href=\"https:\/\/www.elle.com\/es\/tendencias\/\" data-vars-ga-outbound-link=\"https:\/\/www.elle.com\/es\/tendencias\/\">.<\/a> \u00a1Nos encanta! <\/p>\n<h2 class=\"body-h2\">El look perfecto para viajar de Eva Longoria<\/h2>\n<p>\n  This content material is imported from Instagram. You might be able to discover the identical content material in one other format, otherwise you might be able to discover extra info, at their site.\n<\/p>\n<p class=\"body-text\">Con una tierna foto en la que aparece de la mano de su hijo, Eva nos ha descubierto una nueva alternativa para viajar c\u00f3moda y con estilo. <strong><a rel=\"nofollow noopener\" target=\"_blank\" class=\"body-link\" href=\"https:\/\/www.elle.com\/es\/star-style\/el-estilo-de\/a23022475\/pantalones-ciclistas-famosas-instagram\/\" data-vars-ga-outbound-link=\"https:\/\/www.elle.com\/es\/star-style\/el-estilo-de\/a23022475\/pantalones-ciclistas-famosas-instagram\/\">Los pantalones ciclistas<\/a><\/strong>. S\u00ed, esos que no has parado de ver en <a rel=\"nofollow noopener\" target=\"_blank\" class=\"body-link\" href=\"https:\/\/www.elle.com\/es\/moda\/streetstyle\/\" data-vars-ga-outbound-link=\"https:\/\/www.elle.com\/es\/moda\/streetstyle\/\">los mejores looks del <strong><em>street style<\/em> <\/strong><\/a>de nuestras famosas favoritas y de las expertas en moda. Una tendencia que de primeras no gust\u00f3 a la gran mayor\u00eda, pero que poco a poco ha conseguido ganarse el amor de las que mejor visten.<\/p>\n<p class=\"body-text\">La actriz y empresaria ha escogido un look deportivo <em><strong>&#8216;whole black&#8217; <\/strong><\/em>de lo m\u00e1s<em> cool. <\/em>Tan solo le ha hecho falta combinar un<strong> prime negro de cuello<\/strong>, unas <strong>mallas ciclistas de talle alto<\/strong>, unas <strong>zapatillas <em>ugly<\/em><\/strong> y una<strong> gorra <\/strong>del mismo coloration. Prendas b\u00e1sicas que han conseguido formular el conjunto perfecto y que quedar\u00eda de maravilla con una sudadera ancha, si la temperatura lo requiere claro est\u00e1. Nosotras hemos tomado nota y nos hemos apuntado este <em>outfit<\/em> tan supreme.<\/p>\n<p>\n    This content material is created and maintained by a 3rd social gathering, and imported onto this web page to assist customers present their electronic mail addresses. You might be able to discover extra details about this and comparable content material at piano.io\n<\/p>\n<\/div>\n\n<p><em> &#8221; Fuentes www.elle.com &#8221; <\/em><\/p>\n","protected":false},"excerpt":{"rendered":"<p>Cuando viajamos pasamos horas y horas preparando el planning de nuestro viaje y -como no- nuestras maletas para llevarnos nuestros mejores looks. Pero el primero de ellos siempre suele ser el m\u00e1s importante. El del aeropuerto. Organizamos nuestra maleta en funci\u00f3n del outfit que llevemos puesto, y eso es as\u00ed. Un look c\u00f3modo (porque vamos [&hellip;]<\/p>\n","protected":false},"author":4,"featured_media":0,"comment_status":"open","ping_status":"closed","sticky":false,"template":"","format":"standard","meta":{"om_disable_all_campaigns":false,"jnews-multi-image_gallery":[],"jnews_single_post":[],"jnews_primary_category":[],"jnews_social_meta":[],"footnotes":""},"categories":[39],"tags":[32712,32713,32714],"class_list":["post-199523","post","type-post","status-publish","format-standard","hentry","category-viajes","tag-eva-longoria","tag-look-aeropuerto","tag-pantalones-ciclistas"],"_links":{"self":[{"href":"https:\/\/dimensionturistica.com\/es\/wp-json\/wp\/v2\/posts\/199523","targetHints":{"allow":["GET"]}}],"collection":[{"href":"https:\/\/dimensionturistica.com\/es\/wp-json\/wp\/v2\/posts"}],"about":[{"href":"https:\/\/dimensionturistica.com\/es\/wp-json\/wp\/v2\/types\/post"}],"author":[{"embeddable":true,"href":"https:\/\/dimensionturistica.com\/es\/wp-json\/wp\/v2\/users\/4"}],"replies":[{"embeddable":true,"href":"https:\/\/dimensionturistica.com\/es\/wp-json\/wp\/v2\/comments?post=199523"}],"version-history":[{"count":0,"href":"https:\/\/dimensionturistica.com\/es\/wp-json\/wp\/v2\/posts\/199523\/revisions"}],"wp:attachment":[{"href":"https:\/\/dimensionturistica.com\/es\/wp-json\/wp\/v2\/media?parent=199523"}],"wp:term":[{"taxonomy":"category","embeddable":true,"href":"https:\/\/dimensionturistica.com\/es\/wp-json\/wp\/v2\/categories?post=199523"},{"taxonomy":"post_tag","embeddable":true,"href":"https:\/\/dimensionturistica.com\/es\/wp-json\/wp\/v2\/tags?post=199523"}],"curies":[{"name":"wp","href":"https:\/\/api.w.org\/{rel}","templated":true}]}}