{"id":199206,"date":"2021-09-29T18:58:10","date_gmt":"2021-09-29T18:58:10","guid":{"rendered":"https:\/\/dimensionturistica.com\/es\/?p=199206"},"modified":"2021-09-29T18:58:10","modified_gmt":"2021-09-29T18:58:10","slug":"sazon-tzotzil-que-conquista-el-paladar-del-mundo-celebremos-juntos","status":"publish","type":"post","link":"https:\/\/dimensionturistica.com\/es\/sazon-tzotzil-que-conquista-el-paladar-del-mundo-celebremos-juntos\/","title":{"rendered":"Saz\u00f3n tzotzil que conquista el paladar del mundo | Celebremos Juntos"},"content":{"rendered":"<p> <br \/>\n<\/p>\n<div id=\"ctn_article_body\">\n<p class=\"\">En el interminable universo de la alta cocina, hay quienes afirman que los grandes platillos y las reinvenciones gastron\u00f3micas m\u00e1s genuinas se cocinan a fuego lento, ah\u00ed en donde la intimidad y la relaci\u00f3n con los ingredientes y alimentos conectan con nuestra herencia e historia private. Las texturas, los sentidos y la consciencia de que hay un tiempo specific para cada cosa son cosas que van construyendo los sabores \u00fanicos.<\/p>\n<p class=\"\">Desde el aprendizaje para hacer la tortilla perfecta, hasta los d\u00edas en los que el conocimiento milenario de la cocina tzotzil quedaron plasmados en un significativo recetario, el proceso de Claudia Ruiz S\u00e1ntiz, chef originaria del Saclamant\u00f3n, pueblo de San Juan Chamula en los Altos de Chiapas, es uno que parece hablar desde la generosidad pure de la tierra y la nobleza de la exploraci\u00f3n gastron\u00f3mica bien implementada, desde el conocimiento milenario chiapaneco y la innovaci\u00f3n de t\u00e9cnicas arm\u00f3nicas.<\/p>\n<p class=\"\">Claudia Ru\u00edz fue la primera mujer indigena en estudiar gastronom\u00eda en la Universidad de Ciencias y Artes de Chiapas, implementando las recetas familiares y el conocimiento milenario de su comunidad en un recetario que fue traducido del tzotzil al espa\u00f1ol.<\/p>\n<p class=\"\">Ese recetario se encontr\u00f3 con el chef Enrique Olvera de Pujol, quien la invit\u00f3 a trabajar ah\u00ed por un a\u00f1o completo, experiencia que Ru\u00edz S\u00e1ntiz combinar\u00eda con una estancia en la cocina de M\u00e1ximo Bistrot de Lalo Garc\u00eda en la Ciudad de M\u00e9xico. El regreso de Claudia a Chiapas la llevar\u00eda a abrir su propio restaurante, Kokono\u2019 (epazote, en tzotzil), brindando platillos abundantes en un sincretismo de lo milenario con la modernidad.<\/p>\n<figure class=\"f | margin_top\"><img decoding=\"async\" alt=\"La cocina chiapaneca, una de las m&#xE1;s complejas y diversas del mundo.\" class=\"lazyload block width_full\" width=\"4252\" height=\"2834\" loading=\"lazy\" src=\"https:\/\/imagenes.elpais.com\/resizer\/foxvG2ljcOF5GMG32oIFaKLwSR8=\/414x0\/cloudfront-eu-central-1.images.arcpublishing.com\/prisa\/U4FGDMY7XRDLXM4ZDV7ZLRAXAI.jpg\" srcset=\"https:\/\/imagenes.elpais.com\/resizer\/foxvG2ljcOF5GMG32oIFaKLwSR8=\/414x0\/cloudfront-eu-central-1.images.arcpublishing.com\/prisa\/U4FGDMY7XRDLXM4ZDV7ZLRAXAI.jpg 414w,https:\/\/imagenes.elpais.com\/resizer\/n_DAbTPu-D1Fur4nFypKEk2HjD8=\/828x0\/cloudfront-eu-central-1.images.arcpublishing.com\/prisa\/U4FGDMY7XRDLXM4ZDV7ZLRAXAI.jpg 640w,https:\/\/imagenes.elpais.com\/resizer\/gJylSd02ws7IOyV7wgmgAPE3K10=\/980x0\/cloudfront-eu-central-1.images.arcpublishing.com\/prisa\/U4FGDMY7XRDLXM4ZDV7ZLRAXAI.jpg 1000w,https:\/\/imagenes.elpais.com\/resizer\/R6X97JuXPOun3x8LCbQLOJBM9Lw=\/1960x0\/cloudfront-eu-central-1.images.arcpublishing.com\/prisa\/U4FGDMY7XRDLXM4ZDV7ZLRAXAI.jpg 1960w\"\/><figcaption class=\"f_c | border_bottom border_1 border_gray_ultra_light_warm text_align_right padding_vertical color_gray_medium\"><span>La cocina chiapaneca, una de las m\u00e1s complejas y diversas del mundo.<\/span><span class=\"f_a | color_black margin_left uppercase light\"><span class=\"author\">Marica van der Meer \/ Arterra\/Common Photos Group v<\/span><\/span><\/figcaption><\/figure>\n<p class=\"\">La comida y el saz\u00f3n de Ru\u00edz ha conquistando paladares y terrenos de la comida contempor\u00e1nea de tal forma, que el orgullo, fortaleza hist\u00f3rica y riqueza cultural que la precede ha sido reconocida recientemente por el ic\u00f3nico rating mundial The World\u2019s 50 Finest Eating places, el cual incluy\u00f3 este 2021 a Claudia Ru\u00edz como parte de sus j\u00f3venes talentos.<\/p>\n<p class=\"\">La categor\u00eda en la que figura esta chef tzotzil junto con otros siete cooks, habla del desdoblamiento humano digno de la cultura y el orgullo hispano que nos caracteriza, la hospitalidad, ya que si bien Ru\u00edz ha logrado desarrollar exquisitos y sorprendentes platillos \u00fanicos en el mundo, su cocina tambi\u00e9n ha sido un puente para ayudar a otros.<\/p>\n<p class=\"\">Mientras comparte su conocimiento y transmite a sus comensales sobre el valor de cada platillo, de acuerdo con The World\u2019s 50 Finest Eating places, Claudia Albertina Ru\u00edz S\u00e1ntiz se encuentra en el proceso de establecer una asociaci\u00f3n para ayudar a quien m\u00e1s lo requiera, con proyectos como un comedor alimentario. Como cube esta orgullosa chef tzotzil: \u201cNo s\u00f3lo cocinamos, sino que tambi\u00e9n educamos, y es una educaci\u00f3n basada en la profesionalidad, pero al mismo tiempo m\u00e1s humana\u201d.<\/p>\n<p class=\"\">Reconocida como una chef orgullosamente ind\u00edgena, Claudia Ru\u00edz es reconocida y valorada como una cocinera que desaf\u00eda tanto las expectativas como las ra\u00edces, un orgullo hispanoamericano digno de celebrarse. \u00a1Celebremos juntos!<\/p>\n<\/div>\n\n<p><em> \u2018 The preceding article may include information circulated by third parties \u2019 <\/em><\/p>\n<p><em> \u2018 Some details of this article were extracted from the following source elpais.com \u2019 <\/em><\/p>\n","protected":false},"excerpt":{"rendered":"<p>En el interminable universo de la alta cocina, hay quienes afirman que los grandes platillos y las reinvenciones gastron\u00f3micas m\u00e1s genuinas se cocinan a fuego lento, ah\u00ed en donde la intimidad y la relaci\u00f3n con los ingredientes y alimentos conectan con nuestra herencia e historia private. Las texturas, los sentidos y la consciencia de que [&hellip;]<\/p>\n","protected":false},"author":2,"featured_media":0,"comment_status":"open","ping_status":"closed","sticky":false,"template":"","format":"standard","meta":{"om_disable_all_campaigns":false,"jnews-multi-image_gallery":[],"jnews_single_post":[],"jnews_primary_category":[],"jnews_social_meta":[],"footnotes":""},"categories":[43],"tags":[],"class_list":["post-199206","post","type-post","status-publish","format-standard","hentry","category-gourmet"],"_links":{"self":[{"href":"https:\/\/dimensionturistica.com\/es\/wp-json\/wp\/v2\/posts\/199206","targetHints":{"allow":["GET"]}}],"collection":[{"href":"https:\/\/dimensionturistica.com\/es\/wp-json\/wp\/v2\/posts"}],"about":[{"href":"https:\/\/dimensionturistica.com\/es\/wp-json\/wp\/v2\/types\/post"}],"author":[{"embeddable":true,"href":"https:\/\/dimensionturistica.com\/es\/wp-json\/wp\/v2\/users\/2"}],"replies":[{"embeddable":true,"href":"https:\/\/dimensionturistica.com\/es\/wp-json\/wp\/v2\/comments?post=199206"}],"version-history":[{"count":0,"href":"https:\/\/dimensionturistica.com\/es\/wp-json\/wp\/v2\/posts\/199206\/revisions"}],"wp:attachment":[{"href":"https:\/\/dimensionturistica.com\/es\/wp-json\/wp\/v2\/media?parent=199206"}],"wp:term":[{"taxonomy":"category","embeddable":true,"href":"https:\/\/dimensionturistica.com\/es\/wp-json\/wp\/v2\/categories?post=199206"},{"taxonomy":"post_tag","embeddable":true,"href":"https:\/\/dimensionturistica.com\/es\/wp-json\/wp\/v2\/tags?post=199206"}],"curies":[{"name":"wp","href":"https:\/\/api.w.org\/{rel}","templated":true}]}}