{"id":199130,"date":"2021-09-29T17:51:28","date_gmt":"2021-09-29T17:51:28","guid":{"rendered":"https:\/\/dimensionturistica.com\/es\/?p=199130"},"modified":"2021-09-29T17:51:28","modified_gmt":"2021-09-29T17:51:28","slug":"el-paseo-de-foods-trucks-de-funes-se-muda-para-no-chocar-con-los-vecinos","status":"publish","type":"post","link":"https:\/\/dimensionturistica.com\/es\/el-paseo-de-foods-trucks-de-funes-se-muda-para-no-chocar-con-los-vecinos\/","title":{"rendered":"El paseo de foods trucks de Funes se muda para no chocar con los vecinos"},"content":{"rendered":"<p> <br \/>\n<\/p>\n<div amp-access-hide=\"\" amp-access=\"mostrarNota\">\n<p>La Intendencia de <strong>Funes<\/strong> probar\u00e1 este a\u00f1o una nueva f\u00f3rmula para ofrecer entretenimiento a los j\u00f3venes sin afectar la convivencia con los vecinos. Tras la pol\u00e9mica desatada en la temporada 2020\/2021 -que incluy\u00f3 una demanda que se tramita en la Justicia-, acord\u00f3 con los titulares del complejo <strong>Vida<\/strong> para mudar all\u00ed <strong>Punto Funes,<\/strong> el paseo gastron\u00f3mico que tiene como principal atractivo su oferta de meals vans.<\/p>\n<p><strong>Punto Funes<\/strong> funcionar\u00e1 a partir de noviembre en el futuro espacio comercial del complejo <strong>Vida<\/strong>, con ingreso sobre calle Illia (continuaci\u00f3n de Mendoza). Ser\u00e1n unos 2.000 m2, con espacio para un amplio estacionamiento, m\u00e1s una posible ampliaci\u00f3n sujeta al desarrollo del emprendimiento.<\/p>\n<p>La informaci\u00f3n fue adelantada a<strong> Punto biz<\/strong> por el intendente <strong>Roly Santacroce,<\/strong> quien coment\u00f3 que recientemente lleg\u00f3 a un acuerdo con Rossetti y Rosental, las dos firmas a cargo de Vida, una urbanizaci\u00f3n que comprende un complete de 190 hect\u00e1reas. &#8220;Le vamos a dar un lugar a los j\u00f3venes de Funes para tener un espacio seguro para divertirse dentro de nuestra ciudad&#8221;, coment\u00f3.<\/p>\n<p>Durante la pandemia, el municipio le hab\u00eda otorgado a Punto Funes un permiso para instalarse sobre la plaza Don Bosco. El emprendimiento reuni\u00f3 importantes marcas -entre ellas Pitsa, La Estancia, Tiendas Naturales y Botiga de Pol-, que atrajeron el inter\u00e9s de propios y extra\u00f1os, por incorporar un formato de patio abierto que encaja a la perfecci\u00f3n con la situaci\u00f3n sanitaria.<\/p>\n<p>Sin embargo, no todo fue shade de rosa. Algunos vecinos sintieron que el emprendimiento afect\u00f3 su derecho al descanso y fueron varios los que presentaron notas de reclamo a la Intendencia. Sin recibir la respuesta que esperaron, m\u00e1s tarde decidieron recurrir a la Justicia, en sinton\u00eda con el anuncio de Santacroce de montar un paseo gastron\u00f3mico permanente en la plaza.<\/p>\n<p>Los vecinos -que contaron con el apoyo de parte de la oposici\u00f3n en el Concejo- presentaron en Tribunales un recurso en el marco de la ley 10.000 de intereses difusos para detener el proyecto, que seg\u00fan el oficialismo ten\u00eda la intenci\u00f3n de replicar el modelo de <strong>La Boquer\u00eda<\/strong>, el ic\u00f3nico mercado de <strong>Barcelona<\/strong>.<\/p>\n<p>Ante esta situaci\u00f3n (a la que debe sumarse otros reclamos de vecinos), la Intendencia logr\u00f3 un acuerdo con Rossetti y Rosental, para subalquilar el espacio a Punto Funes, que tiene como cara seen a Joaqu\u00edn Parcel. Adem\u00e1s de los meals vans, en el lugar habr\u00e1 juegos para ni\u00f1os y un escenario donde habr\u00e1 exhibits musicales.<\/p>\n<\/p><\/div>\n\n<p><em> \u2018 The preceding article may include information circulated by third parties \u2019 <\/em><\/p>\n<p><em> \u2018 Some details of this article were extracted from the following source puntobiz.com.ar \u2019 <\/em><\/p>\n","protected":false},"excerpt":{"rendered":"<p>La Intendencia de Funes probar\u00e1 este a\u00f1o una nueva f\u00f3rmula para ofrecer entretenimiento a los j\u00f3venes sin afectar la convivencia con los vecinos. Tras la pol\u00e9mica desatada en la temporada 2020\/2021 -que incluy\u00f3 una demanda que se tramita en la Justicia-, acord\u00f3 con los titulares del complejo Vida para mudar all\u00ed Punto Funes, el paseo [&hellip;]<\/p>\n","protected":false},"author":2,"featured_media":0,"comment_status":"open","ping_status":"closed","sticky":false,"template":"","format":"standard","meta":{"om_disable_all_campaigns":false,"jnews-multi-image_gallery":[],"jnews_single_post":[],"jnews_primary_category":[],"jnews_social_meta":[],"footnotes":""},"categories":[43],"tags":[],"class_list":["post-199130","post","type-post","status-publish","format-standard","hentry","category-gourmet"],"_links":{"self":[{"href":"https:\/\/dimensionturistica.com\/es\/wp-json\/wp\/v2\/posts\/199130","targetHints":{"allow":["GET"]}}],"collection":[{"href":"https:\/\/dimensionturistica.com\/es\/wp-json\/wp\/v2\/posts"}],"about":[{"href":"https:\/\/dimensionturistica.com\/es\/wp-json\/wp\/v2\/types\/post"}],"author":[{"embeddable":true,"href":"https:\/\/dimensionturistica.com\/es\/wp-json\/wp\/v2\/users\/2"}],"replies":[{"embeddable":true,"href":"https:\/\/dimensionturistica.com\/es\/wp-json\/wp\/v2\/comments?post=199130"}],"version-history":[{"count":0,"href":"https:\/\/dimensionturistica.com\/es\/wp-json\/wp\/v2\/posts\/199130\/revisions"}],"wp:attachment":[{"href":"https:\/\/dimensionturistica.com\/es\/wp-json\/wp\/v2\/media?parent=199130"}],"wp:term":[{"taxonomy":"category","embeddable":true,"href":"https:\/\/dimensionturistica.com\/es\/wp-json\/wp\/v2\/categories?post=199130"},{"taxonomy":"post_tag","embeddable":true,"href":"https:\/\/dimensionturistica.com\/es\/wp-json\/wp\/v2\/tags?post=199130"}],"curies":[{"name":"wp","href":"https:\/\/api.w.org\/{rel}","templated":true}]}}