{"id":198809,"date":"2021-09-29T09:53:03","date_gmt":"2021-09-29T09:53:03","guid":{"rendered":"https:\/\/dimensionturistica.com\/es\/?p=198809"},"modified":"2021-09-29T09:53:04","modified_gmt":"2021-09-29T09:53:04","slug":"iberia-y-barcelo-reclaman-la-presencialidad-para-recuperar-la-caida-del-70-de-los-viajes-de-negocios","status":"publish","type":"post","link":"https:\/\/dimensionturistica.com\/es\/iberia-y-barcelo-reclaman-la-presencialidad-para-recuperar-la-caida-del-70-de-los-viajes-de-negocios\/","title":{"rendered":"Iberia y Barcel\u00f3 reclaman la presencialidad para recuperar la ca\u00edda del 70% de los viajes de negocios"},"content":{"rendered":"<p> <br \/>\n<\/p>\n<div id=\"article-body-content\" data-action=\"toggle\" data-status=\"on\">\n<section class=\"rel-news\" data-mrf-recirculation=\"noticias-relacionadas-noticia\">\n<h4>Noticias relacionadas<\/h4>\n<\/section>\n<p id=\"paragraph_1\">El <strong>turismo es el sector m\u00e1s perjudicado por la pandemia<\/strong>. Y dentro de este, los viajes corporativos son los que m\u00e1s tarde se recuperar\u00e1n, en parte, por las restricciones y el teletrabajo. De ah\u00ed que empresas como Iberia, Barcel\u00f3 y Mahou se hayan aliado para pedir m\u00e1s presencialidad y menos teletrabajo para recuperar la ca\u00edda del 70% de estos viajes durante la pandemia.\u00a0<\/p>\n<p id=\"paragraph_2\">\u201cSe est\u00e1 produciendo una recuperaci\u00f3n en todos los mercados y segmentos liderada por el mercado dom\u00e9stico nacional. En EEUU hay eventos para estadounidenses, en M\u00e9xico para mexicanos y en Espa\u00f1a para espa\u00f1oles. Pero est\u00e1 habiendo algunos eventos con viajes. Es la confirmaci\u00f3n del deseo y convencimiento de que la presencialidad genera m\u00e1s retorno\u201d, afirma Sim\u00f3n Pedro Barcel\u00f3, presidente del Grupo Barcel\u00f3.<\/p>\n<p id=\"paragraph_3\"><strong>Javier S\u00e1nchez-Prieto, presidente de Iberia<\/strong>, alerta de que \u201csi las empresas dejan de viajar, las empresas de turismo tenemos que dejar de invertir\u201d. Y a\u00f1ade: \u201cPodemos estar perdiendo oportunidades pensando que la oportunidad est\u00e1 en reducir los viajes\u201d. De ah\u00ed que Iberia apoye la recuperaci\u00f3n manteniendo la conectividad, apoyando la flexibilidad y potenciando la seguridad e higiene.\u00a0<\/p>\n<p id=\"paragraph_4\"><strong>Eduardo Petrossi, CEO de Mahou San Miguel<\/strong>, apoya los viajes corporativos porque \u201cel teletrabajo puede distorsionar\u201d y recuerda la importancia del networking tras cada reuni\u00f3n de trabajo.\u00a0<\/p>\n<p id=\"paragraph_5\">No obstante, para <strong>Mar\u00eda Benjumea, CEO de Spain Startup,<\/strong> \u201cla ca\u00edda del 70% del business travel no se va a recuperar, solo una parte\u201d. Por ello propone aprovechar el viaje no solo para la reuni\u00f3n. \u201cHay muchas alternativas de diversificaci\u00f3n del negocio\u201d, opina.<\/p>\n<h3 class=\"content__summary-title\">Recuperaci\u00f3n<\/h3>\n<p id=\"paragraph_6\">Lo cierto es que la recuperaci\u00f3n de este segmento va m\u00e1s lenta que el resto del turismo. \u201cEl mercado espa\u00f1ol y el dom\u00e9stico se recuperan antes que los mercados internacionales. Es una se\u00f1al de alarma para Espa\u00f1a porque conlleva a un retraso en la recuperaci\u00f3n por la dependencia de los mercados internacionales\u201d, reconoce Sim\u00f3n Pedro Barcel\u00f3.\u00a0<\/p>\n<p id=\"paragraph_7\">Para Barcel\u00f3 \u201csin la recuperaci\u00f3n del turismo en Espa\u00f1a no habr\u00e1 recuperaci\u00f3n econ\u00f3mica. Sin recuperaci\u00f3n del Business travel tampoco habr\u00e1 recuperaci\u00f3n econ\u00f3mica\u201d.\u00a0<\/p>\n<p id=\"paragraph_8\">Desde Barcel\u00f3 tambi\u00e9n se destac\u00f3 el papel de las agencias de viajes en la recuperaci\u00f3n de los viajes de negocios y asegur\u00f3 que \u201cestamos en un momento de incertidumbre y el modelo de trabajo duro est\u00e1 en revisi\u00f3n\u201d.<\/p>\n<p><include onerror=\"continue\" src=\"https:\/\/www.elespanol.com\/eemodules\/ESPTagListContentsHTMLMO\/mo.html?p=W10&amp;h=0b72\"\/><\/p>\n<h3 class=\"follow-topics-title\"><span class=\"follow-topics-title__icon\"\/>Sigue los temas que te interesan<\/h3>\n<\/p><\/div>\n\n<p><em> &#8221; Fuentes www.elespanol.com &#8221; <\/em><\/p>\n","protected":false},"excerpt":{"rendered":"<p>Noticias relacionadas El turismo es el sector m\u00e1s perjudicado por la pandemia. Y dentro de este, los viajes corporativos son los que m\u00e1s tarde se recuperar\u00e1n, en parte, por las restricciones y el teletrabajo. De ah\u00ed que empresas como Iberia, Barcel\u00f3 y Mahou se hayan aliado para pedir m\u00e1s presencialidad y menos teletrabajo para recuperar [&hellip;]<\/p>\n","protected":false},"author":4,"featured_media":0,"comment_status":"open","ping_status":"closed","sticky":false,"template":"","format":"standard","meta":{"om_disable_all_campaigns":false,"jnews-multi-image_gallery":[],"jnews_single_post":[],"jnews_primary_category":[],"jnews_social_meta":[],"footnotes":""},"categories":[40],"tags":[808,32622,544],"class_list":["post-198809","post","type-post","status-publish","format-standard","hentry","category-industria","tag-iberia","tag-mahou","tag-turismo"],"_links":{"self":[{"href":"https:\/\/dimensionturistica.com\/es\/wp-json\/wp\/v2\/posts\/198809","targetHints":{"allow":["GET"]}}],"collection":[{"href":"https:\/\/dimensionturistica.com\/es\/wp-json\/wp\/v2\/posts"}],"about":[{"href":"https:\/\/dimensionturistica.com\/es\/wp-json\/wp\/v2\/types\/post"}],"author":[{"embeddable":true,"href":"https:\/\/dimensionturistica.com\/es\/wp-json\/wp\/v2\/users\/4"}],"replies":[{"embeddable":true,"href":"https:\/\/dimensionturistica.com\/es\/wp-json\/wp\/v2\/comments?post=198809"}],"version-history":[{"count":0,"href":"https:\/\/dimensionturistica.com\/es\/wp-json\/wp\/v2\/posts\/198809\/revisions"}],"wp:attachment":[{"href":"https:\/\/dimensionturistica.com\/es\/wp-json\/wp\/v2\/media?parent=198809"}],"wp:term":[{"taxonomy":"category","embeddable":true,"href":"https:\/\/dimensionturistica.com\/es\/wp-json\/wp\/v2\/categories?post=198809"},{"taxonomy":"post_tag","embeddable":true,"href":"https:\/\/dimensionturistica.com\/es\/wp-json\/wp\/v2\/tags?post=198809"}],"curies":[{"name":"wp","href":"https:\/\/api.w.org\/{rel}","templated":true}]}}