{"id":198192,"date":"2021-09-28T10:11:12","date_gmt":"2021-09-28T10:11:12","guid":{"rendered":"https:\/\/dimensionturistica.com\/es\/?p=198192"},"modified":"2021-09-28T10:11:13","modified_gmt":"2021-09-28T10:11:13","slug":"trabajan-agencias-a-un-60-de-su-capacidad","status":"publish","type":"post","link":"https:\/\/dimensionturistica.com\/es\/trabajan-agencias-a-un-60-de-su-capacidad\/","title":{"rendered":"Trabajan agencias a un 60% de su capacidad"},"content":{"rendered":"<p> <br \/>\n<\/p>\n<div mlnid=\"idcon=319195;order=11.0\">\n<p class=\"p_0\">La presidenta de la Asociaci\u00f3n Mexicana de Agencias de Viaje (AMAV), Marisela Castro Segovia, dijo que en comparaci\u00f3n a como estaban antes de la pandemia, las agencias trabajan a un 60% de su capacidad, todav\u00eda no est\u00e1n al 100% destinos como Mazatl\u00e1n y Canc\u00fan, mientras que los cruceros esperan se reactiven hasta 2022.<\/p>\n<p class=\"p_1\">Agreg\u00f3 que en la entidad hay 230 agencias de viaje y aunque el a\u00f1o pasado cerraron algunos meses ante la situaci\u00f3n cr\u00edtica, ninguna cerr\u00f3 definitivamente, adem\u00e1s de que no se perdieron empleos.<\/p>\n<p class=\"p_2\">En el caso de los destinos, se\u00f1al\u00f3 que todav\u00eda no est\u00e1n al 100% Mazatl\u00e1n y Canc\u00fan, toda vez que el primero se est\u00e1 reactivando luego de estar en sem\u00e1foro rojo, mientras que los cruceros siguen en \u201cstand by\u201d.<\/p>\n<p class=\"p_3\">Estos \u00faltimos son viajes que se contrataron para el 2020, sin embargo, debido a la pandemia se pasaron para el 2022 esperando que ya se tenga la reactivaci\u00f3n de los mismos, son alrededor de cien personas que est\u00e1n esperando que se puedan reactivar.<\/p>\n<p class=\"p_4\">Finalmente not\u00f3 que el cierre del a\u00f1o es temporada alta, por ello ya se est\u00e1 empezando a realizar reservaciones para el fin de a\u00f1o, son viajes de 4 d\u00edas y 3 noches, los destinos m\u00e1s demandados para despedir el a\u00f1o son Mazatl\u00e1n y Puerto Vallarta.<\/p>\n<\/p><\/div>\n<p><script src=\"https:\/\/connect.facebook.net\/es_ES\/all.js#xfbml=1\"><\/script><br \/>\n<br \/><\/p>\n<p><em> &#8221; Fuentes vanguardia.com.mx &#8221; <\/em><\/p>\n","protected":false},"excerpt":{"rendered":"<p>La presidenta de la Asociaci\u00f3n Mexicana de Agencias de Viaje (AMAV), Marisela Castro Segovia, dijo que en comparaci\u00f3n a como estaban antes de la pandemia, las agencias trabajan a un 60% de su capacidad, todav\u00eda no est\u00e1n al 100% destinos como Mazatl\u00e1n y Canc\u00fan, mientras que los cruceros esperan se reactiven hasta 2022. Agreg\u00f3 que [&hellip;]<\/p>\n","protected":false},"author":4,"featured_media":198193,"comment_status":"open","ping_status":"closed","sticky":false,"template":"","format":"standard","meta":{"om_disable_all_campaigns":false,"jnews-multi-image_gallery":[],"jnews_single_post":[],"jnews_primary_category":[],"jnews_social_meta":[],"footnotes":""},"categories":[40],"tags":[715],"class_list":["post-198192","post","type-post","status-publish","format-standard","has-post-thumbnail","hentry","category-industria","tag-economia"],"_links":{"self":[{"href":"https:\/\/dimensionturistica.com\/es\/wp-json\/wp\/v2\/posts\/198192","targetHints":{"allow":["GET"]}}],"collection":[{"href":"https:\/\/dimensionturistica.com\/es\/wp-json\/wp\/v2\/posts"}],"about":[{"href":"https:\/\/dimensionturistica.com\/es\/wp-json\/wp\/v2\/types\/post"}],"author":[{"embeddable":true,"href":"https:\/\/dimensionturistica.com\/es\/wp-json\/wp\/v2\/users\/4"}],"replies":[{"embeddable":true,"href":"https:\/\/dimensionturistica.com\/es\/wp-json\/wp\/v2\/comments?post=198192"}],"version-history":[{"count":0,"href":"https:\/\/dimensionturistica.com\/es\/wp-json\/wp\/v2\/posts\/198192\/revisions"}],"wp:featuredmedia":[{"embeddable":true,"href":"https:\/\/dimensionturistica.com\/es\/wp-json\/wp\/v2\/media\/198193"}],"wp:attachment":[{"href":"https:\/\/dimensionturistica.com\/es\/wp-json\/wp\/v2\/media?parent=198192"}],"wp:term":[{"taxonomy":"category","embeddable":true,"href":"https:\/\/dimensionturistica.com\/es\/wp-json\/wp\/v2\/categories?post=198192"},{"taxonomy":"post_tag","embeddable":true,"href":"https:\/\/dimensionturistica.com\/es\/wp-json\/wp\/v2\/tags?post=198192"}],"curies":[{"name":"wp","href":"https:\/\/api.w.org\/{rel}","templated":true}]}}