{"id":198107,"date":"2021-09-28T05:43:27","date_gmt":"2021-09-28T05:43:27","guid":{"rendered":"https:\/\/dimensionturistica.com\/es\/?p=198107"},"modified":"2021-09-28T05:43:28","modified_gmt":"2021-09-28T05:43:28","slug":"la-industria-de-reuniones-ve-para-largo-su-recuperacion-el-financiero","status":"publish","type":"post","link":"https:\/\/dimensionturistica.com\/es\/la-industria-de-reuniones-ve-para-largo-su-recuperacion-el-financiero\/","title":{"rendered":"La industria de reuniones ve \u2018para largo\u2019 su recuperaci\u00f3n \u2013 El Financiero"},"content":{"rendered":"<p> <br \/>\n<\/p>\n<div id=\"\">\n<p class=\"default__StyledText-xb1qmn-0 kYamVn body-paragraph\">El turismo de reuniones y de negocios tendr\u00e1 una recuperaci\u00f3n m\u00e1s lenta en comparaci\u00f3n con los viajes de placer, por lo que se espera que el sector retome niveles de ocupaci\u00f3n previos a la pandemia hasta el primer trimestre de 2023, lo que significa 36 meses de n\u00fameros negativos para las empresas ligadas a este negocio, de acuerdo con el Consejo Mexicano de la Industria de Reuniones (COMIR).<\/p>\n<p class=\"default__StyledText-xb1qmn-0 kYamVn body-paragraph\">\u201cAnte la ca\u00edda, desde el mes de abril del 2020, la industria de reuniones conseguir\u00e1 recuperar niveles prepandemia a principios del primer trimestre del 2023\u2033, indic\u00f3 el presidente de COMIR Alejandro Ram\u00edrez Tabche.<\/p>\n<p class=\"default__StyledText-xb1qmn-0 kYamVn body-paragraph\">En el 2019 el gasto de este tipo de turistas se ubic\u00f3 en 30 mil millones de pesos, para el 2020 baj\u00f3 a 10 mil millones de pesos y para este a\u00f1o se prev\u00e9 que se ubique en 15 mil millones de pesos, apunt\u00f3 el presidente del COMIR.<\/p>\n<p class=\"default__StyledText-xb1qmn-0 kYamVn body-paragraph\">Para el sector hotelero, la recuperaci\u00f3n de la industria de reuniones es de vital importancia porque aportaba, antes de la crisis sanitaria, 35.5 millones de cuartos noches. Asimismo, la industria de reuniones, que organiza eventos, ferias, exposiciones y viajes corporativos, contribu\u00eda con el 1.6 por ciento del PIB hasta antes de la pandemia.<\/p>\n<p class=\"default__StyledText-xb1qmn-0 kYamVn body-paragraph\">Se calcula que, por la pandemia, se perdieron 460 mil empleos directos e indirectos, pero que comienzan a recuperarse conforme se reactivan los eventos en los diferentes destinos del pa\u00eds.<\/p>\n<p class=\"default__StyledText-xb1qmn-0 kYamVn body-paragraph\">A agosto de este a\u00f1o, el nivel de eventos, reuniones y ferias, as\u00ed como de viajes corporativos e incentivo se encuentra al 50 por ciento con respecto a un par de a\u00f1os, adem\u00e1s que el COMIR estima que la aportaci\u00f3n a la econom\u00eda nacional, al cierre de este a\u00f1o, la aportaci\u00f3n de la industria ser\u00e1 de 0.8 por ciento.<\/p>\n<p class=\"default__StyledText-xb1qmn-0 kYamVn body-paragraph\">Para el sector busnisess de BCD Travel, una de las empresas m\u00e1s grandes del mundo en gesti\u00f3n de viajes corporativos, la reactivaci\u00f3n de los viajes ligados a los vuelos de negocios ha sido paulatina, toda vez que los presupuestos de las empresas para el traslado de sus empleados se redujo e, incluso, qued\u00f3 fuera de sus previsiones dado el impacto de la crisis sobre sus finanzas.<\/p>\n<p class=\"default__StyledText-xb1qmn-0 kYamVn body-paragraph\">\u201cEl a\u00f1o pasado tuvimos sobre todo mayo, junio, julio un movimiento cero de viajes de negocios. En el primer trimestre y segundo trimestre de este a\u00f1o, el nivel de demanda fue del 35 por ciento; mientras que en agosto empez\u00f3 a volver a bajar\u201d, se\u00f1al\u00f3 a El Financiero Beat Wille, vicepresidente s\u00e9nior de BCD Journey para M\u00e9xico y Am\u00e9rica Latina.<\/p>\n<p class=\"default__StyledText-xb1qmn-0 kYamVn body-paragraph\">Agreg\u00f3 que la variante Delta fren\u00f3 la reactivaci\u00f3n de los viajes de negocios y comprometi\u00f3 las previsiones para el cierre de este a\u00f1o.<\/p>\n<p class=\"default__StyledText-xb1qmn-0 kYamVn body-paragraph\">\u201cEl tema de la variaci\u00f3n Delta ha generado una ca\u00edda en la recuperaci\u00f3n. Para el final del a\u00f1o, esperamos tener el 50 por ciento de los viajes corporativos con respecto a antes de la pandemia, obviamente es mucho menos, es la mitad de lo que ten\u00edamos antes\u201d, precis\u00f3 Wille.<\/p>\n<p class=\"default__StyledText-xb1qmn-0 kYamVn body-paragraph\">No todas las empresas han suspendido sus viajes de negocios. Por ejemplo, las petroleras y gaseras no han dejado de viajar, pero s\u00ed han reducido la frecuencia de sus viajes debido a un menor gasto destinado para cerrar negocios en otras latitudes.<\/p>\n<p class=\"default__StyledText-xb1qmn-0 kYamVn body-paragraph\">Pese a ello, la interacci\u00f3n \u201ccara a cara\u201d entre los empresarios ser\u00e1 necesaria y tendr\u00e1 que recuperarse de acuerdo con el vicepresidente s\u00e9nior de BCD Journey para M\u00e9xico y Am\u00e9rica Latina.<\/p>\n<p class=\"default__StyledText-xb1qmn-0 kYamVn body-paragraph\">\u201cA futuro el tema de seguir interactuando cara a cara no se va a quitar, no va a hacerse virtual, las plataformas nos ayudan, pero la interacci\u00f3n con un cliente, proveedor es necesaria\u201d, apunt\u00f3 Beat  Willie.<\/p>\n<p class=\"default__StyledText-xb1qmn-0 kYamVn body-paragraph\">Kayak apuesta por viajes<\/p>\n<p class=\"default__StyledText-xb1qmn-0 kYamVn body-paragraph\">de negocios<\/p>\n<p class=\"default__StyledText-xb1qmn-0 kYamVn body-paragraph\">La agencia de viajes en l\u00ednea estadounidense Kayak apuesta por los viajes de negocios, para los cuales la empresa prev\u00e9 tener una oferta para que los trabajadores de las empresas puedan gestionar sus viajes, pese a ser uno de los sectores con la recuperaci\u00f3n m\u00e1s lenta,<\/p>\n<p class=\"default__StyledText-xb1qmn-0 kYamVn body-paragraph\">En entrevista para El Financiero, Lise Vives, nation m\u00e1nager de Kayak M\u00e9xico, coment\u00f3 que la plataforma tiene como objetivo hacer m\u00e1s accesible la planeaci\u00f3n de los viajes de las empresas.<\/p>\n<p class=\"default__StyledText-xb1qmn-0 kYamVn body-paragraph\">\u201cApostamos por el sector de business, tenemos un escenario alentador, el 44 por ciento de los mexicanos quieren reanudar, antes que termine el a\u00f1o, sus viajes de negocios. Esta herramienta de Kayak va a ayudar a las empresas a un regreso paulatino de los viajes de negocios\u201d, apunt\u00f3 Vives<\/p>\n<\/div>\n\n<p><em> &#8221; Fuentes www.elfinanciero.com.mx &#8221; <\/em><\/p>\n","protected":false},"excerpt":{"rendered":"<p>El turismo de reuniones y de negocios tendr\u00e1 una recuperaci\u00f3n m\u00e1s lenta en comparaci\u00f3n con los viajes de placer, por lo que se espera que el sector retome niveles de ocupaci\u00f3n previos a la pandemia hasta el primer trimestre de 2023, lo que significa 36 meses de n\u00fameros negativos para las empresas ligadas a este [&hellip;]<\/p>\n","protected":false},"author":4,"featured_media":198108,"comment_status":"open","ping_status":"closed","sticky":false,"template":"","format":"standard","meta":{"om_disable_all_campaigns":false,"jnews-multi-image_gallery":[],"jnews_single_post":[],"jnews_primary_category":[],"jnews_social_meta":[],"footnotes":""},"categories":[39],"tags":[1701,10214],"class_list":["post-198107","post","type-post","status-publish","format-standard","has-post-thumbnail","hentry","category-viajes","tag-recuperacion","tag-sector-hotelero"],"_links":{"self":[{"href":"https:\/\/dimensionturistica.com\/es\/wp-json\/wp\/v2\/posts\/198107","targetHints":{"allow":["GET"]}}],"collection":[{"href":"https:\/\/dimensionturistica.com\/es\/wp-json\/wp\/v2\/posts"}],"about":[{"href":"https:\/\/dimensionturistica.com\/es\/wp-json\/wp\/v2\/types\/post"}],"author":[{"embeddable":true,"href":"https:\/\/dimensionturistica.com\/es\/wp-json\/wp\/v2\/users\/4"}],"replies":[{"embeddable":true,"href":"https:\/\/dimensionturistica.com\/es\/wp-json\/wp\/v2\/comments?post=198107"}],"version-history":[{"count":0,"href":"https:\/\/dimensionturistica.com\/es\/wp-json\/wp\/v2\/posts\/198107\/revisions"}],"wp:featuredmedia":[{"embeddable":true,"href":"https:\/\/dimensionturistica.com\/es\/wp-json\/wp\/v2\/media\/198108"}],"wp:attachment":[{"href":"https:\/\/dimensionturistica.com\/es\/wp-json\/wp\/v2\/media?parent=198107"}],"wp:term":[{"taxonomy":"category","embeddable":true,"href":"https:\/\/dimensionturistica.com\/es\/wp-json\/wp\/v2\/categories?post=198107"},{"taxonomy":"post_tag","embeddable":true,"href":"https:\/\/dimensionturistica.com\/es\/wp-json\/wp\/v2\/tags?post=198107"}],"curies":[{"name":"wp","href":"https:\/\/api.w.org\/{rel}","templated":true}]}}