{"id":198089,"date":"2021-09-28T05:20:42","date_gmt":"2021-09-28T05:20:42","guid":{"rendered":"https:\/\/dimensionturistica.com\/es\/?p=198089"},"modified":"2021-09-28T05:20:42","modified_gmt":"2021-09-28T05:20:42","slug":"orihuela-apuesta-por-el-turismo-de-cruceros","status":"publish","type":"post","link":"https:\/\/dimensionturistica.com\/es\/orihuela-apuesta-por-el-turismo-de-cruceros\/","title":{"rendered":"Orihuela apuesta por el turismo de cruceros"},"content":{"rendered":"<p> <br \/>\n<\/p>\n<p>La concejal Mariola Rocamora ha participado este lunes junto con la t\u00e9cnico de su \u00e1rea en la IV Jornada de la Asociaci\u00f3n Costa Blanca por el turismo de cruceros<\/p>\n<div>\n<p>La concejal de Turismo y Festividades del Ayuntamiento de Orihuela, <strong>Mariola Rocamora<\/strong>, ha participado este lunes en la primera edici\u00f3n de las \u2018<strong>IV Jornadas de la Asociaci\u00f3n Costa Blanca por el turismo de cruceros<\/strong>\u2019, que se ha celebrado en el resort Meli\u00e1 de Alicante, acompa\u00f1ada por la t\u00e9cnico de Patrimonio del municipio,\u00a0<strong>Mari Carmen S\u00e1nchez<\/strong>.\u00a0La edil ha explicado la oferta tur\u00edstica de la ciudad y el valor a\u00f1adido que Orihuela tiene, por la cantidad de patrimonio monumental y cultural que atesoran sus calles.<\/p>\n<div class=\"jeg_video_container jeg_video_content\"><iframe loading=\"lazy\" title=\"IV Jornada Asociaci\u00f3n Alicante Costablanca por el Turismo de Cruceros - SESION 1 - Alicante.\" width=\"500\" height=\"281\" src=\"https:\/\/www.youtube.com\/embed\/FrzQFrvoFxY?feature=oembed\" frameborder=\"0\" allow=\"accelerometer; autoplay; clipboard-write; encrypted-media; gyroscope; picture-in-picture; web-share\" referrerpolicy=\"strict-origin-when-cross-origin\" allowfullscreen><\/iframe><\/div>\n<p>La titular de turismo oriolana ha insistido en la participaci\u00f3n de la ciudad en la ruta que se les plantee a los cruceristas cuando arriben al puerto de Alicante. Rocamora ha detallado las opciones que Orihuela ofrece, desde el turismo de sol y playa de sus 16 kmts. de costa, pasando por el turismo de golf, las opciones de calm down o la oferta de trismo cultural y patrimonial que se encuentra en el casco urbano de la ciudad.<\/p>\n<h2 class=\"nuevo_cintillo\">Oferta cultural<\/h2>\n<p>Cuna del poeta <strong>Miguel Hern\u00e1ndez<\/strong>, Orihuela aglutina a una nueva oleada de artistas que plasman sus obras muy vinculadas a la ciudad. Escritores, pintores, m\u00fasicos y creadores de distintas disciplinas siguen la estela de creaci\u00f3n hoy en la ciudad, que queda plasmada en sus rincones y museos.<\/p>\n<p>Adem\u00e1s de los atractivos tur\u00edsticos propios de la ciudad, como edificios, palacios o sedes religiosas, Orihuela cuenta con algunos de los museos m\u00e1s interesantes de la Comunidad Valenciana, con el museo de la fiesta o el de la Semana Santa, donde se pueden contemplar pasos que conforman un patrimonio art\u00edstico \u00fanico para la ciudad.<\/p>\n<\/p><\/div>\n<p><script>\n      !function(f,b,e,v,n,t,s)\n      {if(f.fbq)return;n=f.fbq=function(){n.callMethod?\n      n.callMethod.apply(n,arguments):n.queue.push(arguments)};\n      if(!f._fbq)f._fbq=n;n.push=n;n.loaded=!0;n.version='2.0';\n      n.queue=[];t=b.createElement(e);t.async=!0;\n      t.src=v;s=b.getElementsByTagName(e)[0];\n      s.parentNode.insertBefore(t,s)}(window, document,'script',\n      'https:\/\/connect.facebook.net\/en_US\/fbevents.js');\n      fbq('init', '318278402160554');\n      fbq('track', 'PageView');\n    <\/script><script>\n      !function(f,b,e,v,n,t,s)\n      {if(f.fbq)return;n=f.fbq=function(){n.callMethod?\n      n.callMethod.apply(n,arguments):n.queue.push(arguments)};\n      if(!f._fbq)f._fbq=n;n.push=n;n.loaded=!0;n.version='2.0';\n      n.queue=[];t=b.createElement(e);t.async=!0;\n      t.src=v;s=b.getElementsByTagName(e)[0];\n      s.parentNode.insertBefore(t,s)}(window, document,'script',\n      'https:\/\/connect.facebook.net\/en_US\/fbevents.js');\n      fbq('init', '407626416691941');\n      fbq('track', 'PageView');\n    <\/script><br \/>\n<br \/><\/p>\n<p><em> &#8221; Fuentes www.esdiario.com &#8221; <\/em><\/p>\n","protected":false},"excerpt":{"rendered":"<p>La concejal Mariola Rocamora ha participado este lunes junto con la t\u00e9cnico de su \u00e1rea en la IV Jornada de la Asociaci\u00f3n Costa Blanca por el turismo de cruceros La concejal de Turismo y Festividades del Ayuntamiento de Orihuela, Mariola Rocamora, ha participado este lunes en la primera edici\u00f3n de las \u2018IV Jornadas de la [&hellip;]<\/p>\n","protected":false},"author":4,"featured_media":198090,"comment_status":"open","ping_status":"closed","sticky":false,"template":"","format":"standard","meta":{"om_disable_all_campaigns":false,"jnews-multi-image_gallery":[],"jnews_single_post":[],"jnews_primary_category":[],"jnews_social_meta":[],"footnotes":""},"categories":[41],"tags":[543,544],"class_list":["post-198089","post","type-post","status-publish","format-standard","has-post-thumbnail","hentry","category-cruceros","tag-cruceros","tag-turismo"],"_links":{"self":[{"href":"https:\/\/dimensionturistica.com\/es\/wp-json\/wp\/v2\/posts\/198089","targetHints":{"allow":["GET"]}}],"collection":[{"href":"https:\/\/dimensionturistica.com\/es\/wp-json\/wp\/v2\/posts"}],"about":[{"href":"https:\/\/dimensionturistica.com\/es\/wp-json\/wp\/v2\/types\/post"}],"author":[{"embeddable":true,"href":"https:\/\/dimensionturistica.com\/es\/wp-json\/wp\/v2\/users\/4"}],"replies":[{"embeddable":true,"href":"https:\/\/dimensionturistica.com\/es\/wp-json\/wp\/v2\/comments?post=198089"}],"version-history":[{"count":0,"href":"https:\/\/dimensionturistica.com\/es\/wp-json\/wp\/v2\/posts\/198089\/revisions"}],"wp:featuredmedia":[{"embeddable":true,"href":"https:\/\/dimensionturistica.com\/es\/wp-json\/wp\/v2\/media\/198090"}],"wp:attachment":[{"href":"https:\/\/dimensionturistica.com\/es\/wp-json\/wp\/v2\/media?parent=198089"}],"wp:term":[{"taxonomy":"category","embeddable":true,"href":"https:\/\/dimensionturistica.com\/es\/wp-json\/wp\/v2\/categories?post=198089"},{"taxonomy":"post_tag","embeddable":true,"href":"https:\/\/dimensionturistica.com\/es\/wp-json\/wp\/v2\/tags?post=198089"}],"curies":[{"name":"wp","href":"https:\/\/api.w.org\/{rel}","templated":true}]}}