{"id":197648,"date":"2021-09-27T16:13:11","date_gmt":"2021-09-27T16:13:11","guid":{"rendered":"https:\/\/dimensionturistica.com\/es\/?p=197648"},"modified":"2021-09-27T16:13:12","modified_gmt":"2021-09-27T16:13:12","slug":"los-viajes-al-aeropuerto-madrid-barajas-adolfo-suarez-aumentaron-un-47-este-verano","status":"publish","type":"post","link":"https:\/\/dimensionturistica.com\/es\/los-viajes-al-aeropuerto-madrid-barajas-adolfo-suarez-aumentaron-un-47-este-verano\/","title":{"rendered":"Los viajes al Aeropuerto Madrid-Barajas Adolfo Su\u00e1rez aumentaron un 47% este verano"},"content":{"rendered":"<p> <br \/>\n<\/p>\n<div>\n<p><strong>Madrid, 27 de septiembre de 2021<\/strong>.- Con motivo del <strong>D\u00eda Mundial de Turismo<\/strong>, <strong>Uber<\/strong> ha realizado un an\u00e1lisis del n\u00famero de viajes solicitados por los usuarios a trav\u00e9s de la app a aeropuertos de Europa, Oriente Medio y \u00c1frica, con la intenci\u00f3n de valorar los niveles de recuperaci\u00f3n tras la relajaci\u00f3n de las restricciones.<\/p>\n<p>Los viajes realizados al aeropuerto de Madrid-Barajas han aumentado un 47% en los \u00faltimos 4 meses. Como resultado, se ha posicionado entre los 10 aeropuertos m\u00e1s visitados, en 4\u00aa posici\u00f3n frente a la 7\u00aa posici\u00f3n que ocup\u00f3 en 2019.<\/p>\n<p>1. Londres Heathrow, Reino Unido<\/p>\n<p>2. Par\u00eds Charles de Gaulle, Francia<\/p>\n<p>3. Paris Orly, Francia<\/p>\n<p>4. Madrid Barajas, Espa\u00f1a<\/p>\n<p>5. Lisboa, Portugal<\/p>\n<p>6. Riyadh, Arabia Saud\u00ed<\/p>\n<p>7. El Cairo, Egipto<\/p>\n<p>8. Bucarest, Rumania<\/p>\n<p>9. Jeddah, Arabia Saud\u00ed<\/p>\n<p>10. Ciudad del Cabo, Sud\u00e1frica<\/p>\n<p>Con respecto a las horas en las que se han registrado mayor n\u00famero de peticiones a y desde el aeropuerto de Madrid Barajas, fueron de 19 a 21hs.<\/p>\n<p>Uber tambi\u00e9n ha analizado los horarios de trayectos asociados a viajes de trabajo y visitas a la oficina, solicitados a trav\u00e9s de su soluci\u00f3n Uber para Empresas. Los datos indican que Madrid es una de las ciudades m\u00e1s madrugadoras de Europa, Oriente Medio y \u00c1frica, ya que las demandas de trayectos corporativos suelen concentrarse en torno a las 9 de la ma\u00f1ana, regresando a casa a las 5 de la tarde.<\/p>\n<p>Rating de las ciudades m\u00e1s madrugadoras<\/p>\n<p>1. Par\u00eds, Z\u00farich, Riad y Jeddah a las 8h<\/p>\n<p>2. Praga, Berl\u00edn, Roma, Varsovia, Lisboa, Bucarest, Madrid y Dubai a las 9h<\/p>\n<p>3. Kiev y El Cairo a las 10h<\/p>\n<p>4. Nairobi y Abu Dhabi a las 11h<\/p>\n<\/p><\/div>\n\n<p><em> &#8221; Fuentes www.hosteltur.com &#8221; <\/em><\/p>\n","protected":false},"excerpt":{"rendered":"<p>Madrid, 27 de septiembre de 2021.- Con motivo del D\u00eda Mundial de Turismo, Uber ha realizado un an\u00e1lisis del n\u00famero de viajes solicitados por los usuarios a trav\u00e9s de la app a aeropuertos de Europa, Oriente Medio y \u00c1frica, con la intenci\u00f3n de valorar los niveles de recuperaci\u00f3n tras la relajaci\u00f3n de las restricciones. Los [&hellip;]<\/p>\n","protected":false},"author":4,"featured_media":77859,"comment_status":"open","ping_status":"closed","sticky":false,"template":"","format":"standard","meta":{"om_disable_all_campaigns":false,"jnews-multi-image_gallery":[],"jnews_single_post":[],"jnews_primary_category":[],"jnews_social_meta":[],"footnotes":""},"categories":[39],"tags":[1555],"class_list":["post-197648","post","type-post","status-publish","format-standard","has-post-thumbnail","hentry","category-viajes","tag-transportes"],"_links":{"self":[{"href":"https:\/\/dimensionturistica.com\/es\/wp-json\/wp\/v2\/posts\/197648","targetHints":{"allow":["GET"]}}],"collection":[{"href":"https:\/\/dimensionturistica.com\/es\/wp-json\/wp\/v2\/posts"}],"about":[{"href":"https:\/\/dimensionturistica.com\/es\/wp-json\/wp\/v2\/types\/post"}],"author":[{"embeddable":true,"href":"https:\/\/dimensionturistica.com\/es\/wp-json\/wp\/v2\/users\/4"}],"replies":[{"embeddable":true,"href":"https:\/\/dimensionturistica.com\/es\/wp-json\/wp\/v2\/comments?post=197648"}],"version-history":[{"count":0,"href":"https:\/\/dimensionturistica.com\/es\/wp-json\/wp\/v2\/posts\/197648\/revisions"}],"wp:featuredmedia":[{"embeddable":true,"href":"https:\/\/dimensionturistica.com\/es\/wp-json\/wp\/v2\/media\/77859"}],"wp:attachment":[{"href":"https:\/\/dimensionturistica.com\/es\/wp-json\/wp\/v2\/media?parent=197648"}],"wp:term":[{"taxonomy":"category","embeddable":true,"href":"https:\/\/dimensionturistica.com\/es\/wp-json\/wp\/v2\/categories?post=197648"},{"taxonomy":"post_tag","embeddable":true,"href":"https:\/\/dimensionturistica.com\/es\/wp-json\/wp\/v2\/tags?post=197648"}],"curies":[{"name":"wp","href":"https:\/\/api.w.org\/{rel}","templated":true}]}}