{"id":197260,"date":"2021-09-27T02:38:15","date_gmt":"2021-09-27T02:38:15","guid":{"rendered":"https:\/\/dimensionturistica.com\/es\/?p=197260"},"modified":"2021-09-27T02:38:15","modified_gmt":"2021-09-27T02:38:15","slug":"viene-buen-invierno-para-cozumel-por-recuperar-40-de-turismo-cce","status":"publish","type":"post","link":"https:\/\/dimensionturistica.com\/es\/viene-buen-invierno-para-cozumel-por-recuperar-40-de-turismo-cce\/","title":{"rendered":"Viene buen invierno para Cozumel; por recuperar 40% de turismo: CCE"},"content":{"rendered":"<p> <br \/>\n<\/p>\n<div>\n<p>Carlos \u00c1guila Arreola<\/p>\n<figure class=\"wp-block-image size-full\"><img decoding=\"async\" loading=\"lazy\" width=\"708\" height=\"520\" src=\"https:\/\/dimensionturistica.com\/es\/wp-content\/uploads\/2021\/09\/1632710293_172_Viene-buen-invierno-para-Cozumel-por-recuperar-40-de-turismo.jpg\" alt=\"\" class=\"wp-image-178047 jetpack-lazy-image\" data-recalc-dims=\"1\" data-lazy- data-lazy- data-lazy-src=\"https:\/\/dimensionturistica.com\/es\/wp-content\/uploads\/2021\/09\/Viene-buen-invierno-para-Cozumel-por-recuperar-40-de-turismo.jpg\" \/><noscript><img decoding=\"async\" loading=\"lazy\" width=\"708\" height=\"520\" src=\"https:\/\/dimensionturistica.com\/es\/wp-content\/uploads\/2021\/09\/1632710293_172_Viene-buen-invierno-para-Cozumel-por-recuperar-40-de-turismo.jpg\" alt=\"\" class=\"wp-image-178047\"   data-recalc-dims=\"1\"\/><\/noscript><\/figure>\n<p><strong><em>Canc\u00fan<\/em><\/strong>.- Cozumel est\u00e1 al 60 por ciento de la recuperaci\u00f3n prepandemia y durante la temporada invernal se podr\u00eda recuperar parte del 40 por ciento restante, confi\u00f3 Mar\u00eda del Carmen Joaqu\u00edn Hern\u00e1ndez, que reci\u00e9n fue electa presidenta del Consejo Coordinador Empresarial (CCE) de la \u00ednsula, quien asegur\u00f3 que su lucha por la ley de islas ser\u00e1 perenne.<\/p>\n<p>La nueva presidenta del CCE de Cozumel refiri\u00f3 que \u201cla ley de islas es un tema de justicia social no s\u00f3lo para las \u00ednsulas de Quintana Roo; adem\u00e1s, fue un compromiso de los diputados que hoy est\u00e1n ya en San L\u00e1zaro y que esperamos que cumplan\u201d.<\/p>\n<p>A\u00f1adi\u00f3 que los habitantes de las tres islas del Caribe mexicano (Cozumel, Isla Mujeres y Holbox) deben unir sus voces para presionar en el centro del pa\u00eds: \u201cTenemos que exigir que se nos voltee a ver; que se den cuenta que las islas de la industria tur\u00edstica seguimos en una situaci\u00f3n muy compleja\u201d.<\/p>\n<p>En ese sentido, Carmen Joaqu\u00edn \u2014sobrina del gobernador Carlos Manuel Joaqu\u00edn Gonz\u00e1lez\u2014 se\u00f1al\u00f3 que \u201ca\u00fan falta por recuperar alrededor de 40 por ciento, \u201cpues para el turismo masivo que recib\u00edamos v\u00eda cruceros, entre tres y medio y casi cuatro millones de visitantes, a\u00fan falta mucho.\u201d.<\/p>\n<p>Record\u00f3 que Cozumel lleg\u00f3 a ser el primer puerto en recepci\u00f3n de cruceros previo a la disaster sanitaria por el coronavirus; la recepci\u00f3n del turismo v\u00eda mar\u00edtima y a\u00e9rea es paulatina: \u201cEstamos en una recuperaci\u00f3n de 60 por ciento; trabajamos mucho con temporadas en el sector tur\u00edstico\u201d.<\/p>\n<p>Para fin de a\u00f1o \u2014para muchos la mejor temporada del a\u00f1o\u2014, la empresaria dijo que se ve muy bien en el tema de flujo en hoteles y vuelos, sobre todo con \u201cCanad\u00e1, que ya se abri\u00f3 de nuevo, aunque el turismo europeo posiblemente tarde un poquito m\u00e1s en regresar, yo pensar\u00eda en un a\u00f1o m\u00e1s\u201d.<\/p>\n<p>Sobre las reservaciones, la nueva titular del CCE Cozumel indic\u00f3 que est\u00e1n arriba de 70 por ciento, \u201cmuy alentador porque a estas alturas del a\u00f1o o por ah\u00ed de noviembre alcanz\u00e1bamos esa cifra, y ya la tenemos. La gente ya tambi\u00e9n est\u00e1 cansada de vivir encerrada, ya quiere salir\u201d.<\/p>\n<p>Asegur\u00f3 que Cozumel ha hecho un extraordinario trabajo para contener la pandemia, pues el uso de cubrebocas siempre fue obligatorio y la mayor\u00eda de la poblaci\u00f3n en edad adulta ya est\u00e1 vacunada, lo que da un plus a la isla cuando se analiza d\u00f3nde vacacionar porque el riesgo de contagio es menor.<\/p>\n<\/p><\/div>\n<p><script data-cfasync=\"false\">(function(d, s, id){\n\t\t\t\t\t  var js, fjs = d.getElementsByTagName(s)[0];\n\t\t\t\t\t  if (d.getElementById(id)) return;\n\t\t\t\t\t  js = d.createElement(s); js.id = id;\n\t\t\t\t\t  js.src = \"\/\/connect.facebook.net\/es_ES\/sdk.js#xfbml=1&version=v3.2\";\n\t\t\t\t\t  fjs.parentNode.insertBefore(js, fjs);\n\t\t\t\t\t}(document, 'script', 'facebook-jssdk'));<\/script><br \/>\n<br \/><\/p>\n<p><em> &#8221; Fuentes www.cancunmio.com &#8221; <\/em><\/p>\n","protected":false},"excerpt":{"rendered":"<p>Carlos \u00c1guila Arreola Canc\u00fan.- Cozumel est\u00e1 al 60 por ciento de la recuperaci\u00f3n prepandemia y durante la temporada invernal se podr\u00eda recuperar parte del 40 por ciento restante, confi\u00f3 Mar\u00eda del Carmen Joaqu\u00edn Hern\u00e1ndez, que reci\u00e9n fue electa presidenta del Consejo Coordinador Empresarial (CCE) de la \u00ednsula, quien asegur\u00f3 que su lucha por la ley [&hellip;]<\/p>\n","protected":false},"author":4,"featured_media":197261,"comment_status":"open","ping_status":"closed","sticky":false,"template":"","format":"standard","meta":{"om_disable_all_campaigns":false,"jnews-multi-image_gallery":[],"jnews_single_post":[],"jnews_primary_category":[],"jnews_social_meta":[],"footnotes":""},"categories":[41],"tags":[1065,2151,544],"class_list":["post-197260","post","type-post","status-publish","format-standard","has-post-thumbnail","hentry","category-cruceros","tag-cozumel","tag-principal","tag-turismo"],"_links":{"self":[{"href":"https:\/\/dimensionturistica.com\/es\/wp-json\/wp\/v2\/posts\/197260","targetHints":{"allow":["GET"]}}],"collection":[{"href":"https:\/\/dimensionturistica.com\/es\/wp-json\/wp\/v2\/posts"}],"about":[{"href":"https:\/\/dimensionturistica.com\/es\/wp-json\/wp\/v2\/types\/post"}],"author":[{"embeddable":true,"href":"https:\/\/dimensionturistica.com\/es\/wp-json\/wp\/v2\/users\/4"}],"replies":[{"embeddable":true,"href":"https:\/\/dimensionturistica.com\/es\/wp-json\/wp\/v2\/comments?post=197260"}],"version-history":[{"count":0,"href":"https:\/\/dimensionturistica.com\/es\/wp-json\/wp\/v2\/posts\/197260\/revisions"}],"wp:featuredmedia":[{"embeddable":true,"href":"https:\/\/dimensionturistica.com\/es\/wp-json\/wp\/v2\/media\/197261"}],"wp:attachment":[{"href":"https:\/\/dimensionturistica.com\/es\/wp-json\/wp\/v2\/media?parent=197260"}],"wp:term":[{"taxonomy":"category","embeddable":true,"href":"https:\/\/dimensionturistica.com\/es\/wp-json\/wp\/v2\/categories?post=197260"},{"taxonomy":"post_tag","embeddable":true,"href":"https:\/\/dimensionturistica.com\/es\/wp-json\/wp\/v2\/tags?post=197260"}],"curies":[{"name":"wp","href":"https:\/\/api.w.org\/{rel}","templated":true}]}}