{"id":196808,"date":"2021-09-25T23:34:42","date_gmt":"2021-09-25T23:34:42","guid":{"rendered":"https:\/\/dimensionturistica.com\/es\/?p=196808"},"modified":"2021-09-25T23:34:43","modified_gmt":"2021-09-25T23:34:43","slug":"llajtaymanta-le-canta-a-la-primavera-durante-15-horas-en-un-crucero-hasta-la-isla-del-sol-cultura","status":"publish","type":"post","link":"https:\/\/dimensionturistica.com\/es\/llajtaymanta-le-canta-a-la-primavera-durante-15-horas-en-un-crucero-hasta-la-isla-del-sol-cultura\/","title":{"rendered":"Llajtaymanta le canta a la primavera durante 15 horas en un crucero hasta la Isla del Sol &#8211; Cultura"},"content":{"rendered":"<p> <br \/>\n<\/p>\n<div>\n<p>El aclamado grupo folcl\u00f3rico Llajtaymanta se subir\u00e1 a un crucero y durante 15 horas de viaje de Tiquina hasta la Isla del Sol le cantar\u00e1 al amor y a la amistad en el mes de la primavera hoy y domingo 26.<\/p>\n<p>El recorrido tiene contemplado pasar por las costas de Copacabana y la Isla del Sol para luego emprender el viaje de retorno.<\/p>\n<div class=\"ad-slot oat oat-visible oat-top \" data-mark=\"  \" style=\"height: 135px;\"><a rel=\"nofollow noopener\" target=\"_blank\" href=\"https:\/\/www.opinion.com.bo\/ads\/20210805130159830025\"> <img decoding=\"async\" src=\"https:\/\/dimensionturistica.com\/es\/wp-content\/uploads\/2021\/09\/Llajtaymanta-le-canta-a-la-primavera-durante-15-horas-en.gif\" width=\"600\" height=\"120\"\/> <\/a><\/div>\n<p>\u201cCelebra junto a nosotros el amor y la amistad en el #LagoTiticaca. Te invitamos a ser parte de este tour de m\u00e1s de 15 horas en el buque &#8216;Musoj Huayna&#8217;, en una aventura musical imperdible\u201d, public\u00f3 el grupo en sus redes sociales.<\/p>\n<p>Hace dos semanas, el grupo dio un espect\u00e1culo de altura en el sal\u00f3n del Lodge Cochabamba en el que interpretaron sus m\u00e1s grandes \u00e9xitos, como \u201cTe amar\u00e9\u201d, \u201cMentiras\u201d y su extenso combine de morenadas.<\/p>\n<\/p><\/div>\n\n<p><em> &#8221; Fuentes www.opinion.com.bo &#8221; <\/em><\/p>\n","protected":false},"excerpt":{"rendered":"<p>El aclamado grupo folcl\u00f3rico Llajtaymanta se subir\u00e1 a un crucero y durante 15 horas de viaje de Tiquina hasta la Isla del Sol le cantar\u00e1 al amor y a la amistad en el mes de la primavera hoy y domingo 26. El recorrido tiene contemplado pasar por las costas de Copacabana y la Isla del [&hellip;]<\/p>\n","protected":false},"author":4,"featured_media":196809,"comment_status":"open","ping_status":"closed","sticky":false,"template":"","format":"standard","meta":{"om_disable_all_campaigns":false,"jnews-multi-image_gallery":[],"jnews_single_post":[],"jnews_primary_category":[],"jnews_social_meta":[],"footnotes":""},"categories":[41],"tags":[6812,32405,32404],"class_list":["post-196808","post","type-post","status-publish","format-standard","has-post-thumbnail","hentry","category-cruceros","tag-concierto","tag-isla-del-sol","tag-llajtaymanta"],"_links":{"self":[{"href":"https:\/\/dimensionturistica.com\/es\/wp-json\/wp\/v2\/posts\/196808","targetHints":{"allow":["GET"]}}],"collection":[{"href":"https:\/\/dimensionturistica.com\/es\/wp-json\/wp\/v2\/posts"}],"about":[{"href":"https:\/\/dimensionturistica.com\/es\/wp-json\/wp\/v2\/types\/post"}],"author":[{"embeddable":true,"href":"https:\/\/dimensionturistica.com\/es\/wp-json\/wp\/v2\/users\/4"}],"replies":[{"embeddable":true,"href":"https:\/\/dimensionturistica.com\/es\/wp-json\/wp\/v2\/comments?post=196808"}],"version-history":[{"count":0,"href":"https:\/\/dimensionturistica.com\/es\/wp-json\/wp\/v2\/posts\/196808\/revisions"}],"wp:featuredmedia":[{"embeddable":true,"href":"https:\/\/dimensionturistica.com\/es\/wp-json\/wp\/v2\/media\/196809"}],"wp:attachment":[{"href":"https:\/\/dimensionturistica.com\/es\/wp-json\/wp\/v2\/media?parent=196808"}],"wp:term":[{"taxonomy":"category","embeddable":true,"href":"https:\/\/dimensionturistica.com\/es\/wp-json\/wp\/v2\/categories?post=196808"},{"taxonomy":"post_tag","embeddable":true,"href":"https:\/\/dimensionturistica.com\/es\/wp-json\/wp\/v2\/tags?post=196808"}],"curies":[{"name":"wp","href":"https:\/\/api.w.org\/{rel}","templated":true}]}}