{"id":196692,"date":"2021-09-25T17:59:54","date_gmt":"2021-09-25T17:59:54","guid":{"rendered":"https:\/\/dimensionturistica.com\/es\/?p=196692"},"modified":"2021-09-25T17:59:55","modified_gmt":"2021-09-25T17:59:55","slug":"acusado-por-millonario-desfalco-de-cruceros-seguira-con-arresto-domiciliario","status":"publish","type":"post","link":"https:\/\/dimensionturistica.com\/es\/acusado-por-millonario-desfalco-de-cruceros-seguira-con-arresto-domiciliario\/","title":{"rendered":"Acusado por millonario desfalco de cruceros seguir\u00e1 con arresto domiciliario"},"content":{"rendered":"<p> <br \/>\n<\/p>\n<div>\n    <!-- Incluir libreria justo antes de <\/head> --><\/p>\n<p class=\"parao_u10d74\"><span class=\"charo_u6b\" id=\"txsr_a:1:{s:4:&quot;phzs&quot;;s:5:&quot;D_101&quot;;}\">El<br \/>\n 13 de septiembre pasado, el Tribunal Oral en lo Penal de Punta Arenas<br \/>\nmodific\u00f3 el arresto domiciliario nocturno y arraigo regional que pesaba<br \/>\nsobre Juan Reyes Navarro. Se orden\u00f3 que el exejecutivo de Navarino S. A.<br \/>\n quedase con firma quincenal y arraigo nacional.<\/span><\/p>\n<p class=\"parao_u10d74\"><span class=\"charo_u6b\" id=\"txsr_a:1:{s:4:&quot;phzs&quot;;s:5:&quot;D_101&quot;;}\">Sin<br \/>\n embargo, la Corte de Apelaciones de Punta Arenas ech\u00f3 por tierra esa<br \/>\nopci\u00f3n. En un fallo dividido, la resoluci\u00f3n del tribunal de fondo se<br \/>\nrevoc\u00f3 y el acusado continuar\u00e1 con la prohibici\u00f3n de abandonar su<br \/>\ndomicilio durante las noches o salir de la regi\u00f3n.<\/span><\/p>\n<p class=\"parao_u10d74\"><span class=\"charo_u6b\" id=\"txsr_a:1:{s:4:&quot;phzs&quot;;s:5:&quot;D_101&quot;;}\">Reyes<br \/>\n Navarro est\u00e1 acusado junto a Jos\u00e9 Soto D\u00edaz de desviar en casi 1.200<br \/>\nmillones de pesos a tres navieras. En sus roles de exjefe de<br \/>\ncontabilidad y tesorero, respectivamente, habr\u00edan confeccionado y girado<br \/>\n cheques de manera fraudulenta desde las cuentas corrientes de V\u00eda<br \/>\nAustralis y Geo Australis, compa\u00f1\u00edas administradas por Navarino. <\/span><\/p>\n<p class=\"parao_u10d74\"><span class=\"charo_u6b\" id=\"txsr_a:1:{s:4:&quot;phzs&quot;;s:5:&quot;D_101&quot;;}\">La maquinaci\u00f3n se prolong\u00f3 durante m\u00e1s de cinco a\u00f1os. El Ministerio P\u00fablico calcula que V\u00eda Australis tuvo perjuici<\/span><span class=\"charo_u6b\" id=\"txsr_a:2:{s:4:&quot;phzs&quot;;s:5:&quot;D_101&quot;;s:4:&quot;trak&quot;;s:5:&quot;D_-10&quot;;}\">os<br \/>\n ascendentes a 871 millones de pesos, mientras que Geo Australis fue<br \/>\ndefraudada en 480 millones, aproximadamente. La sociedad que<br \/>\nadministraba a ambas empresas, Navarino S.A., habr\u00eda perdido dos<br \/>\nmillones de pesos.<\/span><\/p>\n<p class=\"parao_u10d74\"><span class=\"charo_u6b\" id=\"txsr_a:2:{s:4:&quot;phzs&quot;;s:5:&quot;D_101&quot;;s:4:&quot;trak&quot;;s:5:&quot;D_-10&quot;;}\">La Fiscal\u00eda los acusa de estafa reitera<\/span><span class=\"charo_u6b\" id=\"txsr_a:1:{s:4:&quot;phzs&quot;;s:5:&quot;D_101&quot;;}\">da y solicita una condena de 15 a\u00f1os de c\u00e1rcel. Estos antecedentes fueron consi<\/span><span class=\"charo_u6b\">derados en la Corte para mantener el arraigo regional y reclusi\u00f3n nocturna de Reyes Navarro.<\/span><\/p>\n<p class=\"parao_u10d74\"><span class=\"charo_u6b\">\u201cEn<br \/>\n atenci\u00f3n a la naturaleza de los il\u00edcitos que se imputan, la pena de<br \/>\ncrimen asignada a los delitos objetos de juzgamiento y al peligro de<br \/>\nfuga, se revoca la resoluci\u00f3n apelada\u201d, cube el fallo.  <\/span><\/p>\n<\/div>\n<p>\n    <strong>Ping\u00fcino Multimedia<\/strong> entrega este espacio a su p\u00fablico para la expresi\u00f3n private de opiniones y<br \/>\n    comentarios, apelando al respeto entre los usuarios y deslig\u00e1ndose por completo del contenido de los comentarios<br \/>\n    emitidos.\n<\/p>\n<p><script>\n    (function(d, s, id) {\n        var js, fjs = d.getElementsByTagName(s)[0];\n        if (d.getElementById(id)) return;\n        js = d.createElement(s);\n        js.id = id;\n        js.src = \"\/\/connect.facebook.net\/es_LA\/all.js#xfbml=1&appId=326707310733016\";\n        fjs.parentNode.insertBefore(js, fjs);\n    }(document, 'script', 'facebook-jssdk'));\n    <\/script><script async defer crossorigin=\"anonymous\"\n    src=\"https:\/\/connect.facebook.net\/es_LA\/sdk.js#xfbml=1&#038;version=v7.0&#038;appId=2981943065256750&#038;autoLogAppEvents=1\"\n    nonce=\"WHAxAL2H\"><\/script><br \/>\n<br \/><\/p>\n<p><em> &#8221; Fuentes elpinguino.com &#8221; <\/em><\/p>\n","protected":false},"excerpt":{"rendered":"<p>El 13 de septiembre pasado, el Tribunal Oral en lo Penal de Punta Arenas modific\u00f3 el arresto domiciliario nocturno y arraigo regional que pesaba sobre Juan Reyes Navarro. Se orden\u00f3 que el exejecutivo de Navarino S. A. quedase con firma quincenal y arraigo nacional. Sin embargo, la Corte de Apelaciones de Punta Arenas ech\u00f3 por [&hellip;]<\/p>\n","protected":false},"author":4,"featured_media":196693,"comment_status":"open","ping_status":"closed","sticky":false,"template":"","format":"standard","meta":{"om_disable_all_campaigns":false,"jnews-multi-image_gallery":[],"jnews_single_post":[],"jnews_primary_category":[],"jnews_social_meta":[],"footnotes":""},"categories":[41],"tags":[32392,4314],"class_list":["post-196692","post","type-post","status-publish","format-standard","has-post-thumbnail","hentry","category-cruceros","tag-corte-apelaciones","tag-navieras"],"_links":{"self":[{"href":"https:\/\/dimensionturistica.com\/es\/wp-json\/wp\/v2\/posts\/196692","targetHints":{"allow":["GET"]}}],"collection":[{"href":"https:\/\/dimensionturistica.com\/es\/wp-json\/wp\/v2\/posts"}],"about":[{"href":"https:\/\/dimensionturistica.com\/es\/wp-json\/wp\/v2\/types\/post"}],"author":[{"embeddable":true,"href":"https:\/\/dimensionturistica.com\/es\/wp-json\/wp\/v2\/users\/4"}],"replies":[{"embeddable":true,"href":"https:\/\/dimensionturistica.com\/es\/wp-json\/wp\/v2\/comments?post=196692"}],"version-history":[{"count":0,"href":"https:\/\/dimensionturistica.com\/es\/wp-json\/wp\/v2\/posts\/196692\/revisions"}],"wp:featuredmedia":[{"embeddable":true,"href":"https:\/\/dimensionturistica.com\/es\/wp-json\/wp\/v2\/media\/196693"}],"wp:attachment":[{"href":"https:\/\/dimensionturistica.com\/es\/wp-json\/wp\/v2\/media?parent=196692"}],"wp:term":[{"taxonomy":"category","embeddable":true,"href":"https:\/\/dimensionturistica.com\/es\/wp-json\/wp\/v2\/categories?post=196692"},{"taxonomy":"post_tag","embeddable":true,"href":"https:\/\/dimensionturistica.com\/es\/wp-json\/wp\/v2\/tags?post=196692"}],"curies":[{"name":"wp","href":"https:\/\/api.w.org\/{rel}","templated":true}]}}