{"id":196076,"date":"2021-09-24T14:35:37","date_gmt":"2021-09-24T14:35:37","guid":{"rendered":"https:\/\/dimensionturistica.com\/es\/?p=196076"},"modified":"2021-09-24T14:35:37","modified_gmt":"2021-09-24T14:35:37","slug":"rio-negro-autorizo-viajes-grupales-a-partir-del-2-de-octubre-con-protocolo-especial-telam","status":"publish","type":"post","link":"https:\/\/dimensionturistica.com\/es\/rio-negro-autorizo-viajes-grupales-a-partir-del-2-de-octubre-con-protocolo-especial-telam\/","title":{"rendered":"R\u00edo Negro autoriz\u00f3 viajes grupales a partir del 2 de octubre con protocolo especial &#8211; T\u00e9lam"},"content":{"rendered":"<p> <br \/>\n<\/p>\n<div>\n<div class=\"image\" id=\"image\">\n\t\t\t\t\t<img decoding=\"async\" src=\"https:\/\/www.telam.com.ar\/advf\/imagenes\/2020\/12\/5fda796413606_1004x565.jpg\" alt=\"El uso de barbijos o tapabocas ser\u00e1 obligatorio en todos los espacios p\u00fablicos, cerrados y medios de transporte.\" title=\"El uso de barbijos o tapabocas ser\u00e1 obligatorio en todos los espacios p\u00fablicos, cerrados y medios de transporte.\"\/><\/p>\n<p>El uso de barbijos o tapabocas ser obligatorio en todos los espacios pblicos, cerrados y medios de transporte.<\/p>\n<\/div>\n<p>El <strong>Gobierno de Ro Negro autoriz los viajes grupales de egresados, jubilados, estudiantes o similares<\/strong>, a partir del 2 de octubre prximo, bajo el cumplimiento de un protocolo sanitario especial para la actividad, que establece, entre otros requisitos, que todos los pasajeros debern presentar un take a look at Covid-19 de al menos 48 horas antes de realizado el viaje, cuyo resultado deber ser informado al Sistema Nacional de Vigilancia de Salud, se inform oficialmente.<\/p>\n<p>En este marco, la gobernadora Arabela Carreras expres que, \u201cde a poco, vamos retomando actividades fundamentales para la economa de la provincia, siempre respetando los protocolos sanitarios acordes a la actividad, porque la idea es volver con el mejor esquema cuidado para de esa forma reactivar esta porcin de la economa que nos faltaba&#8221;.<\/p>\n<div class=\"js-code\">\n<blockquote class=\"twitter-tweet\">\n<p lang=\"es\" dir=\"ltr\">&#x1f449;A partir del 2 de octubre se reanudan los viajes grupales de egresados, jubilados y estudiantes, siempre bajo el cumplimiento de un protocolo sanitario especial para la actividad.<\/p>\n<p>De a poco,vamos retomando actividades fundamentales para la economa de la Provincia. <a rel=\"nofollow noopener\" target=\"_blank\" href=\"https:\/\/t.co\/FVFNKIi2PD\">pic.twitter.com\/FVFNKIi2PD<\/a><\/p>\n<p> Arabela Carreras (@ArabelaCarreras) <a rel=\"nofollow noopener\" target=\"_blank\" href=\"https:\/\/twitter.com\/ArabelaCarreras\/status\/1441363821063389186?ref_src=twsrc%5Etfw\">September 24, 2021<\/a><\/p><\/blockquote><\/div>\n<p>De acuerdo con lo informado por voceros del gobierno rionegrino, al momento de abordar el micro o avin, se <strong>deber realizar por cuenta de cada empresa un test de antgenos a todos los pasajeros<\/strong>, acompaantes y coordinadores, en el lugar de origen y antes de la salida, y que el mismo test deber realizarse 72 horas antes del inicio del regreso.<\/p>\n<p>En este sentido, aclararon que los casos que resultaren positivos \u201cno podrn abordar el transporte y debern cumplir con aislamiento en su domicilio\u201d.<\/p>\n<p>Adems, el<strong> uso de barbijos o tapabocas ser obligatorio en todos los espacios pblicos, cerrados y medios de transporte<\/strong>, mientras que las agencias de viajes debern gestionar con anticipacin un permiso de ingreso en cada localidad de destino.<\/p>\n<p>En el caso de los<strong> hospedajes, el aforo ser del 70% de las habitaciones de cada lodge<\/strong>, \u201ccon un mximo de tres personas por habitacin y conformando burbujas de 100 personas como mximo\u201d.<\/p>\n<p>Por otra parte, las agencias de viaje debern verificar que los acompaantes y coordinadores cuenten con el<strong> esquema de vacunacin completo o al menos con una dosis aplicada como mnimo, 21 das antes del inicio del viaje<\/strong>, pero en el caso de los mayores de 18 aos con factores de riesgo, ser necesario contar con el esquema de vacunacin completo.<\/p>\n<p>Los pasajeros con resultado negativo al arribo, debern realizar un aislamiento de siete das y realizar un nuevo testeo por su cuenta, que deber ser informado al Sistema Nacional de Vigilancia de Salud.<\/p>\n<p>Todos los prestadores de servicios locales habilitados para recibir pasajeros tendrn que contar con el listado de private, junto con el certificado de vacunacin de los trabajadores correspondientes.\t\t\t\t\t\t\t\t<\/p>\n<\/p><\/div>\n<p><script async src=\"\/\/platform.twitter.com\/widgets.js\" charset=\"utf-8\"><\/script><script>(function(d, s, id) {\n  var js, fjs = d.getElementsByTagName(s)[0];\n  if (d.getElementById(id)) return;\n  js = d.createElement(s); js.id = id;\n  js.src = \"\/\/connect.facebook.net\/es_ES\/sdk.js#xfbml=1&version=v2.6\";\n  fjs.parentNode.insertBefore(js, fjs);\n}(document, 'script', 'facebook-jssdk'));<\/script><br \/>\n<br \/><\/p>\n<p><em> &#8221; Fuentes www.telam.com.ar &#8221; <\/em><\/p>\n","protected":false},"excerpt":{"rendered":"<p>El uso de barbijos o tapabocas ser obligatorio en todos los espacios pblicos, cerrados y medios de transporte. El Gobierno de Ro Negro autoriz los viajes grupales de egresados, jubilados, estudiantes o similares, a partir del 2 de octubre prximo, bajo el cumplimiento de un protocolo sanitario especial para la actividad, que establece, entre otros [&hellip;]<\/p>\n","protected":false},"author":4,"featured_media":196077,"comment_status":"open","ping_status":"closed","sticky":false,"template":"","format":"standard","meta":{"om_disable_all_campaigns":false,"jnews-multi-image_gallery":[],"jnews_single_post":[],"jnews_primary_category":[],"jnews_social_meta":[],"footnotes":""},"categories":[40],"tags":[3041,3045,3044,3043,3049,3048,3046,3040,3042,3047],"class_list":["post-196076","post","type-post","status-publish","format-standard","has-post-thumbnail","hentry","category-industria","tag-ltimas-noticias","tag-agencia-de-noticias","tag-diarios","tag-diarios-argentina","tag-estado-nacional","tag-gobierno-argentino","tag-informacin-nacional","tag-noticias-argentina","tag-noticias-del-da","tag-presidencia"],"_links":{"self":[{"href":"https:\/\/dimensionturistica.com\/es\/wp-json\/wp\/v2\/posts\/196076","targetHints":{"allow":["GET"]}}],"collection":[{"href":"https:\/\/dimensionturistica.com\/es\/wp-json\/wp\/v2\/posts"}],"about":[{"href":"https:\/\/dimensionturistica.com\/es\/wp-json\/wp\/v2\/types\/post"}],"author":[{"embeddable":true,"href":"https:\/\/dimensionturistica.com\/es\/wp-json\/wp\/v2\/users\/4"}],"replies":[{"embeddable":true,"href":"https:\/\/dimensionturistica.com\/es\/wp-json\/wp\/v2\/comments?post=196076"}],"version-history":[{"count":0,"href":"https:\/\/dimensionturistica.com\/es\/wp-json\/wp\/v2\/posts\/196076\/revisions"}],"wp:featuredmedia":[{"embeddable":true,"href":"https:\/\/dimensionturistica.com\/es\/wp-json\/wp\/v2\/media\/196077"}],"wp:attachment":[{"href":"https:\/\/dimensionturistica.com\/es\/wp-json\/wp\/v2\/media?parent=196076"}],"wp:term":[{"taxonomy":"category","embeddable":true,"href":"https:\/\/dimensionturistica.com\/es\/wp-json\/wp\/v2\/categories?post=196076"},{"taxonomy":"post_tag","embeddable":true,"href":"https:\/\/dimensionturistica.com\/es\/wp-json\/wp\/v2\/tags?post=196076"}],"curies":[{"name":"wp","href":"https:\/\/api.w.org\/{rel}","templated":true}]}}