{"id":195947,"date":"2021-09-24T10:32:06","date_gmt":"2021-09-24T10:32:06","guid":{"rendered":"https:\/\/dimensionturistica.com\/es\/?p=195947"},"modified":"2021-09-24T10:32:07","modified_gmt":"2021-09-24T10:32:07","slug":"la-seguridad-social-suma-19-716-afiliados-en-turismo-en-baleares-economiademallorca","status":"publish","type":"post","link":"https:\/\/dimensionturistica.com\/es\/la-seguridad-social-suma-19-716-afiliados-en-turismo-en-baleares-economiademallorca\/","title":{"rendered":"La Seguridad Social suma\u00a019.716 afiliados en turismo en Baleares | Econom\u00edadeMallorca"},"content":{"rendered":"<p> <br \/>\n<\/p>\n<div>\n<p>La afiliaci\u00f3n a la Seguridad Social en el sector del turismo de Baleares subi\u00f3 en<strong> 19.716 personas en agosto sobre el mismo mes del a\u00f1o anterior, <\/strong>mientras que en el conjunto del pa\u00eds aument\u00f3 una media del 4% en (91.405 personas), hasta un complete de 2,36 millones, pero las agencias de viaje siguen perdiendo afiliados.<br \/>\u00a0<\/p>\n<p>Seg\u00fan los datos de<strong> Seguridad Social analizados por Turespa\u00f1a, en agosto <\/strong>-cuando los afiliados en actividades tur\u00edsticas supusieron el 12,3 % del total- continu\u00f3 la tendencia de aumento de las altas en Seguridad Social en el sector, que en los primeros meses del a\u00f1o apenas roz\u00f3 los dos millones de afiliados.<br \/>\u00a0<\/p>\n<p>El crecimiento en la afiliaci\u00f3n del turismo es superior al del conjunto de la econom\u00eda (3,2%) y al del sector servicios, donde mejor\u00f3 un 3,7%.<\/p>\n<p>\u00a0<\/p>\n<p><strong>Las 91.405 altas nuevas en turismo suponen, adem\u00e1s, casi una sexta parte de lo que creci\u00f3 la afiliaci\u00f3n normal, que lo hizo en 603.809 personas.<\/strong><br \/>\u00a0<\/p>\n<p>La variaci\u00f3n fue positiva en todas las ramas salvo en agencias de viaje, donde hubo un descenso de 3.200 afiliaciones. En hosteler\u00eda hubo 67.079 altas (26.109 en servicios de comidas y bebidas y 40.970 en alojamiento) y las otras actividades tur\u00edsticas subieron en 27.525.<br \/>\u00a0<\/p>\n<p>Los asalariados en el sector (el 79,2% del complete) se incrementaron un 5% en agosto por la subida en servicios de restauraci\u00f3n (3%) y alojamiento (13,7%). Las agencias de viaje y operadores tur\u00edsticos perdieron un 8%.<\/p>\n<p>El empleo aut\u00f3nomo (el 20,8%) aument\u00f3 un 0,5%, con subidas en alojamiento (2%) y agencias (0,9%) y descensos en hosteler\u00eda (-0,4%).<\/p>\n<p>En agosto de 2021 el empleo en el conjunto del sector subi\u00f3 en casi todas las comunidades aut\u00f3nomas salvo en Canarias (-2.891), Madrid (-1.883), Pa\u00eds Vasco (-785) y La Rioja (-28).<\/p>\n<p>Los mayores crecimientos de afiliados se dieron en Baleares (19.716), Andaluc\u00eda (18.956), Catalu\u00f1a (11-100) y Comunidad Valenciana (10.839).\u00a0<\/p>\n<\/div>\n<p><script>(function(d, s, id) {\n  var js, fjs = d.getElementsByTagName(s)[0];\n  if (d.getElementById(id)) return;\n  js = d.createElement(s); js.id = id;\n  js.src=\"https:\/\/connect.facebook.net\/es_LA\/sdk.js#xfbml=1&version=v3.1&appId=1092654174213164&autoLogAppEvents=1\";\n  fjs.parentNode.insertBefore(js, fjs);\n}(document, 'script', 'facebook-jssdk'));<\/script><br \/>\n<br \/><\/p>\n<p><em> &#8221; Fuentes economiademallorca.com &#8221; <\/em><\/p>\n","protected":false},"excerpt":{"rendered":"<p>La afiliaci\u00f3n a la Seguridad Social en el sector del turismo de Baleares subi\u00f3 en 19.716 personas en agosto sobre el mismo mes del a\u00f1o anterior, mientras que en el conjunto del pa\u00eds aument\u00f3 una media del 4% en (91.405 personas), hasta un complete de 2,36 millones, pero las agencias de viaje siguen perdiendo afiliados.\u00a0 [&hellip;]<\/p>\n","protected":false},"author":4,"featured_media":195948,"comment_status":"open","ping_status":"closed","sticky":false,"template":"","format":"standard","meta":{"om_disable_all_campaigns":false,"jnews-multi-image_gallery":[],"jnews_single_post":[],"jnews_primary_category":[],"jnews_social_meta":[],"footnotes":""},"categories":[40],"tags":[21624,28920,544],"class_list":["post-195947","post","type-post","status-publish","format-standard","has-post-thumbnail","hentry","category-industria","tag-afiliacion","tag-seguridad-social","tag-turismo"],"_links":{"self":[{"href":"https:\/\/dimensionturistica.com\/es\/wp-json\/wp\/v2\/posts\/195947","targetHints":{"allow":["GET"]}}],"collection":[{"href":"https:\/\/dimensionturistica.com\/es\/wp-json\/wp\/v2\/posts"}],"about":[{"href":"https:\/\/dimensionturistica.com\/es\/wp-json\/wp\/v2\/types\/post"}],"author":[{"embeddable":true,"href":"https:\/\/dimensionturistica.com\/es\/wp-json\/wp\/v2\/users\/4"}],"replies":[{"embeddable":true,"href":"https:\/\/dimensionturistica.com\/es\/wp-json\/wp\/v2\/comments?post=195947"}],"version-history":[{"count":0,"href":"https:\/\/dimensionturistica.com\/es\/wp-json\/wp\/v2\/posts\/195947\/revisions"}],"wp:featuredmedia":[{"embeddable":true,"href":"https:\/\/dimensionturistica.com\/es\/wp-json\/wp\/v2\/media\/195948"}],"wp:attachment":[{"href":"https:\/\/dimensionturistica.com\/es\/wp-json\/wp\/v2\/media?parent=195947"}],"wp:term":[{"taxonomy":"category","embeddable":true,"href":"https:\/\/dimensionturistica.com\/es\/wp-json\/wp\/v2\/categories?post=195947"},{"taxonomy":"post_tag","embeddable":true,"href":"https:\/\/dimensionturistica.com\/es\/wp-json\/wp\/v2\/tags?post=195947"}],"curies":[{"name":"wp","href":"https:\/\/api.w.org\/{rel}","templated":true}]}}