{"id":195839,"date":"2021-09-24T03:58:45","date_gmt":"2021-09-24T03:58:45","guid":{"rendered":"https:\/\/dimensionturistica.com\/es\/?p=195839"},"modified":"2021-09-24T03:58:46","modified_gmt":"2021-09-24T03:58:46","slug":"padres-demandan-por-supuesto-abuso-sexual-contra-su-hija-en-crucero-de-disney-telemundo-miami-51","status":"publish","type":"post","link":"https:\/\/dimensionturistica.com\/es\/padres-demandan-por-supuesto-abuso-sexual-contra-su-hija-en-crucero-de-disney-telemundo-miami-51\/","title":{"rendered":"Padres demandan por supuesto abuso sexual contra su hija en crucero de Disney \u2013 Telemundo Miami (51)"},"content":{"rendered":"<p> <br \/>\n<\/p>\n<div>\n<p>Una familia cube que su hija de tres a\u00f1os fue agredida sexualmente por otra ni\u00f1a en un crucero, y culpa al private de Disney por dejar que sucediera.<\/p>\n<p>Mientras Disney cube que el video no muestra nada agregando en una declaraci\u00f3n que llevar\u00e1 el caso a la corte.<\/p>\n<p>Lo que una ni\u00f1a de tres a\u00f1os supuestamente le dijo a su pap\u00e1 acerca de un recuerdo de sus vacaciones le gener\u00f3 gran sospecha al padre de que pudo haber sido tocada de manera inapropiada y esto condujo a esta demanda presentada contra la l\u00ednea de cruceros de Disney.<\/p>\n<p>Michael Winkleman, abogado de la familia, cube: \u201cla ni\u00f1a de 3 a\u00f1os que estaba entrenada para ir al ba\u00f1o sola comenz\u00f3 a tener accidentes y luego represent\u00f3 la escena con su padre en la que b\u00e1sicamente le dijo que se acostara y se quitara los pantalones.\u00a0 Por supuesto, el pap\u00e1 le dijo, cari\u00f1o, espera un minuto que no es apropiado, \u00bfte pas\u00f3 eso?\u201d.<\/p>\n<p><strong>\u00a0<\/strong>El abogado Michael Winkleman representa a la familia de Vermont llamada \u201cthe does\u201d en la demanda.<\/p>\n<p>\u00a0Primero informaron a la polic\u00eda que pensaban que un miembro del private del crucero hab\u00eda tocado a su hija.<\/p>\n<p><strong>\u00a0<\/strong>Pero Winkleman cube que meses despu\u00e9s vio el video. Video que no puede proporcionarnos, porque solo se le permiti\u00f3 verlo a \u00e9l y no se le permiti\u00f3 Ni grabarlo ni copiarlo.<\/p>\n<p>\u00a0\u00c9l cube que el video muestra a una ni\u00f1a de 10 a\u00f1os vestida con un disfraz de Princesa Leia tocando inapropiadamente a la ni\u00f1a de 3 a\u00f1os.<\/p>\n<p>\u00a0\u201cLa ni\u00f1a mayor comienza a abrazar a la ni\u00f1a, la mantiene quieta y luego mueve su mano directamente entre sus piernas y la deja all\u00ed por un per\u00edodo prolongado de tiempo\u201d.<\/p>\n<p>\u00a0Pero en un informe policial obtenido por nuestra cadena hermana NBC6un investigador escribi\u00f3 que no vio nada inapropiado en el video.<\/p>\n<p>\u00a0M\u00faltiples informes de varias agencias no encontraron pruebas de agresi\u00f3n o no pudieron determinar si ocurri\u00f3 una agresi\u00f3n.<\/p>\n<p>Winkleman insiste que en su investigaci\u00f3n encontr\u00f3 que algo malo sucedi\u00f3 y no est\u00e1 seguro de qu\u00e9 video fue el que la polic\u00eda vio.<\/p>\n<p><strong>\u00a0<\/strong>La demanda culpa a Disney por permitir a ni\u00f1os de diferentes edades estar juntos en la guarder\u00eda, y los cuidadores que cube que no hicieron su trabajo de vigilar a los ni\u00f1os.<\/p>\n<p>Cuestionado sobre \u00bfc\u00f3mo puedes saber qu\u00e9 hab\u00eda dentro de la mente de una ni\u00f1a de 10 a\u00f1os? \u00bfC\u00f3mo sabes que esto es lo que estaba haciendo o cu\u00e1l period su intenci\u00f3n?<\/p>\n<p>El abogado cube: \u201cBueno, creo que, para suerte de la familia, se ve el acto en im\u00e1genes de circuito cerrado, digo suerte, fue en circuito cerrado, porque si no lo fuera, ser\u00eda algo dif\u00edcil de probar\u201d.<\/p>\n<p>\u00a0En una declaraci\u00f3n, Disney dijo:<\/p>\n<p>\u201cEsta demanda no tiene ning\u00fan fundamento.\u00a0 Las primeras acusaciones de los demandantes fueron reportadas al FBI, y la Oficina del Sheriff del Condado de Brevard las investig\u00f3 y determin\u00f3 que eran infundadas.\u00a0 Los demandantes ahora han vuelto con una historia diferente, que es igualmente infundada, que otra ni\u00f1a actu\u00f3 de manera inapropiada con su hija. Defenderemos en\u00e9rgicamente este caso en los tribunales&#8221;.<\/p>\n<\/p><\/div>\n\n<p><em> &#8221; Fuentes www.telemundo51.com &#8221; <\/em><\/p>\n","protected":false},"excerpt":{"rendered":"<p>Una familia cube que su hija de tres a\u00f1os fue agredida sexualmente por otra ni\u00f1a en un crucero, y culpa al private de Disney por dejar que sucediera. Mientras Disney cube que el video no muestra nada agregando en una declaraci\u00f3n que llevar\u00e1 el caso a la corte. Lo que una ni\u00f1a de tres a\u00f1os [&hellip;]<\/p>\n","protected":false},"author":4,"featured_media":195840,"comment_status":"open","ping_status":"closed","sticky":false,"template":"","format":"standard","meta":{"om_disable_all_campaigns":false,"jnews-multi-image_gallery":[],"jnews_single_post":[],"jnews_primary_category":[],"jnews_social_meta":[],"footnotes":""},"categories":[41],"tags":[5589,32297,3264],"class_list":["post-195839","post","type-post","status-publish","format-standard","has-post-thumbnail","hentry","category-cruceros","tag-abuso-sexual","tag-crucero-disney","tag-demanda"],"_links":{"self":[{"href":"https:\/\/dimensionturistica.com\/es\/wp-json\/wp\/v2\/posts\/195839","targetHints":{"allow":["GET"]}}],"collection":[{"href":"https:\/\/dimensionturistica.com\/es\/wp-json\/wp\/v2\/posts"}],"about":[{"href":"https:\/\/dimensionturistica.com\/es\/wp-json\/wp\/v2\/types\/post"}],"author":[{"embeddable":true,"href":"https:\/\/dimensionturistica.com\/es\/wp-json\/wp\/v2\/users\/4"}],"replies":[{"embeddable":true,"href":"https:\/\/dimensionturistica.com\/es\/wp-json\/wp\/v2\/comments?post=195839"}],"version-history":[{"count":0,"href":"https:\/\/dimensionturistica.com\/es\/wp-json\/wp\/v2\/posts\/195839\/revisions"}],"wp:featuredmedia":[{"embeddable":true,"href":"https:\/\/dimensionturistica.com\/es\/wp-json\/wp\/v2\/media\/195840"}],"wp:attachment":[{"href":"https:\/\/dimensionturistica.com\/es\/wp-json\/wp\/v2\/media?parent=195839"}],"wp:term":[{"taxonomy":"category","embeddable":true,"href":"https:\/\/dimensionturistica.com\/es\/wp-json\/wp\/v2\/categories?post=195839"},{"taxonomy":"post_tag","embeddable":true,"href":"https:\/\/dimensionturistica.com\/es\/wp-json\/wp\/v2\/tags?post=195839"}],"curies":[{"name":"wp","href":"https:\/\/api.w.org\/{rel}","templated":true}]}}