{"id":195665,"date":"2021-09-23T20:55:16","date_gmt":"2021-09-23T20:55:16","guid":{"rendered":"https:\/\/dimensionturistica.com\/es\/?p=195665"},"modified":"2021-09-23T20:55:16","modified_gmt":"2021-09-23T20:55:16","slug":"cierra-tegui-por-que-uno-de-los-jurados-de-masterchef-decidio-bajar-las-persianas-de-su-iconico-restaurante","status":"publish","type":"post","link":"https:\/\/dimensionturistica.com\/es\/cierra-tegui-por-que-uno-de-los-jurados-de-masterchef-decidio-bajar-las-persianas-de-su-iconico-restaurante\/","title":{"rendered":"Cierra Tegui: por qu\u00e9 uno de los jurados de Masterchef decidi\u00f3 bajar las persianas de su ic\u00f3nico restaurante"},"content":{"rendered":"<p> <br \/>\n<\/p>\n<div>\n<div class=\"visual__image \"><img decoding=\"async\" alt=\"Tegui, fue seleccionado como el mejor restaurante argentino de Am\u00e9rica Latina \" src=\"https:\/\/www.infobae.com\/new-resizer\/p10oDtjq5GjygFNcUvaWs4zIBP4=\/420x236\/filters:format(jpg):quality(85)\/cloudfront-us-east-1.images.arcpublishing.com\/infobae\/DYM2NO2KDNAMBDA6RC2IGVV5JA.jpg 420w\" height=\"1080\" width=\"1920\" srcset=\"https:\/\/www.infobae.com\/new-resizer\/p10oDtjq5GjygFNcUvaWs4zIBP4=\/420x236\/filters:format(jpg):quality(85)\/cloudfront-us-east-1.images.arcpublishing.com\/infobae\/DYM2NO2KDNAMBDA6RC2IGVV5JA.jpg 420w,https:\/\/www.infobae.com\/new-resizer\/FNc4ar9RKssDHMdLWLaVjkbZMYA=\/768x432\/filters:format(jpg):quality(85)\/cloudfront-us-east-1.images.arcpublishing.com\/infobae\/DYM2NO2KDNAMBDA6RC2IGVV5JA.jpg 768w,https:\/\/www.infobae.com\/new-resizer\/byPpLwjXQZyXl2isIW6d51AFag4=\/992x558\/filters:format(jpg):quality(85)\/cloudfront-us-east-1.images.arcpublishing.com\/infobae\/DYM2NO2KDNAMBDA6RC2IGVV5JA.jpg 992w,https:\/\/www.infobae.com\/new-resizer\/CY08OSf-SZNr0_qHsyY0GchcL6I=\/1200x675\/filters:format(jpg):quality(85)\/cloudfront-us-east-1.images.arcpublishing.com\/infobae\/DYM2NO2KDNAMBDA6RC2IGVV5JA.jpg 1200w,https:\/\/www.infobae.com\/new-resizer\/3ci7ahaE-yrV5HthCuNbDwHEN_U=\/1440x810\/filters:format(jpg):quality(85)\/cloudfront-us-east-1.images.arcpublishing.com\/infobae\/DYM2NO2KDNAMBDA6RC2IGVV5JA.jpg 1440w\" sizes=\"auto, (min-width: 800px) 50vw, 90vw\" loading=\"lazy\"\/><figcaption class=\"\">Tegui, fue seleccionado como el mejor restaurante argentino de Am\u00e9rica Latina <\/figcaption><\/div>\n<p class=\"paragraph\"><mark class=\"hl_yellow\"><b>\u201cEl Tegui que todos conocemos y amamos en Palermo se despide\u201d, poste\u00f3 el reconocido chef Germ\u00e1n Martitegui en su cuenta de Instagram. As\u00ed oficializ\u00f3 el cierre del ic\u00f3nico restaurante porte\u00f1o luego de 13 a\u00f1os. <\/b><\/mark><\/p>\n<p class=\"paragraph\">El multipremiado Tegui, elegido como mejor el mejor de Argentina por la revista <i>Restaurant <\/i>en 2013, e integrante en varias ediciones del rating de los 50 high de la regi\u00f3n, se despedir\u00e1 durante un mes con un men\u00fa especial y reservas s\u00f3lo on-line por medio de su net.<\/p>\n<p class=\"paragraph\">\u201cSer\u00e1n 30 d\u00edas en donde vamos a honrar todo lo que signific\u00f3 Tegui con mucho orgullo. Si siempre te prometiste venir y no lo hiciste, si ven\u00edas seguido, si pasaste una o varias noches inolvidables, festejaste algo importante, dec\u00edas todo el tiempo tengo que volver, o simplemente nos quer\u00e9s. El momento es ahora\u201d, escribi\u00f3 el jurado de MasterChef.<\/p>\n<p class=\"paragraph\">\u201cDespidamos estos 13 a\u00f1os de Tegui en Palermo como lo hicimos siempre, celebrando la cocina, nuestra pasi\u00f3n, y nuestra emoci\u00f3n, trabajando\u201d, agreg\u00f3.  <\/p>\n<div class=\"visual__image \"><img decoding=\"async\" alt=\"Martitegui es uno de los jurados de Masterchef\" src=\"https:\/\/www.infobae.com\/new-resizer\/chEhW_vgs5abbW_ItbY5ywVgmrc=\/420x236\/filters:format(jpg):quality(85)\/cloudfront-us-east-1.images.arcpublishing.com\/infobae\/EQ42IXF5NJB7PCJP4MKTH53CZU.jpg 420w\" height=\"1080\" width=\"1920\" srcset=\"https:\/\/www.infobae.com\/new-resizer\/chEhW_vgs5abbW_ItbY5ywVgmrc=\/420x236\/filters:format(jpg):quality(85)\/cloudfront-us-east-1.images.arcpublishing.com\/infobae\/EQ42IXF5NJB7PCJP4MKTH53CZU.jpg 420w,https:\/\/www.infobae.com\/new-resizer\/pi7QVlctaED0SCAiLD0mBM1Wtlk=\/768x432\/filters:format(jpg):quality(85)\/cloudfront-us-east-1.images.arcpublishing.com\/infobae\/EQ42IXF5NJB7PCJP4MKTH53CZU.jpg 768w,https:\/\/www.infobae.com\/new-resizer\/ppK5qcnXO4kZ-2HbEByYyrD4IM4=\/992x558\/filters:format(jpg):quality(85)\/cloudfront-us-east-1.images.arcpublishing.com\/infobae\/EQ42IXF5NJB7PCJP4MKTH53CZU.jpg 992w,https:\/\/www.infobae.com\/new-resizer\/GZcmUIjkt9W8qYwCdB0mfXRjd0M=\/1200x675\/filters:format(jpg):quality(85)\/cloudfront-us-east-1.images.arcpublishing.com\/infobae\/EQ42IXF5NJB7PCJP4MKTH53CZU.jpg 1200w,https:\/\/www.infobae.com\/new-resizer\/FubcARS0J7r96nfgKCqHU4IWzp4=\/1440x810\/filters:format(jpg):quality(85)\/cloudfront-us-east-1.images.arcpublishing.com\/infobae\/EQ42IXF5NJB7PCJP4MKTH53CZU.jpg 1440w\" sizes=\"auto, (min-width: 800px) 50vw, 90vw\" loading=\"lazy\"\/><figcaption class=\"\">Martitegui es uno de los jurados de Masterchef<\/figcaption><\/div>\n<p class=\"paragraph\">Dado el contexto, el cocinero aclar\u00f3 en el mismo posteo que el cierre se debe a una decisi\u00f3n private y que no tiene nada que ver con el la situaci\u00f3n econ\u00f3mica ni con el impacto de la cuarentena. <b>\u201cQuiero decirles que esta decisi\u00f3n no tiene que ver con la pandemia ni la cuarentena, desaf\u00edos que pasamos con mucha valent\u00eda, energ\u00eda y much\u00edsimo \u00e9xito. Esta decisi\u00f3n es m\u00e1s personal que otra cosa\u201d<\/b>, escribi\u00f3. <\/p>\n<p class=\"paragraph\">Y tambi\u00e9n dio pistas de que podr\u00eda haber una apertura en el corto plazo, pero sin mayores datos. \u201cPronto se enterar\u00e1n de como contin\u00faa Tegui y qu\u00e9 planes tenemos. Durante estos 30 d\u00edas probablemente recapitulemos muchos de los logros y locuras de estos 13 a\u00f1os\u201d, expres\u00f3. El posteo est\u00e1 acompa\u00f1ado por una video y una foto en la que se lo ve descolgando la calavera de vaca que es \u00edcono del native. <\/p>\n<p class=\"paragraph\"><b>Renuncia<\/b><\/p>\n<p class=\"paragraph\">En marzo pasado\u00a0<b>Martitegui<\/b>\u00a0tambi\u00e9n hab\u00eda usado su cuenta de Instagram private para renuncias a ser jurado de una prestigiosa lista de los mejores restaurantes de la regi\u00f3n.  \u201cAmigos y colegas. Comparto con ustedes\u00a0<b>mi decisio\u0301n de renunciar a ser jurado de The World\u2019s 50 Best Restaurants y mi deseo de no estar m\u00e1s en sus listas<\/b>. A continuacio\u0301n en ingle\u0301s la carta que envie\u0301. Agradezco a todos el apoyo por todos estos an\u0303os\u201d, dijo.<\/p>\n<p class=\"paragraph\"><i>The World\u2019s Greatest 50 Eating places<\/i>\u00a0es una lista que naci\u00f3 en 2002 y es producida por la compa\u00f1\u00eda de medios brit\u00e1nica William Reed Enterprise Media. El rating refleja la diversidad del paisaje culinario mundial,\u00a0<b>ya que cuenta con un panel de m\u00e1s de 1.000 expertos culinarios<\/b>.<\/p>\n<p class=\"paragraph\">\u00bfPor qu\u00e9 renunci\u00f3? Por la pandemia. \u201cSe supone que estemos votando a los mejores restaurants del mundo,\u00a0<b>pero debemos hacerlo en un a\u00f1o en el que se han cerrado restaurantes en todo el mundo y en el que ni yo ni nadie ha podido viajar<\/b>. Esto, como no tiene ning\u00fan sentido para m\u00ed, ha llevado finalmente a mi decisi\u00f3n\u201d, escribi\u00f3.<\/p>\n<p class=\"paragraph\">En la carta de renuncia, que tambi\u00e9n public\u00f3, asegur\u00f3: \u201cMi propio restaurant\u00a0<b>ha estado cerrado durante gran parte de este tiempo<\/b>, por lo que ciertamente no deber\u00eda entrar en ninguna lista, y ni siquiera s\u00e9 si sobrevivir\u00e1 a la pandemia. Mis prioridades ahora son claramente diferentes.\u00a0<b>No me cabe duda de que la lista ha contribuido a poner en el mapa nuestra querida cocina latinoamericana y a poner en valor el trabajo de colegas que admiro y quiero<\/b>. Y lo mejor que ha conseguido ha sido darnos a conocer, reunirnos cada a\u00f1o para celebrar, y que la camarader\u00eda actual se haya generado por esas experiencias compartidas\u201d.<\/p>\n<p class=\"paragraph\">\u201cPero personalmente, desde hace unos a\u00f1os,\u00a0<b>estoy descontento con el sistema de los 50 Best<\/b>, lo encuentro continuamente estresante e influye en mi creatividad profesional hasta el punto de no saber si estoy haciendo las cosas como realmente quiero o porque son las que mejor mantienen mi posici\u00f3n en la lista.\u00a0<b>Siento que crea un recelo y una competencia que no me agrada entre los cocineros y que se ha acentuado con el tiempo<\/b>, y el posicionamiento de restaurantes muy dis\u00edmiles en una misma lista me parece m\u00e1s injustificable cada d\u00eda que pasa\u201d, agreg\u00f3.<\/p>\n<p class=\"paragraph\">Un mes despu\u00e9s tuvo un cruce con un clientes, tambi\u00e9n en las redes. Esta vez por el precio de sus platos. El chef pidi\u00f3 que, en medio de las restricciones por la segunda ola, la gente saliera a comer temprano. <\/p>\n<p class=\"paragraph\"><b>\u201cSal\u00ed a comer m\u00e1s temprano, 19:30, 20hs. \u00a1Tus restaurantes favoritos te necesitan! Y es una sana costumbre. #gastronomiaenrojo\u201d<\/b>, dijo. Entre los cientos de comentarios que recibi\u00f3 a favor y en contra, uno de sus seguidores le objet\u00f3 el precio de su men\u00fa:\u00a0<b>\u201cY&#8230; \u00a1pagar ocho lucas un plato tuyo no es sano!\u201d<\/b>. Pero el jurado de\u00a0<i><b>Masterchef Superstar 2<\/b><\/i>\u00a0sali\u00f3 a responderle sin vueltas:\u00a0<b>\u201cMi restaurante no est\u00e1 abierto. No hice el pedido por m\u00ed. No lo necesito. Pero and\u00e1 temprano a uno que puedas pagar, muchos trabajos dependen de eso\u201d<\/b>.<\/p>\n<p class=\"paragraph\"><i>Noticia en desarrollo<\/i><\/p>\n<\/div>\n<p><script defer=\"\">!function(f,b,e,v,n,t,s) {if(f.fbq)return;n=f.fbq=function(){n.callMethod? n.callMethod.apply(n,arguments):n.queue.push(arguments)}; if(!f._fbq)f._fbq=n;n.push=n;n.loaded=!0;n.version='2.0'; n.queue=[];t=b.createElement(e);t.async=!0; t.src=v;s=b.getElementsByTagName(e)[0]; s.parentNode.insertBefore(t,s)}(window, document,'script', 'https:\/\/connect.facebook.net\/en_US\/fbevents.js'); fbq('init', '336383993555320'); fbq('track', 'PageView'); fbq('track', 'ViewContent');<\/script><br \/>\n<br \/><\/p>\n<p><em> \u2018 The preceding article may include information circulated by third parties \u2019 <\/em><\/p>\n<p><em> \u2018 Some details of this article were extracted from the following source www.infobae.com \u2019 <\/em><\/p>\n","protected":false},"excerpt":{"rendered":"<p>Tegui, fue seleccionado como el mejor restaurante argentino de Am\u00e9rica Latina \u201cEl Tegui que todos conocemos y amamos en Palermo se despide\u201d, poste\u00f3 el reconocido chef Germ\u00e1n Martitegui en su cuenta de Instagram. As\u00ed oficializ\u00f3 el cierre del ic\u00f3nico restaurante porte\u00f1o luego de 13 a\u00f1os. El multipremiado Tegui, elegido como mejor el mejor de Argentina [&hellip;]<\/p>\n","protected":false},"author":2,"featured_media":195666,"comment_status":"open","ping_status":"closed","sticky":false,"template":"","format":"standard","meta":{"om_disable_all_campaigns":false,"jnews-multi-image_gallery":[],"jnews_single_post":[],"jnews_primary_category":[],"jnews_social_meta":[],"footnotes":""},"categories":[43],"tags":[],"class_list":["post-195665","post","type-post","status-publish","format-standard","has-post-thumbnail","hentry","category-gourmet"],"_links":{"self":[{"href":"https:\/\/dimensionturistica.com\/es\/wp-json\/wp\/v2\/posts\/195665","targetHints":{"allow":["GET"]}}],"collection":[{"href":"https:\/\/dimensionturistica.com\/es\/wp-json\/wp\/v2\/posts"}],"about":[{"href":"https:\/\/dimensionturistica.com\/es\/wp-json\/wp\/v2\/types\/post"}],"author":[{"embeddable":true,"href":"https:\/\/dimensionturistica.com\/es\/wp-json\/wp\/v2\/users\/2"}],"replies":[{"embeddable":true,"href":"https:\/\/dimensionturistica.com\/es\/wp-json\/wp\/v2\/comments?post=195665"}],"version-history":[{"count":0,"href":"https:\/\/dimensionturistica.com\/es\/wp-json\/wp\/v2\/posts\/195665\/revisions"}],"wp:featuredmedia":[{"embeddable":true,"href":"https:\/\/dimensionturistica.com\/es\/wp-json\/wp\/v2\/media\/195666"}],"wp:attachment":[{"href":"https:\/\/dimensionturistica.com\/es\/wp-json\/wp\/v2\/media?parent=195665"}],"wp:term":[{"taxonomy":"category","embeddable":true,"href":"https:\/\/dimensionturistica.com\/es\/wp-json\/wp\/v2\/categories?post=195665"},{"taxonomy":"post_tag","embeddable":true,"href":"https:\/\/dimensionturistica.com\/es\/wp-json\/wp\/v2\/tags?post=195665"}],"curies":[{"name":"wp","href":"https:\/\/api.w.org\/{rel}","templated":true}]}}