{"id":194995,"date":"2021-09-22T20:28:15","date_gmt":"2021-09-22T20:28:15","guid":{"rendered":"https:\/\/dimensionturistica.com\/es\/?p=194995"},"modified":"2021-09-22T20:28:15","modified_gmt":"2021-09-22T20:28:15","slug":"ebro-foods-recibe-el-premio-golden-award-por-sus-logros-en-el-reino-unido","status":"publish","type":"post","link":"https:\/\/dimensionturistica.com\/es\/ebro-foods-recibe-el-premio-golden-award-por-sus-logros-en-el-reino-unido\/","title":{"rendered":"Ebro Foods recibe el premio Golden Award por sus logros en el Reino Unido"},"content":{"rendered":"<p> <br \/>\n<\/p>\n<div id=\"\">\n<span class=\"show-for-sr\">Este contenido fue publicado el 22 septiembre 2021 &#8211; 20:02<\/span><br \/>\n<time class=\"si-detail__date\" datetime=\"2021-09-22T20:02:56+02:00\"><br \/>\n<span aria-hidden=\"true\">22 septiembre 2021 &#8211; 20:02<\/span><br \/>\n<\/time><\/p>\n<address class=\"si-detail__author\" data-uk-scrollspy=\"hidden: false; repeat: true; offset-top: -50\">\n<\/address>\n<p>Londres, 22 sep (EFE).- La multinacional espa\u00f1ola Ebro Meals, la mayor productora de arroz del mundo, recibi\u00f3 este mi\u00e9rcoles el premio Annual Golden Award de la C\u00e1mara Oficial de Comercio de Espa\u00f1a en el Reino Unido por su &#8220;destacable&#8221; labor en el mercado brit\u00e1nico.<\/p>\n<p>El presidente de Ebro Meals, Antonio Hern\u00e1ndez Callejas, recogi\u00f3 el galard\u00f3n en un acto en la embajada espa\u00f1ola en Londres, en el que se mostr\u00f3 agradecido por el reconocimiento de la empresa en Inglaterra.<\/p>\n<p>En declaraciones a Efe, Hern\u00e1ndez reafirm\u00f3 la apuesta de Ebro Meals por el Reino Unido, a pesar de los efectos del Brexit, que, a su juicio, ha incrementado la competitividad en el sector por la apertura del Gobierno brit\u00e1nico a &#8220;nuevos socios comerciales&#8221;.<\/p>\n<p>En el discurso previo a la entrega del galard\u00f3n, el embajador de Espa\u00f1a en el Reino Unido, Jose\u0301 Pascual Marco Marti\u0301nez, elogi\u00f3 la &#8220;historia de \u00e9xitos&#8221; de la multinacional espa\u00f1ola y su &#8220;incalculable&#8221; impronta en el mercado brit\u00e1nico.<\/p>\n<p>Tambi\u00e9n alab\u00f3 su trayectoria de &#8220;\u00e9xito, talento, sofisticaci\u00f3n y conocimiento&#8221; el presidente de la Ca\u0301mara de Comercio de Espan\u0303a en el Reino Unido, Eduardo Barrachina, convencido de que &#8220;Ebro Foods habita en miles de hogares de todo el mundo&#8221; gracias a su amplio abanico de marcas, como SOS, Brillante o Garofalo.<\/p>\n<p>La andadura empresarial de Ebro Meals en el mercado brit\u00e1nico se remonta a finales de los ochenta, cuando la compa\u00f1\u00eda compr\u00f3 la empresa arrocera Joseph Heap &amp; Sons Ltd., con sede en Liverpool.<\/p>\n<p>Desde entonces, varias inversiones han llevado a la multinacional a integrar en su grupo a tres empresas brit\u00e1nicas, con una facturaci\u00f3n anual de 280 millones de libras (unos 325,9 millones de euros).<\/p>\n<p>Ebro Meals, con seis plantas en el Reino Unido que emplean a 470 trabajadores, es la segunda productora de pasta a nivel world y el primer grupo de alimentaci\u00f3n en Espa\u00f1a por facturaci\u00f3n, beneficios y presencia internacional.<\/p>\n<p>Un desempe\u00f1o que la empresa consigui\u00f3 despu\u00e9s de un proceso de transformaci\u00f3n, iniciado en el a\u00f1o 2000, que la llev\u00f3 a expandir su proyecci\u00f3n internacional y a desinvertir en sectores en los que no period posible alcanzar un liderazgo world, como el l\u00e1cteo y el azucarero.<\/p>\n<p>El Golden Award, uno de los principales eventos organizados por el ente cameral, distingue anualmente a una empresa espa\u00f1ola por sus logros &#8220;sobresalientes&#8221; en el Reino Unido. EFE<\/p>\n<p>ptf\/gx\/mmg<\/p>\n<p>(video)<\/p>\n<p>\u00a9 EFE 2021. Est\u00e1 expresamente prohibida la redistribuci\u00f3n y la redifusi\u00f3n de todo o parte de los contenidos de los servicios de Efe, sin previo y expreso consentimiento de la Agencia EFE S.A.<\/p>\n<\/p><\/div>\n\n<p><em> \u2018 The preceding article may include information circulated by third parties \u2019 <\/em><\/p>\n<p><em> \u2018 Some details of this article were extracted from the following source www.swissinfo.ch \u2019 <\/em><\/p>\n","protected":false},"excerpt":{"rendered":"<p>Este contenido fue publicado el 22 septiembre 2021 &#8211; 20:02 22 septiembre 2021 &#8211; 20:02 Londres, 22 sep (EFE).- La multinacional espa\u00f1ola Ebro Meals, la mayor productora de arroz del mundo, recibi\u00f3 este mi\u00e9rcoles el premio Annual Golden Award de la C\u00e1mara Oficial de Comercio de Espa\u00f1a en el Reino Unido por su &#8220;destacable&#8221; labor [&hellip;]<\/p>\n","protected":false},"author":2,"featured_media":118411,"comment_status":"open","ping_status":"closed","sticky":false,"template":"","format":"standard","meta":{"om_disable_all_campaigns":false,"jnews-multi-image_gallery":[],"jnews_single_post":[],"jnews_primary_category":[],"jnews_social_meta":[],"footnotes":""},"categories":[43],"tags":[],"class_list":["post-194995","post","type-post","status-publish","format-standard","has-post-thumbnail","hentry","category-gourmet"],"_links":{"self":[{"href":"https:\/\/dimensionturistica.com\/es\/wp-json\/wp\/v2\/posts\/194995","targetHints":{"allow":["GET"]}}],"collection":[{"href":"https:\/\/dimensionturistica.com\/es\/wp-json\/wp\/v2\/posts"}],"about":[{"href":"https:\/\/dimensionturistica.com\/es\/wp-json\/wp\/v2\/types\/post"}],"author":[{"embeddable":true,"href":"https:\/\/dimensionturistica.com\/es\/wp-json\/wp\/v2\/users\/2"}],"replies":[{"embeddable":true,"href":"https:\/\/dimensionturistica.com\/es\/wp-json\/wp\/v2\/comments?post=194995"}],"version-history":[{"count":0,"href":"https:\/\/dimensionturistica.com\/es\/wp-json\/wp\/v2\/posts\/194995\/revisions"}],"wp:featuredmedia":[{"embeddable":true,"href":"https:\/\/dimensionturistica.com\/es\/wp-json\/wp\/v2\/media\/118411"}],"wp:attachment":[{"href":"https:\/\/dimensionturistica.com\/es\/wp-json\/wp\/v2\/media?parent=194995"}],"wp:term":[{"taxonomy":"category","embeddable":true,"href":"https:\/\/dimensionturistica.com\/es\/wp-json\/wp\/v2\/categories?post=194995"},{"taxonomy":"post_tag","embeddable":true,"href":"https:\/\/dimensionturistica.com\/es\/wp-json\/wp\/v2\/tags?post=194995"}],"curies":[{"name":"wp","href":"https:\/\/api.w.org\/{rel}","templated":true}]}}