{"id":194372,"date":"2021-09-22T00:02:40","date_gmt":"2021-09-22T00:02:40","guid":{"rendered":"https:\/\/dimensionturistica.com\/es\/?p=194372"},"modified":"2021-09-22T00:02:40","modified_gmt":"2021-09-22T00:02:40","slug":"viajes-no-esenciales-desde-estados-unidos-a-mexico-y-canada-mantendran-restricciones-hasta-el-21-de-octubre","status":"publish","type":"post","link":"https:\/\/dimensionturistica.com\/es\/viajes-no-esenciales-desde-estados-unidos-a-mexico-y-canada-mantendran-restricciones-hasta-el-21-de-octubre\/","title":{"rendered":"Viajes no esenciales desde Estados Unidos a M\u00e9xico y Canad\u00e1 mantendr\u00e1n restricciones hasta el 21 de octubre"},"content":{"rendered":"<p> <br \/>\n<\/p>\n<div>\n<p>El gobierno estadounidense Biden inform\u00f3 que volvi\u00f3 a extender las restricciones a los viajes no esenciales en las fronteras terrestres con Canad\u00e1 y M\u00e9xico hasta el 21 de octubre. A pesar del posicionamiento del gobierno de Biden, Canad\u00e1 comenz\u00f3 a permitir el ingreso de ciudadanos estadounidenses completamente vacunados para viajes no esenciales.<\/p>\n<p>Estados Unidos mantiene clausurados sus pasos fronterizos con Canad\u00e1 y M\u00e9xico desde marzo de 2020, pese a los progresos en la vacunaci\u00f3n, ya que un gran porcentaje de ciudadanos mayores de 18 a\u00f1os ya cuenta con el esquema completo y est\u00e1n completamente inmunizados.<\/p>\n<p>La decisi\u00f3n del gobierno estadounidense sigue afectando a la clase empresarial de los estados que hacen frontera con M\u00e9xico y con Canad\u00e1, ya que estas zonas se caracterizan por vivir del comercio y <strong>dicha situaci\u00f3n ha provocado p\u00e9rdidas millonarias <\/strong>para los empresarios locales, quienes ha pedido que se abran las fronteras con fines econ\u00f3micos.<\/p>\n<p><center\/><\/p>\n<p>La postura del gobierno estadounidense ha sido criticada por diversos actores de la vida p\u00fablica, ya que el que se mantengan cerradas las fronteras es <strong>un duro golpe econ\u00f3mico para el pa\u00eds en la frontera norte y sur<\/strong>. Por ello, Elise Stefanik, presidenta de la Conferencia Republicana de la C\u00e1mara de Representantes, critic\u00f3 la postura de la Casa Blanca.<\/p>\n<p>Elise Stefanik de forma p\u00fablica externo que \u201ces hora de que esta administraci\u00f3n haga su trabajo, para que los miembros de North Nation puedan reunirse con sus familias, el turismo pueda reanudarse y las peque\u00f1as empresas ya <strong>no tengan que sufrir por el fracaso de esta administraci\u00f3n<\/strong>\u201c.<\/p>\n<p>Pero la situaci\u00f3n podr\u00eda ser peor para la industria que vive del turismo, ya que adem\u00e1s de las restricciones en las fronteras, Jeffrey Zients, consejero de la Casa Blanca, anunci\u00f3 que todos los ciudadanos extranjeros que viajen a Estados Unidos, a partir de noviembre, deber\u00e1n vacunarse.<\/p>\n<p>Ante la postura que est\u00e1 ejerciendo la Casa Blanca, Marcelo Ebrard, titular de Relaciones Exteriores del gobierno de M\u00e9xico, extern\u00f3 de forma p\u00fablica que se reunir\u00e1 con autoridades diplom\u00e1ticas estadounidenses para hablar del anuncio de que todos los visitantes que lleguen a partir de noviembre <strong>deber\u00e1n tener el esquema completo de vacunaci\u00f3n<\/strong>.<\/p>\n<p>En M\u00e9xico se han aplicado diversas vacunas, las cuales no han sido reconocidas por la administraci\u00f3n Biden, por ello, Marcelo Ebrard dijo: \u201csostenemos que las vacunas deben ser universalmente aceptadas, todas las que la OMS ha autorizado o los \u00f3rganos regulatorios de cada pa\u00eds; entonces, pues vamos a conversarlo\u201d. <\/p>\n<p>Con respecto al tema del cierre de la frontera, Ebrard  coment\u00f3 que hace votos para que \u201cahora s\u00ed\u201d en noviembre se pueda abrir la frontera de forma generalizada, ya que en la parte de la actividad econ\u00f3mica a M\u00e9xico tambi\u00e9n le est\u00e1 afectando de forma negativa.\u00a0<\/p>\n<p><center\/><\/p>\n<p><strong>Tambi\u00e9n te puede interesar:<\/strong> <a rel=\"nofollow noopener\" target=\"_blank\" href=\"https:\/\/laopinion.com\/2021\/08\/23\/se-extiende-el-cierre-de-frontera-con-mexico-hasta-mitad-de-septiembre-como-impactara-a-la-economia-estadounidense\/\">Se extiende el cierre de frontera con M\u00e9xico hasta mitad de septiembre: c\u00f3mo impactar\u00e1 a la econom\u00eda estadounidense<\/a><\/p>\n<\/p><\/div>\n\n<p><em> &#8221; Fuentes laopinion.com &#8221; <\/em><\/p>\n","protected":false},"excerpt":{"rendered":"<p>El gobierno estadounidense Biden inform\u00f3 que volvi\u00f3 a extender las restricciones a los viajes no esenciales en las fronteras terrestres con Canad\u00e1 y M\u00e9xico hasta el 21 de octubre. A pesar del posicionamiento del gobierno de Biden, Canad\u00e1 comenz\u00f3 a permitir el ingreso de ciudadanos estadounidenses completamente vacunados para viajes no esenciales. Estados Unidos mantiene [&hellip;]<\/p>\n","protected":false},"author":4,"featured_media":194373,"comment_status":"open","ping_status":"closed","sticky":false,"template":"","format":"standard","meta":{"om_disable_all_campaigns":false,"jnews-multi-image_gallery":[],"jnews_single_post":[],"jnews_primary_category":[],"jnews_social_meta":[],"footnotes":""},"categories":[39],"tags":[510],"class_list":["post-194372","post","type-post","status-publish","format-standard","has-post-thumbnail","hentry","category-viajes","tag-covid-19"],"_links":{"self":[{"href":"https:\/\/dimensionturistica.com\/es\/wp-json\/wp\/v2\/posts\/194372","targetHints":{"allow":["GET"]}}],"collection":[{"href":"https:\/\/dimensionturistica.com\/es\/wp-json\/wp\/v2\/posts"}],"about":[{"href":"https:\/\/dimensionturistica.com\/es\/wp-json\/wp\/v2\/types\/post"}],"author":[{"embeddable":true,"href":"https:\/\/dimensionturistica.com\/es\/wp-json\/wp\/v2\/users\/4"}],"replies":[{"embeddable":true,"href":"https:\/\/dimensionturistica.com\/es\/wp-json\/wp\/v2\/comments?post=194372"}],"version-history":[{"count":0,"href":"https:\/\/dimensionturistica.com\/es\/wp-json\/wp\/v2\/posts\/194372\/revisions"}],"wp:featuredmedia":[{"embeddable":true,"href":"https:\/\/dimensionturistica.com\/es\/wp-json\/wp\/v2\/media\/194373"}],"wp:attachment":[{"href":"https:\/\/dimensionturistica.com\/es\/wp-json\/wp\/v2\/media?parent=194372"}],"wp:term":[{"taxonomy":"category","embeddable":true,"href":"https:\/\/dimensionturistica.com\/es\/wp-json\/wp\/v2\/categories?post=194372"},{"taxonomy":"post_tag","embeddable":true,"href":"https:\/\/dimensionturistica.com\/es\/wp-json\/wp\/v2\/tags?post=194372"}],"curies":[{"name":"wp","href":"https:\/\/api.w.org\/{rel}","templated":true}]}}