{"id":194001,"date":"2021-09-21T17:26:49","date_gmt":"2021-09-21T17:26:49","guid":{"rendered":"https:\/\/dimensionturistica.com\/es\/?p=194001"},"modified":"2021-09-21T17:26:49","modified_gmt":"2021-09-21T17:26:49","slug":"denuncian-fraude-por-viajes-y-empleos-temporales-en-canada-noticieros-televisa","status":"publish","type":"post","link":"https:\/\/dimensionturistica.com\/es\/denuncian-fraude-por-viajes-y-empleos-temporales-en-canada-noticieros-televisa\/","title":{"rendered":"Denuncian fraude por viajes y empleos temporales en Canad\u00e1 \u2013 Noticieros Televisa"},"content":{"rendered":"<p> <br \/>\n<\/p>\n<div id=\"video-2985216\">\n<section class=\"video_content\">\n<div id=\"cover-container\" class=\"image_frame\">\n<p>                  <button id=\"play_video\" type=\"button\" name=\"button\" data-token=\"eyJ0eXAiOiJKV1QiLCJhbGciOiJIUzI1NiJ9.eyJ2aWQiOiI2MTQ4OTMiLCJpc3MiOiI3Njk5MDBCN0MzODk0MjQ3QTVFRjREOTMzRDY4ODE3MyIsImV4cCI6MTYzMjI0ODc3MH0.qNEO1U9VqWdfPqLKol7x0BNBHOx0hD0g6FQMywM3KU4\" data-vid=\"614893\" on=\"tap:video-container.show,cover-container.hide\"><br \/>\n                    <amp-img width=\"1280\" height=\"720\" src=\"https:\/\/i0.wp.com\/noticieros.televisa.com\/wp-content\/uploads\/2021\/09\/denuncian-fraude-por-viajes-y-empleos-temporales-en-canada-2985216.jpg?resize=1280%2C720&amp;ssl=1\" class=\"attachment-fullsize size-fullsize wp-post-image amp-wp-enforced-sizes i-amphtml-layout-intrinsic i-amphtml-layout-size-defined\" alt=\"denuncian fraude por viajes y empleos temporales en canada\" srcset=\"https:\/\/i0.wp.com\/noticieros.televisa.com\/wp-content\/uploads\/2021\/09\/denuncian-fraude-por-viajes-y-empleos-temporales-en-canada-2985216.jpg?w=1920&amp;ssl=1 1920w, https:\/\/i0.wp.com\/noticieros.televisa.com\/wp-content\/uploads\/2021\/09\/denuncian-fraude-por-viajes-y-empleos-temporales-en-canada-2985216.jpg?resize=300%2C169&amp;ssl=1 300w, https:\/\/i0.wp.com\/noticieros.televisa.com\/wp-content\/uploads\/2021\/09\/denuncian-fraude-por-viajes-y-empleos-temporales-en-canada-2985216.jpg?resize=1536%2C864&amp;ssl=1 1536w, https:\/\/i0.wp.com\/noticieros.televisa.com\/wp-content\/uploads\/2021\/09\/denuncian-fraude-por-viajes-y-empleos-temporales-en-canada-2985216.jpg?resize=1280%2C720&amp;ssl=1 1280w, https:\/\/i0.wp.com\/noticieros.televisa.com\/wp-content\/uploads\/2021\/09\/denuncian-fraude-por-viajes-y-empleos-temporales-en-canada-2985216.jpg?resize=640%2C360&amp;ssl=1 640w\" sizes=\"(max-width: 1280px) 100vw, 1280px\" layout=\"intrinsic\" disable-inline-width=\"\" i-amphtml-layout=\"intrinsic\"><i-amphtml-sizer class=\"i-amphtml-sizer\"><img decoding=\"async\" alt=\"\" aria-hidden=\"true\" class=\"i-amphtml-intrinsic-sizer\" role=\"presentation\" src=\"data:image\/svg+xml;base64,PHN2ZyBoZWlnaHQ9JzcyMCcgd2lkdGg9JzEyODAnIHhtbG5zPSdodHRwOi8vd3d3LnczLm9yZy8yMDAwL3N2ZycgdmVyc2lvbj0nMS4xJy8+\"\/><\/i-amphtml-sizer><noscript><img decoding=\"async\" width=\"1280\" height=\"720\" src=\"https:\/\/i0.wp.com\/noticieros.televisa.com\/wp-content\/uploads\/2021\/09\/denuncian-fraude-por-viajes-y-empleos-temporales-en-canada-2985216.jpg?resize=1280%2C720&amp;ssl=1\" class=\"attachment-fullsize size-fullsize wp-post-image\" alt=\"denuncian fraude por viajes y empleos temporales en canada\" loading=\"lazy\" srcset=\"https:\/\/i0.wp.com\/noticieros.televisa.com\/wp-content\/uploads\/2021\/09\/denuncian-fraude-por-viajes-y-empleos-temporales-en-canada-2985216.jpg?w=1920&amp;ssl=1 1920w, https:\/\/i0.wp.com\/noticieros.televisa.com\/wp-content\/uploads\/2021\/09\/denuncian-fraude-por-viajes-y-empleos-temporales-en-canada-2985216.jpg?resize=300%2C169&amp;ssl=1 300w, https:\/\/i0.wp.com\/noticieros.televisa.com\/wp-content\/uploads\/2021\/09\/denuncian-fraude-por-viajes-y-empleos-temporales-en-canada-2985216.jpg?resize=1536%2C864&amp;ssl=1 1536w, https:\/\/i0.wp.com\/noticieros.televisa.com\/wp-content\/uploads\/2021\/09\/denuncian-fraude-por-viajes-y-empleos-temporales-en-canada-2985216.jpg?resize=1280%2C720&amp;ssl=1 1280w, https:\/\/i0.wp.com\/noticieros.televisa.com\/wp-content\/uploads\/2021\/09\/denuncian-fraude-por-viajes-y-empleos-temporales-en-canada-2985216.jpg?resize=640%2C360&amp;ssl=1 640w\" sizes=\"auto, (max-width: 1280px) 100vw, 1280px\"\/><\/noscript><\/amp-img><\/button><br \/>\n                  <span id=\"duration\" class=\"dur_vid\">03:37<\/span>\n                <\/div>\n<\/section>\n<section id=\"share_section\" class=\"inner_wrapper\"\/>\n<section class=\"inner_wrapper video_footer\">\n<p>En entrevista para FOROtv, Alejandro Robledo denuncia que al rededor de 200 personas fueron v\u00edctimas de fraude por viajes y empleos temporales en Canad\u00e1, por lo que se manifestaron en inmediaciones del Aeropuerto Internacional de la Ciudad de M\u00e9xico (CDMX), para exigir justicia<\/p>\n<\/section>\n<\/div>\n\n<p><em> &#8221; Fuentes noticieros.televisa.com &#8221; <\/em><\/p>\n","protected":false},"excerpt":{"rendered":"<p>03:37 En entrevista para FOROtv, Alejandro Robledo denuncia que al rededor de 200 personas fueron v\u00edctimas de fraude por viajes y empleos temporales en Canad\u00e1, por lo que se manifestaron en inmediaciones del Aeropuerto Internacional de la Ciudad de M\u00e9xico (CDMX), para exigir justicia &#8221; Fuentes noticieros.televisa.com &#8221;<\/p>\n","protected":false},"author":4,"featured_media":194002,"comment_status":"open","ping_status":"closed","sticky":false,"template":"","format":"standard","meta":{"om_disable_all_campaigns":false,"jnews-multi-image_gallery":[],"jnews_single_post":[],"jnews_primary_category":[],"jnews_social_meta":[],"footnotes":""},"categories":[39],"tags":[32064,1689,2499,32065,32063,705,32067,32066,442],"class_list":["post-194001","post","type-post","status-publish","format-standard","has-post-thumbnail","hentry","category-viajes","tag-aeropuerto-internacional-de-la-ciudad-de-mexico","tag-cdmx","tag-ciudad-de-mexico","tag-fraude-por-viajes","tag-manifestantes-en-el-aeropuerto","tag-noticias","tag-noticias-del-aeropuerto","tag-trafico-en-el-aeropuerto","tag-video"],"_links":{"self":[{"href":"https:\/\/dimensionturistica.com\/es\/wp-json\/wp\/v2\/posts\/194001","targetHints":{"allow":["GET"]}}],"collection":[{"href":"https:\/\/dimensionturistica.com\/es\/wp-json\/wp\/v2\/posts"}],"about":[{"href":"https:\/\/dimensionturistica.com\/es\/wp-json\/wp\/v2\/types\/post"}],"author":[{"embeddable":true,"href":"https:\/\/dimensionturistica.com\/es\/wp-json\/wp\/v2\/users\/4"}],"replies":[{"embeddable":true,"href":"https:\/\/dimensionturistica.com\/es\/wp-json\/wp\/v2\/comments?post=194001"}],"version-history":[{"count":0,"href":"https:\/\/dimensionturistica.com\/es\/wp-json\/wp\/v2\/posts\/194001\/revisions"}],"wp:featuredmedia":[{"embeddable":true,"href":"https:\/\/dimensionturistica.com\/es\/wp-json\/wp\/v2\/media\/194002"}],"wp:attachment":[{"href":"https:\/\/dimensionturistica.com\/es\/wp-json\/wp\/v2\/media?parent=194001"}],"wp:term":[{"taxonomy":"category","embeddable":true,"href":"https:\/\/dimensionturistica.com\/es\/wp-json\/wp\/v2\/categories?post=194001"},{"taxonomy":"post_tag","embeddable":true,"href":"https:\/\/dimensionturistica.com\/es\/wp-json\/wp\/v2\/tags?post=194001"}],"curies":[{"name":"wp","href":"https:\/\/api.w.org\/{rel}","templated":true}]}}