{"id":193645,"date":"2021-09-21T04:40:15","date_gmt":"2021-09-21T04:40:15","guid":{"rendered":"https:\/\/dimensionturistica.com\/es\/?p=193645"},"modified":"2021-09-21T04:40:16","modified_gmt":"2021-09-21T04:40:16","slug":"casi-5-000-profesionales-visitan-la-segunda-edicion-de-organic-food-iberia","status":"publish","type":"post","link":"https:\/\/dimensionturistica.com\/es\/casi-5-000-profesionales-visitan-la-segunda-edicion-de-organic-food-iberia\/","title":{"rendered":"Casi 5.000 profesionales visitan la segunda edici\u00f3n de Organic Food Iberia"},"content":{"rendered":"<p> <br \/>\n<\/p>\n<div>\n<h2>Natural Meals Iberia, la feria especializada en producci\u00f3n ecol\u00f3gica, ha cerrado las puertas de su segunda edici\u00f3n con \u00e9xito. En torno a 5.000 profesionales han acudido a esta cita, una cifra que confirma su importancia como <strong>evento profesional para el sector ecol\u00f3gico<\/strong>. El vino ha estado presente a trav\u00e9s del espacio Natural Wine Iberia y ha recibido algunos de los premios de la innovaci\u00f3n.<\/h2>\n<p><strong>Casi<\/strong> <strong>300 empresas expositoras<\/strong> y <strong>cerca de 5.000 asistentes profesionales<\/strong> han mostrado su apoyo a <strong>Natural Meals y Eco Dwelling Iberia<\/strong>, ferias profesionales de la producci\u00f3n ecol\u00f3gica.  El evento ha tenido lugar en Madrid los d\u00edas 8 y 9 de septiembre organizado por <strong>Ifema<\/strong> y <strong>Diversified Communications.<\/strong><\/p>\n<div class=\"wp-block-image is-style-default\">\n<figure class=\"aligncenter size-large\"><img decoding=\"async\" loading=\"lazy\" width=\"500\" height=\"318\" src=\"https:\/\/www.tecnovino.com\/wp-content\/uploads\/2021\/09\/Tecnovino-Organic-Food-Iberia-2021-detalle.jpg\" alt=\"Tecnovino Organic Food Iberia 2021 detalle\" class=\"wp-image-125279\" srcset=\"https:\/\/www.tecnovino.com\/wp-content\/uploads\/2021\/09\/Tecnovino-Organic-Food-Iberia-2021-detalle.jpg 500w, https:\/\/www.tecnovino.com\/wp-content\/uploads\/2021\/09\/Tecnovino-Organic-Food-Iberia-2021-detalle-300x191.jpg 300w\" sizes=\"auto, (max-width: 500px) 100vw, 500px\"\/><\/figure>\n<\/div>\n<p><strong>Ifema<\/strong> <strong>Madrid<\/strong> ha acogido durante dos d\u00edas la oferta de <strong>Natural Meals y Eco Dwelling Iberia,<\/strong> donde grandes figuras del retail ecol\u00f3gico, as\u00ed como propietarios de m\u00faltiples tiendas de productos naturales, compradores de supermercados, distribuidores y mayoristas se han mostrado muy contentos tras la celebraci\u00f3n de esta segunda edici\u00f3n.<\/p>\n<p>Un evento muy esperado que ha cerrado con un whole de 4978 asistentes, alrededor de un 5% menos en comparaci\u00f3n con el \u00faltimo evento, un logro excepcional teniendo en cuenta los desaf\u00edos planteados por la pandemia. <strong>Susana Andr\u00e9s Omella<\/strong>, directora del proyecto, indicaba que la feria est\u00e1 hecha por y para el sector y que las cifras de la primera jornada rondaban los 3000 visitantes, <em>\u201cmucho m\u00e1s de lo que se esperaba para un primer d\u00eda\u201d<\/em>.<\/p>\n<p><strong>Carsten<\/strong> <strong>Holm<\/strong>, director basic de <strong>Diversified Communications UK<\/strong>, ha mostrado gran satisfacci\u00f3n con el desarrollo de la feria, <em>\u201clos comentarios han sido incre\u00edbles tanto por parte de los expositores como de los visitantes, que comentaron la alta calidad de los productos, de los compradores y la profesionalidad. Ha superado las expectativas de todos y ha puesto de manifiesto la importancia del contacto cara a cara\u201d<\/em>, recalcaba.<\/p>\n<p>En clave nacional, se han encontrado <strong>grandes representaciones de comunidades aut\u00f3nomas<\/strong> como Madrid, Navarra, Valencia, Castilla La Mancha, La Rioja, Murcia o Extremadura, que consolidan la oferta ecol\u00f3gica desde sus regiones. Andaluc\u00eda no pod\u00eda faltar a esta cita con frutas, hortalizas, aceite y frutos secos de la zona.<\/p>\n<p>Adem\u00e1s, tambi\u00e9n se ha contado con el apoyo de la Asociaci\u00f3n de Valor Ecol\u00f3gico <strong>Ecovalia<\/strong> como patrocinador principal de la feria que celebraba 30 a\u00f1os de aniversario de defensa y crecimiento del sector en el \u00e1mbito nacional e internacional todas estas d\u00e9cadas. Desde la organizaci\u00f3n han querido destacar la importancia de eventos como estos para reconocer el esfuerzo que realizan las empresas ecol\u00f3gicas.<\/p>\n<p>Los expositores tambi\u00e9n se han mostrado satisfechos tras la susceptibilidad que levantaba la pandemia, \u201cla gente se ha mostrado muy receptiva, hemos tenido mucha gente y hemos podido crear una buena base de datos\u201d, explicaban desde Natruly. Desde la secci\u00f3n Eco Dwelling, No+Plastic Waste, ganadores adem\u00e1s del premio de producto de acabados naturales, indican que para ser su primera vez ha tenido gran acogida, \u201csolo llevamos un a\u00f1o, pero ha sido muy interesante porque hemos conseguido contactos para quedar la semana que viene\u201d, recalcan.<\/p>\n<p>Tambi\u00e9n han apoyado al certamen entidades como <strong>Alimentos de Espa\u00f1a, Intereco, Spanish Natural Wines, Agrobio de Portugal, Portugal Meals, ACES, FIAB <\/strong>y <strong>Hosteler\u00eda de Espa\u00f1a<\/strong>, entre muchos otros.<\/p>\n<h3>Un evento internacional<\/h3>\n<p>La internacionalizaci\u00f3n es una de las claves de <a target=\"_blank\" href=\"https:\/\/www.organicfoodiberia.com\/es\/bienvenido\/\" rel=\"noreferrer noopener\"><strong>Organic Food<\/strong> <strong>Iberia<\/strong><\/a> con representaciones importantes como <strong>Portugal<\/strong> que esta creciendo en t\u00e9rminos de consumo y en t\u00e9rminos de exportaci\u00f3n. Desde <strong>Portugal<\/strong> <strong>Meals<\/strong> indicaban que, <em>\u201cquer\u00edamos estar aqu\u00ed, en nuestro territorio hay mucha diversidad y calidad y ten\u00edamos que presentar esos productos como una uni\u00f3n con la pen\u00ednsula ib\u00e9rica\u201d<\/em>.<\/p>\n<div class=\"wp-block-image is-style-default\">\n<figure class=\"aligncenter size-large\"><img decoding=\"async\" loading=\"lazy\" width=\"500\" height=\"375\" src=\"https:\/\/www.tecnovino.com\/wp-content\/uploads\/2021\/09\/Tecnovino-Organic-Food-Iberia-2021-2.jpg\" alt=\"Tecnovino Organic Food Iberia 2021 2\" class=\"wp-image-125280\" srcset=\"https:\/\/www.tecnovino.com\/wp-content\/uploads\/2021\/09\/Tecnovino-Organic-Food-Iberia-2021-2.jpg 500w, https:\/\/www.tecnovino.com\/wp-content\/uploads\/2021\/09\/Tecnovino-Organic-Food-Iberia-2021-2-300x225.jpg 300w\" sizes=\"auto, (max-width: 500px) 100vw, 500px\"\/><\/figure>\n<\/div>\n<p>Asimismo, otros pa\u00edses europeos como <strong>Austria<\/strong>, <strong>Francia<\/strong>, <strong>B\u00e9lgica<\/strong>, <strong>Suiza<\/strong> o <strong>Italia<\/strong> han mostrado sus \u00faltimas novedades al mercado espa\u00f1ol. A pesar de las dificultades para los viajes internacionales, tuvimos el placer de contar con compradores internacionales, procedentes de 35 pa\u00edses.<\/p>\n<h3>El espacio para el vino y otras bebidas: Natural Wine Iberia<\/h3>\n<p>Otra de las zonas que atrajo la atenci\u00f3n de los visitantes fue <a target=\"_blank\" href=\"https:\/\/www.tecnovino.com\/grandes-expectativas-para-organic-food-iberia-lo-ecologico-sigue-al-alza\/\" rel=\"noreferrer noopener\"><strong>Organic Wine Iberia<\/strong> dedicada a <strong>vinos<\/strong><\/a>, cervezas, cavas, licores y otras bebidas espirituosas ecol\u00f3gicas en la que m\u00faltiples empresas pudieron destacar lo mejor de su tierra de origen.<\/p>\n<p>Desde Murcia, la <strong>D.O. Jumilla<\/strong> afirmaba que <em>\u201chab\u00eda miedo y adem\u00e1s estamos en plena vendimia, pero estamos muy contentos, hemos encontrado oportunidad de negocio para nuestras bodegas y en una propuesta as\u00ed no pod\u00edamos faltar\u201d<\/em>, indican.<\/p>\n<h3>Amplio programa de actividades<\/h3>\n<p>El evento ha contado con dos espacios especializados en conferencias y seminarios, El Natural Theatre y el Eco Dwelling Theatre con una gran diversidad de contenidos en espa\u00f1ol ingl\u00e9s y portugu\u00e9s, como los productos ecol\u00f3gicos en el supermercado, <strong>el increase del vino ecol\u00f3gico o el mercado org\u00e1nico a nivel mundial<\/strong>.<\/p>\n<p>Eventos que han contado con gran participaci\u00f3n de los visitantes y que ha servido como puente de contacto las personalidades m\u00e1s relevantes de la industria.<\/p>\n<h3>Premios a la innovaci\u00f3n<\/h3>\n<p>Los expositores han podido destacar sus productos m\u00e1s notables en el \u00faltimo a\u00f1o en las dos \u00e1reas de Innovaci\u00f3n que les ha dado la oportunidad de ganar premios en doce categor\u00edas en la segunda edici\u00f3n de los Premios Natural Meals Awards y Eco Dwelling Iberia Awards.<\/p>\n<p>Alrededor de 150 empresas participaron en el concurso, siendo la ganadora absoluta del Premio del Jurado, Natucomex, desde Valencia, que present\u00f3 su exclusiva Bolo\u00f1esa de Jackfruit con algas cuyo producto fue destacado por su car\u00e1cter innovador y alta calidad como alimento vegano.<\/p>\n<p>En lo que a vino se refiere hay dos productos ganadores: <strong>Granza<\/strong> <strong>Verdejo<\/strong> de <strong>Matarromera<\/strong> y <strong>Los Corrales de Moncalvillo Maturana Tinta en Tinaja 2019<\/strong> de <strong>Bodegas Corral<\/strong>.<\/p>\n<div class=\"wp-block-image is-style-default\">\n<figure class=\"aligncenter size-large is-resized\"><img decoding=\"async\" src=\"https:\/\/www.tecnovino.com\/wp-content\/uploads\/2018\/03\/Tecnovino-vinos-ecologicos-Granza-1.jpg\" alt=\"Tecnovino vinos ecol\u00f3gicos Granza 1\" class=\"wp-image-60490\" width=\"500\" srcset=\"https:\/\/www.tecnovino.com\/wp-content\/uploads\/2018\/03\/Tecnovino-vinos-ecologicos-Granza-1.jpg 430w, https:\/\/www.tecnovino.com\/wp-content\/uploads\/2018\/03\/Tecnovino-vinos-ecologicos-Granza-1-300x200.jpg 300w\" sizes=\"(max-width: 430px) 100vw, 430px\"\/><figcaption> <\/figcaption><\/figure>\n<\/div>\n<p>El vino ecol\u00f3gico <strong>Granza<\/strong> <strong>Verdejo<\/strong> ha brillado con luz propia en el prestigioso concurso Eco &amp; Natural Awards al considerarse uno de los productos m\u00e1s innovadores del a\u00f1o, concretamente en la categor\u00eda de vinos, cervezas y bebidas espirituosas. Se trata del vino ecol\u00f3gico de variedad verdejo que <strong><a target=\"_blank\" href=\"https:\/\/matarromera.es\/\" rel=\"noreferrer noopener\">Bodegas Familiares Matarromera<\/a><\/strong> elabora en la DO Rueda, y que estuvo presente en Natural Meals Iberia.<\/p>\n<p>Adem\u00e1s de ser un vino exclusivo de producci\u00f3n muy limitada, las uvas de este Granza Verdejo proceden del vi\u00f1edo ecol\u00f3gico de Carralancha, en el municipio vallisoletano de Pozaldez, en la DO Rueda, en el que se realiza un cultivo tradicional y artesanal basado en la norma de cultivo sostenible, ecol\u00f3gico y la lucha biol\u00f3gica. Adem\u00e1s, <strong>el vino ecol\u00f3gico Granza utiliza residuos de uva para sus etiquetas<\/strong>. De hecho, ha sido la primera marca agroalimentaria espa\u00f1ola en utilizar este tipo de etiquetas cuyo papel se denomina \u2018<strong>Grape<\/strong> <strong>Touch<\/strong>\u2019. Dicho <strong>materials<\/strong> est\u00e1 <strong>elaborado con residuos de uva para reemplazar el 15% de pulpa de \u00e1rbol virgen<\/strong>.<\/p>\n<p>En concreto, la materia prima utilizada son subproductos de uva, fundamentalmente orujos de uva, es decir la piel, la pulpa y las pepitas de las uvas (que normalmente se procesan como rellenos en alimentos para animales, fertilizantes o vertidos) que se extraen tras el proceso de vinificaci\u00f3n y destilaci\u00f3n.<\/p>\n<p>El vino presenta un coloration amarillo paja p\u00e1lido con ribete lim\u00f3n. Es franco, intenso y muy complejo con aromas de frutos tropicales como el kiwi, la pi\u00f1a y el maracuy\u00e1.<\/p>\n<p>Y <strong>un vino ecol\u00f3gico de Rioja elaborado con la variedad<\/strong> <strong>Maturana<\/strong> <strong>Tinta<\/strong> <strong>en tinajas ha recibido tambi\u00e9n la menci\u00f3n especial \u2018Runner Up\u2019<\/strong> en la categor\u00eda de \u2018Mejor Nuevo Vino Ecol\u00f3gico\u2019. As\u00ed <a target=\"_blank\" href=\"https:\/\/www.bodegascorral.com\" rel=\"noreferrer noopener\"><strong>Bodegas Corral<\/strong><\/a> con el vino \u00ab<strong>Los Corrales de Moncalvillo Maturana Tinta en Tinaja 2019<\/strong>\u00bb se suma tambi\u00e9n al palmar\u00e9s de los premios Eco &amp; Organics Awards Iberia, con esta menci\u00f3n especial \u2018Runner Up\u2019 correspondiente al segundo premio. Su categor\u00eda ha sido la de nuevos vinos, cervezas y espirituosos org\u00e1nicos.<\/p>\n<div class=\"wp-block-image is-style-default\">\n<figure class=\"aligncenter size-large\"><img decoding=\"async\" loading=\"lazy\" width=\"467\" height=\"700\" src=\"https:\/\/www.tecnovino.com\/wp-content\/uploads\/2021\/09\/Tecnovino-Los-Corrales-de-Moncalvillo-Maturana-Tinaja-2019-Bodegas-Corral.jpg\" alt=\"Tecnovino Los Corrales de Moncalvillo Maturana Tinaja 2019 Bodegas Corral\" class=\"wp-image-125281\" srcset=\"https:\/\/www.tecnovino.com\/wp-content\/uploads\/2021\/09\/Tecnovino-Los-Corrales-de-Moncalvillo-Maturana-Tinaja-2019-Bodegas-Corral.jpg 467w, https:\/\/www.tecnovino.com\/wp-content\/uploads\/2021\/09\/Tecnovino-Los-Corrales-de-Moncalvillo-Maturana-Tinaja-2019-Bodegas-Corral-200x300.jpg 200w\" sizes=\"auto, (max-width: 467px) 100vw, 467px\"\/><\/figure>\n<\/div>\n<p>Este vino se ha elaborado en la localidad de Navarrete. con 100% Maturana Tinta. Sus uvas son recogidas a mano y posteriormente introducidas en <strong>tinajas de 390 litros<\/strong> elaboradas parcialmente con arcilla navarretana. Cabe destacar el cuello de las <strong>tinajas en forma de chimenea<\/strong>, ideado por Luc de Conti para facilitar la adici\u00f3n common del vino durante la crianza.<\/p>\n<h3>Con la mirada puesta en Natural Meals Iberia 2022<\/h3>\n<p>La cita de la alimentaci\u00f3n y bebida ecol\u00f3gica estrena una nueva edici\u00f3n el 8 y 9 de junio de 2022 en el que tendr\u00e1n <strong>especial relevancia la expansi\u00f3n de los mercados ecol\u00f3gicos en Am\u00e9rica<\/strong>, abriendo nuevas oportunidades de negocios con compradores europeos. Como apuntaron <strong>Caio<\/strong> <strong>Rocha<\/strong>, representante del Instituto Interamericano de Cooperaci\u00f3n para la Agricultura (IICA) y <strong>Rommel<\/strong> <strong>Betancourt<\/strong>, presidente de la Comisi\u00f3n Interamericana de Agricultura Org\u00e1nica (CIAO), quien aseguraba que <em>\u201csentimos que nuestro aporte puede agrandar la oferta en Europa y poder ofrecer diversidad y lo promocionaremos todo lo necesario\u201d<\/em>.<\/p>\n<p>Quienes tengan inter\u00e9s en exponer en 2022 pueden seguir este <strong><a target=\"_blank\" href=\"https:\/\/www.organicfoodiberia.com\/es\/registra-tu-interes\/\" rel=\"noreferrer noopener\">enlace<\/a><\/strong>.<\/p>\n<p> <!-- relpost-thumb-wrapper --><!-- close relpost-thumb-wrapper --><\/div>\n\n<p><em> \u2018 The preceding article may include information circulated by third parties \u2019 <\/em><\/p>\n<p><em> \u2018 Some details of this article were extracted from the following source www.tecnovino.com \u2019 <\/em><\/p>\n","protected":false},"excerpt":{"rendered":"<p>Natural Meals Iberia, la feria especializada en producci\u00f3n ecol\u00f3gica, ha cerrado las puertas de su segunda edici\u00f3n con \u00e9xito. En torno a 5.000 profesionales han acudido a esta cita, una cifra que confirma su importancia como evento profesional para el sector ecol\u00f3gico. El vino ha estado presente a trav\u00e9s del espacio Natural Wine Iberia y [&hellip;]<\/p>\n","protected":false},"author":2,"featured_media":193646,"comment_status":"open","ping_status":"closed","sticky":false,"template":"","format":"standard","meta":{"om_disable_all_campaigns":false,"jnews-multi-image_gallery":[],"jnews_single_post":[],"jnews_primary_category":[],"jnews_social_meta":[],"footnotes":""},"categories":[43],"tags":[],"class_list":["post-193645","post","type-post","status-publish","format-standard","has-post-thumbnail","hentry","category-gourmet"],"_links":{"self":[{"href":"https:\/\/dimensionturistica.com\/es\/wp-json\/wp\/v2\/posts\/193645","targetHints":{"allow":["GET"]}}],"collection":[{"href":"https:\/\/dimensionturistica.com\/es\/wp-json\/wp\/v2\/posts"}],"about":[{"href":"https:\/\/dimensionturistica.com\/es\/wp-json\/wp\/v2\/types\/post"}],"author":[{"embeddable":true,"href":"https:\/\/dimensionturistica.com\/es\/wp-json\/wp\/v2\/users\/2"}],"replies":[{"embeddable":true,"href":"https:\/\/dimensionturistica.com\/es\/wp-json\/wp\/v2\/comments?post=193645"}],"version-history":[{"count":0,"href":"https:\/\/dimensionturistica.com\/es\/wp-json\/wp\/v2\/posts\/193645\/revisions"}],"wp:featuredmedia":[{"embeddable":true,"href":"https:\/\/dimensionturistica.com\/es\/wp-json\/wp\/v2\/media\/193646"}],"wp:attachment":[{"href":"https:\/\/dimensionturistica.com\/es\/wp-json\/wp\/v2\/media?parent=193645"}],"wp:term":[{"taxonomy":"category","embeddable":true,"href":"https:\/\/dimensionturistica.com\/es\/wp-json\/wp\/v2\/categories?post=193645"},{"taxonomy":"post_tag","embeddable":true,"href":"https:\/\/dimensionturistica.com\/es\/wp-json\/wp\/v2\/tags?post=193645"}],"curies":[{"name":"wp","href":"https:\/\/api.w.org\/{rel}","templated":true}]}}