{"id":193308,"date":"2021-09-20T17:21:19","date_gmt":"2021-09-20T17:21:19","guid":{"rendered":"https:\/\/dimensionturistica.com\/es\/?p=193308"},"modified":"2021-09-20T17:21:19","modified_gmt":"2021-09-20T17:21:19","slug":"trabajadores-de-salva-foods-protestaron-para-exigir-el-pago-de-salarios","status":"publish","type":"post","link":"https:\/\/dimensionturistica.com\/es\/trabajadores-de-salva-foods-protestaron-para-exigir-el-pago-de-salarios\/","title":{"rendered":"Trabajadores de Salva Foods protestaron para exigir el pago de salarios"},"content":{"rendered":"<p> <br \/>\n<\/p>\n<div>\n<div class=\"td-post-featured-image\">\n<figure><a target=\"_blank\" href=\"https:\/\/cdn.elnacional.com\/wp-content\/uploads\/2021\/09\/salva-foods.jpg\" data-caption=\"Archivo\" rel=\"noopener\"><noscript><img decoding=\"async\" width=\"696\" height=\"464\" src=\"https:\/\/cdn.elnacional.com\/wp-content\/uploads\/2021\/09\/salva-foods-696x464.jpg\" class=\"attachment-td_696x0 size-td_696x0 wp-post-image\" alt=\"Trabajadores de Salva Foods protestaron para exigir el pago de salarios\" srcset=\"https:\/\/cdn.elnacional.com\/wp-content\/uploads\/2021\/09\/salva-foods-696x464.jpg 696w, https:\/\/cdn.elnacional.com\/wp-content\/uploads\/2021\/09\/salva-foods-300x200.jpg 300w, https:\/\/cdn.elnacional.com\/wp-content\/uploads\/2021\/09\/salva-foods-1024x683.jpg 1024w, https:\/\/cdn.elnacional.com\/wp-content\/uploads\/2021\/09\/salva-foods-768x512.jpg 768w, https:\/\/cdn.elnacional.com\/wp-content\/uploads\/2021\/09\/salva-foods-1068x712.jpg 1068w, https:\/\/cdn.elnacional.com\/wp-content\/uploads\/2021\/09\/salva-foods-630x420.jpg 630w, https:\/\/cdn.elnacional.com\/wp-content\/uploads\/2021\/09\/salva-foods.jpg 1200w\" sizes=\"(max-width: 696px) 100vw, 696px\"\/><\/noscript><img loading=\"lazy\" decoding=\"async\" width=\"696\" height=\"464\" src=\"https:\/\/cdn.elnacional.com\/wp-content\/uploads\/2021\/09\/salva-foods-696x464.jpg\" class=\"lazyload attachment-td_696x0 size-td_696x0 wp-post-image\" alt=\"Trabajadores de Salva Foods protestaron para exigir el pago de salarios\" srcset=\"https:\/\/cdn.elnacional.com\/wp-content\/uploads\/2021\/09\/salva-foods-696x464.jpg 696w, https:\/\/cdn.elnacional.com\/wp-content\/uploads\/2021\/09\/salva-foods-300x200.jpg 300w, https:\/\/cdn.elnacional.com\/wp-content\/uploads\/2021\/09\/salva-foods-1024x683.jpg 1024w, https:\/\/cdn.elnacional.com\/wp-content\/uploads\/2021\/09\/salva-foods-768x512.jpg 768w, https:\/\/cdn.elnacional.com\/wp-content\/uploads\/2021\/09\/salva-foods-1068x712.jpg 1068w, https:\/\/cdn.elnacional.com\/wp-content\/uploads\/2021\/09\/salva-foods-630x420.jpg 630w, https:\/\/cdn.elnacional.com\/wp-content\/uploads\/2021\/09\/salva-foods.jpg 1200w\" data-sizes=\"(max-width: 696px) 100vw, 696px\"\/><\/a><figcaption class=\"wp-caption-text\">Archivo<\/figcaption><\/figure>\n<\/div>\n<p>Trabajadores de la empresa Salva Meals, vinculada al empresario colombiano Alex Saab, protestaron este lunes en La Guaira, estado Vargas.<\/p>\n<p>M\u00e1s de <strong>200 ciudadanos trancaron la avenida Soublette<\/strong>, a la altura del elevado de Pariata, para exigir a la directiva de la empresa el pago de sus salarios.<\/p>\n<p>Denunciaron adem\u00e1s que las bolsas de alimentos que les entregan les han llegado con gorgojos, de acuerdo con un reporte de la periodista <span style=\"color: #000000;\"><a target=\"_blank\" style=\"color: #000000;\" href=\"https:\/\/twitter.com\/amyytorres\/status\/1439967933963411464\" rel=\"noopener\">Amy Torres<\/a><\/span>.<\/p>\n<p>Funcionarios de la Guardia Nacional Bolivariana y de la Polic\u00eda de Vargas llegaron al lugar para intentar mediar en la situaci\u00f3n y despejar la v\u00eda.<\/p>\n<p>Salva Meals se encarga de <strong>empaquetar las cajas de alimentos<\/strong> distribuidas a trav\u00e9s de los Comit\u00e9s Locales de Abastecimiento y Producci\u00f3n.<\/p>\n<p>\u201cTenemos m\u00e1s de 15 d\u00edas de retraso en el pago del bono, no se nos comunic\u00f3 que no nos iban a pagar el bono de producci\u00f3n; nos falta el pago de la quincena y, aparte de eso, (nos entregan) las bolsas llenas de gorgojos\u201d, manifest\u00f3 una de las afectadas.<\/p>\n<p>\u201cLa falta de respeto, no nos dan comunicaci\u00f3n de lo que est\u00e1 pasando con la empresa, arremeten en nuestra contra, <strong>nos env\u00edan a la Dgcim para que no protestemos<\/strong> y entonces tampoco quieren darnos una respuesta por los pagos de los trabajadores\u201d, agreg\u00f3.<\/p>\n<blockquote class=\"twitter-tweet\" data-width=\"550\" data-dnt=\"true\">\n<p lang=\"es\" dir=\"ltr\"><a target=\"_blank\" href=\"https:\/\/twitter.com\/hashtag\/20Sep?src=hash&amp;ref_src=twsrc%5Etfw\" rel=\"noopener\">#20Sep<\/a> I <a target=\"_blank\" href=\"https:\/\/twitter.com\/hashtag\/LaGuaira?src=hash&amp;ref_src=twsrc%5Etfw\" rel=\"noopener\">#LaGuaira<\/a> <a target=\"_blank\" href=\"https:\/\/twitter.com\/hashtag\/Vargas?src=hash&amp;ref_src=twsrc%5Etfw\" rel=\"noopener\">#Vargas<\/a> SALVAFOODS TRANC\u00d3 LA GUAIRA<\/p>\n<p>Decenas de trabajadores se apostaron en la calle para exigir el pago de sus beneficios salariales. La avenida Soublette est\u00e1 cerrada en ambos sentidos a la altura del elevado de Pariata <a target=\"_blank\" href=\"https:\/\/t.co\/aAjUQNRhCf\" rel=\"noopener\">pic.twitter.com\/aAjUQNRhCf<\/a><\/p>\n<p>\u2014 Amy Y. Torres T. (@amyytorres) <a target=\"_blank\" href=\"https:\/\/twitter.com\/amyytorres\/status\/1439967933963411464?ref_src=twsrc%5Etfw\" rel=\"noopener\">September 20, 2021<\/a><\/p>\n<\/blockquote>\n<blockquote class=\"twitter-tweet\" data-width=\"550\" data-dnt=\"true\">\n<p lang=\"es\" dir=\"ltr\"><a target=\"_blank\" href=\"https:\/\/twitter.com\/hashtag\/20Sep?src=hash&amp;ref_src=twsrc%5Etfw\" rel=\"noopener\">#20Sep<\/a><\/p>\n<p>\u00a1TRANCAZO EN VARGAS!<\/p>\n<p>Decenas de trabajadores se Salvafoods se plantaron en la avenida Soublette, a la altura de Pariata. Los cuerpos de seguridad ciudadana se mantienen atentos<\/p>\n<p>Reporta <a target=\"_blank\" href=\"https:\/\/twitter.com\/amyytorres?ref_src=twsrc%5Etfw\" rel=\"noopener\">@amyytorres<\/a> <a target=\"_blank\" href=\"https:\/\/twitter.com\/ImpactoVE?ref_src=twsrc%5Etfw\" rel=\"noopener\">@ImpactoVE<\/a> &#x1f4cc; <a target=\"_blank\" href=\"https:\/\/t.co\/AM6ffwxwyL\" rel=\"noopener\">pic.twitter.com\/AM6ffwxwyL<\/a><\/p>\n<p>\u2014 ImpactoVenezuela (@ImpactoVE) <a target=\"_blank\" href=\"https:\/\/twitter.com\/ImpactoVE\/status\/1439972757006163971?ref_src=twsrc%5Etfw\" rel=\"noopener\">September 20, 2021<\/a><\/p>\n<\/blockquote>\n<blockquote class=\"twitter-tweet\" data-width=\"550\" data-dnt=\"true\">\n<p lang=\"es\" dir=\"ltr\"><a target=\"_blank\" href=\"https:\/\/twitter.com\/hashtag\/20Sep?src=hash&amp;ref_src=twsrc%5Etfw\" rel=\"noopener\">#20Sep<\/a> <a target=\"_blank\" href=\"https:\/\/twitter.com\/hashtag\/Reporte?src=hash&amp;ref_src=twsrc%5Etfw\" rel=\"noopener\">#Reporte<\/a><\/p>\n<p>\u00a1TRABAJADORES DE SALVAFOODS PROTESTAN!<\/p>\n<p>Cansados de pasar hambre y de endeudarse en las bodegas debido a la falta de pago, m\u00e1s de 2.000 trabajadores de Salvafoods protestan en el Litoral por cese de sus labores a causa de la falta de producci\u00f3n de bolsas CLAP. <a target=\"_blank\" href=\"https:\/\/t.co\/LVoEiK3SzO\" rel=\"noopener\">pic.twitter.com\/LVoEiK3SzO<\/a><\/p>\n<p>\u2014 ImpactoVenezuela (@ImpactoVE) <a target=\"_blank\" href=\"https:\/\/twitter.com\/ImpactoVE\/status\/1439962137309368320?ref_src=twsrc%5Etfw\" rel=\"noopener\">September 20, 2021<\/a><\/p>\n<\/blockquote>\n<blockquote class=\"twitter-tweet\" data-width=\"550\" data-dnt=\"true\">\n<p lang=\"es\" dir=\"ltr\">Trabajadores de Salva Meals trancan v\u00eda de Maiquetia. La empresa cerr\u00f3 y dej\u00f3 a la deriva a m\u00e1s de 2000. En pleno desarrollo \u2026 <a target=\"_blank\" href=\"https:\/\/t.co\/GzZBygGU42\" rel=\"noopener\">pic.twitter.com\/GzZBygGU42<\/a><\/p>\n<p>\u2014 PITAZOVARGAS (@PitazoVargas) <a target=\"_blank\" href=\"https:\/\/twitter.com\/PitazoVargas\/status\/1439955080241979392?ref_src=twsrc%5Etfw\" rel=\"noopener\">September 20, 2021<\/a><\/p>\n<\/blockquote>\n<blockquote class=\"twitter-tweet\" data-width=\"550\" data-dnt=\"true\">\n<p lang=\"es\" dir=\"ltr\"><a target=\"_blank\" href=\"https:\/\/twitter.com\/hashtag\/AHORA?src=hash&amp;ref_src=twsrc%5Etfw\" rel=\"noopener\">#AHORA<\/a> <a target=\"_blank\" href=\"https:\/\/twitter.com\/hashtag\/LaGuaira?src=hash&amp;ref_src=twsrc%5Etfw\" rel=\"noopener\">#LaGuaira<\/a> Trabajadores de Salva Meals inician protesta por sus beneficios laborales y en contra del acoso en la empresa, por parte de los organismos de seguridad <a target=\"_blank\" href=\"https:\/\/t.co\/J2c7OgkKJT\" rel=\"noopener\">pic.twitter.com\/J2c7OgkKJT<\/a><\/p>\n<p>\u2014 \u00c1ngel Maicabares (@angel_maica) <a target=\"_blank\" href=\"https:\/\/twitter.com\/angel_maica\/status\/1439940984125657089?ref_src=twsrc%5Etfw\" rel=\"noopener\">September 20, 2021<\/a><\/p>\n<\/blockquote>\n<p><\/p>\n<div id=\"conelnacional-container\">\n<i style=\"background:#ffe500;font-weight:bold;font-size:17px;\">La democracia muere cuando hay censura. Hoy t\u00fa puedes ayudar a mantener el periodismo independiente solo con USD 3 al mes. \u00a1Aporta y s\u00e9 parte de la soluci\u00f3n!<\/i><\/p>\n<p>\n<a target=\"_blank\" href=\"https:\/\/conelnacional.com?utm_source=elnacional&amp;utm_medium=referral&amp;utm_campaign=promotional\" rel=\"noopener\"><br \/>\n<\/a><\/div>\n<\/div>\n<p><script async src=\"\/\/platform.twitter.com\/widgets.js\" charset=\"utf-8\"><\/script><br \/>\n<br \/><\/p>\n<p><em> \u2018 The preceding article may include information circulated by third parties \u2019 <\/em><\/p>\n<p><em> \u2018 Some details of this article were extracted from the following source www.elnacional.com \u2019 <\/em><\/p>\n","protected":false},"excerpt":{"rendered":"<p>Archivo Trabajadores de la empresa Salva Meals, vinculada al empresario colombiano Alex Saab, protestaron este lunes en La Guaira, estado Vargas. M\u00e1s de 200 ciudadanos trancaron la avenida Soublette, a la altura del elevado de Pariata, para exigir a la directiva de la empresa el pago de sus salarios. Denunciaron adem\u00e1s que las bolsas de [&hellip;]<\/p>\n","protected":false},"author":2,"featured_media":193309,"comment_status":"open","ping_status":"closed","sticky":false,"template":"","format":"standard","meta":{"om_disable_all_campaigns":false,"jnews-multi-image_gallery":[],"jnews_single_post":[],"jnews_primary_category":[],"jnews_social_meta":[],"footnotes":""},"categories":[43],"tags":[],"class_list":["post-193308","post","type-post","status-publish","format-standard","has-post-thumbnail","hentry","category-gourmet"],"_links":{"self":[{"href":"https:\/\/dimensionturistica.com\/es\/wp-json\/wp\/v2\/posts\/193308","targetHints":{"allow":["GET"]}}],"collection":[{"href":"https:\/\/dimensionturistica.com\/es\/wp-json\/wp\/v2\/posts"}],"about":[{"href":"https:\/\/dimensionturistica.com\/es\/wp-json\/wp\/v2\/types\/post"}],"author":[{"embeddable":true,"href":"https:\/\/dimensionturistica.com\/es\/wp-json\/wp\/v2\/users\/2"}],"replies":[{"embeddable":true,"href":"https:\/\/dimensionturistica.com\/es\/wp-json\/wp\/v2\/comments?post=193308"}],"version-history":[{"count":0,"href":"https:\/\/dimensionturistica.com\/es\/wp-json\/wp\/v2\/posts\/193308\/revisions"}],"wp:featuredmedia":[{"embeddable":true,"href":"https:\/\/dimensionturistica.com\/es\/wp-json\/wp\/v2\/media\/193309"}],"wp:attachment":[{"href":"https:\/\/dimensionturistica.com\/es\/wp-json\/wp\/v2\/media?parent=193308"}],"wp:term":[{"taxonomy":"category","embeddable":true,"href":"https:\/\/dimensionturistica.com\/es\/wp-json\/wp\/v2\/categories?post=193308"},{"taxonomy":"post_tag","embeddable":true,"href":"https:\/\/dimensionturistica.com\/es\/wp-json\/wp\/v2\/tags?post=193308"}],"curies":[{"name":"wp","href":"https:\/\/api.w.org\/{rel}","templated":true}]}}