{"id":192663,"date":"2021-09-18T20:30:38","date_gmt":"2021-09-18T20:30:38","guid":{"rendered":"https:\/\/dimensionturistica.com\/es\/?p=192663"},"modified":"2021-09-18T20:30:39","modified_gmt":"2021-09-18T20:30:39","slug":"humildad-o-populismo-las-reacciones-de-los-ciudadanos-por-el-viaje-del-presidente-en-vuelo-comercial","status":"publish","type":"post","link":"https:\/\/dimensionturistica.com\/es\/humildad-o-populismo-las-reacciones-de-los-ciudadanos-por-el-viaje-del-presidente-en-vuelo-comercial\/","title":{"rendered":"\u00bfHumildad o populismo?, las reacciones de los ciudadanos por el viaje del presidente en vuelo comercial"},"content":{"rendered":"<p> <br \/>\n<\/p>\n<div>\n<div class=\"paragraph\" mlnid=\"idcon=17260944;order=7.0\">\n<p>El presidente Luis Abinader sorprendi\u00f3 a la sociedad dominicana este s\u00e1bado al viajar hacia Nueva York, Estados Unidos, en un vuelo comercial. Esto gener\u00f3 una avalancha de comentarios de personas que celebraron el gesto, mientras que a otras calificaron de populismo la acci\u00f3n del primer mandatario.<\/p>\n<p>\u201cEl mejor presidente de la historia de Rep\u00fablica Dominicana, excelente gesto\u201d, coment\u00f3 en Instagram el usuario Lorenzo Ruiz.<\/p>\n<p>En tanto que la usuaria Patricia Caminero aplaudi\u00f3 la acci\u00f3n y coment\u00f3 en Instagram lo siguiente: \u201ccomo debe ser, eso es respetarnos\u201d.<\/p>\n<\/p><\/div>\n<div class=\"paragraph\" mlnid=\"idcon=17260948;order=9.0\">\n<p>Otros, como Yolanda Rojo, utiliz\u00f3 Twitter para opinar: \u201cEntiendo que quiera solidarizarse con el pueblo, pero al se\u00f1or presi, le toca viajar c\u00f3modo y eso no quiere decir que menosprecie la clase econ\u00f3mica\u201d.<\/p>\n<p>Angelo Vizzini tambi\u00e9n coment\u00f3 por Twitter, pink social en la que escribi\u00f3: \u201cUn presidente que da la cara por el pa\u00eds\u201d, hizo acompa\u00f1ar el mensaje con los hashtag #PresidenteRDenUSA #DominicanosDeNY.<\/p>\n<p>No obstante para Jacobo Arnaud lo que hizo el presidente se trata de \u201cpopulismo, publicidad\u201d buscando \u201cbajar tensi\u00f3n\u201d.<\/p>\n<p>Muchas personas en las redes sociales consideraron que por seguridad, el presidente deber\u00eda viajar en vuelos privados. Mientras que algunos criticaron que \u201csi lo hace otro presidente, estar\u00eda bien. Si lo hace el de aqu\u00ed est\u00e1 mal\u201d.<\/p>\n<p>Las opiniones son diversas en las redes sociales, en donde cada persona expresa libremente su parecer sobre el manejo del primer mandatario de la Rep\u00fablica Dominicana.<\/p>\n<p>En junio de este a\u00f1o el presidente Abinader puso en ejecuci\u00f3n el plan de austeridad y racionamiento del gasto p\u00fablico, mediante el decreto 396-21, el cual, entre otras cosas, establece considerables reducciones en gastos relacionados con viajes al exterior, la compra de veh\u00edculos de lujo, remodelaciones de alto costo, agasajos y celebraciones.<\/p>\n<\/p><\/div><\/div>\n\n<p><em> &#8221; Fuentes www.diariolibre.com &#8221; <\/em><\/p>\n","protected":false},"excerpt":{"rendered":"<p>El presidente Luis Abinader sorprendi\u00f3 a la sociedad dominicana este s\u00e1bado al viajar hacia Nueva York, Estados Unidos, en un vuelo comercial. Esto gener\u00f3 una avalancha de comentarios de personas que celebraron el gesto, mientras que a otras calificaron de populismo la acci\u00f3n del primer mandatario. \u201cEl mejor presidente de la historia de Rep\u00fablica Dominicana, [&hellip;]<\/p>\n","protected":false},"author":4,"featured_media":192664,"comment_status":"open","ping_status":"closed","sticky":false,"template":"","format":"standard","meta":{"om_disable_all_campaigns":false,"jnews-multi-image_gallery":[],"jnews_single_post":[],"jnews_primary_category":[],"jnews_social_meta":[],"footnotes":""},"categories":[39],"tags":[1429],"class_list":["post-192663","post","type-post","status-publish","format-standard","has-post-thumbnail","hentry","category-viajes","tag-santo-domingo"],"_links":{"self":[{"href":"https:\/\/dimensionturistica.com\/es\/wp-json\/wp\/v2\/posts\/192663","targetHints":{"allow":["GET"]}}],"collection":[{"href":"https:\/\/dimensionturistica.com\/es\/wp-json\/wp\/v2\/posts"}],"about":[{"href":"https:\/\/dimensionturistica.com\/es\/wp-json\/wp\/v2\/types\/post"}],"author":[{"embeddable":true,"href":"https:\/\/dimensionturistica.com\/es\/wp-json\/wp\/v2\/users\/4"}],"replies":[{"embeddable":true,"href":"https:\/\/dimensionturistica.com\/es\/wp-json\/wp\/v2\/comments?post=192663"}],"version-history":[{"count":0,"href":"https:\/\/dimensionturistica.com\/es\/wp-json\/wp\/v2\/posts\/192663\/revisions"}],"wp:featuredmedia":[{"embeddable":true,"href":"https:\/\/dimensionturistica.com\/es\/wp-json\/wp\/v2\/media\/192664"}],"wp:attachment":[{"href":"https:\/\/dimensionturistica.com\/es\/wp-json\/wp\/v2\/media?parent=192663"}],"wp:term":[{"taxonomy":"category","embeddable":true,"href":"https:\/\/dimensionturistica.com\/es\/wp-json\/wp\/v2\/categories?post=192663"},{"taxonomy":"post_tag","embeddable":true,"href":"https:\/\/dimensionturistica.com\/es\/wp-json\/wp\/v2\/tags?post=192663"}],"curies":[{"name":"wp","href":"https:\/\/api.w.org\/{rel}","templated":true}]}}