{"id":192406,"date":"2021-09-17T21:04:50","date_gmt":"2021-09-17T21:04:50","guid":{"rendered":"https:\/\/dimensionturistica.com\/es\/?p=192406"},"modified":"2021-09-17T21:04:50","modified_gmt":"2021-09-17T21:04:50","slug":"goya-foods-rumbo-a-su-expansion-global","status":"publish","type":"post","link":"https:\/\/dimensionturistica.com\/es\/goya-foods-rumbo-a-su-expansion-global\/","title":{"rendered":"Goya Foods: Rumbo a su expansi\u00f3n global"},"content":{"rendered":"<p> <br \/>\n<\/p>\n<div itemprop=\"text\">\n<div class=\"g g-10\">\n<div class=\"g-single a-78\"><a target=\"_blank\" onclick=\"dataLayer.push({'event': 'AdRotatePro', 'AdCategory': 'Adverts', 'AdAction': 'Click', 'AdLabel': 'BEFORE CONTENT - Gidding Berries 2', 'AdValue': 1.00});\" alt=\"BEFORE CONTENT - Gidding Berries 2\" href=\"http:\/\/www.giddingsfruit.com\/en\/\" rel=\"noopener\"><picture onload=\"dataLayer.push({'event': 'AdRotatePro', 'AdCategory': 'Adverts', 'AdAction': 'Impression', 'AdLabel': 'BEFORE CONTENT - Gidding Berries 2', 'AdValue': 2.00});\" class=\"sp-no-webp\"><source data-srcset=\"https:\/\/abasto.com\/wp-content\/uploads\/2021\/09\/giddings-web-top-2021-09.webp\" type=\"image\/webp\"><source data-srcset=\"https:\/\/abasto.com\/wp-content\/uploads\/2021\/09\/giddings-web-top-2021-09.jpg\" type=\"image\/jpeg\"><noscript><img decoding=\"async\" src=\"https:\/\/abasto.com\/wp-content\/uploads\/2021\/09\/giddings-web-top-2021-09.jpg\" onload=\"dataLayer.push({'event': 'AdRotatePro', 'AdCategory': 'Adverts', 'AdAction': 'Impression', 'AdLabel': 'BEFORE CONTENT - Gidding Berries 2', 'AdValue': 2.00});\" class=\"sp-no-webp\" srcset=\"https:\/\/abasto.com\/wp-content\/uploads\/2021\/09\/giddings-web-top-2021-09.jpg\"\/><\/noscript><img decoding=\"async\" src=\"https:\/\/abasto.com\/wp-content\/uploads\/2021\/09\/giddings-web-top-2021-09.jpg\" onload=\"dataLayer.push({'event': 'AdRotatePro', 'AdCategory': 'Adverts', 'AdAction': 'Impression', 'AdLabel': 'BEFORE CONTENT - Gidding Berries 2', 'AdValue': 2.00});\" class=\"lazyload sp-no-webp\" srcset=\"https:\/\/abasto.com\/wp-content\/uploads\/2021\/09\/giddings-web-top-2021-09.jpg\"\/><\/source><\/source><\/picture><\/a><\/div>\n<\/div>\n<p>La compa\u00f1\u00eda hispana de alimentos m\u00e1s grande de Estados Unidos quiere que sus productos, que se venden por millones en Estados Unidos, lleguen a otros mercados alrededor del mundo. Est\u00e1n decididos a que la marca Goya y el aut\u00e9ntico sabor latino sean reconocidos por muchas otras culturas alrededor del planeta.<\/p>\n<div class=\"g g-2\">\n<div class=\"g-single a-80\"><a target=\"_blank\" onclick=\"dataLayer.push({'event': 'AdRotatePro', 'AdCategory': 'Adverts', 'AdAction': 'Click', 'AdLabel': 'CONTENT - PMA Fresh Summit', 'AdValue': 1.00});\" alt=\"CONTENT - PMA Fresh Summit\" href=\"https:\/\/www.pma.com\/events\/freshsummit?utm_source=abasto&amp;utm_medium=digital&amp;utm_campaign=21conv\" rel=\"noopener\"><picture onload=\"dataLayer.push({'event': 'AdRotatePro', 'AdCategory': 'Adverts', 'AdAction': 'Impression', 'AdLabel': 'CONTENT - PMA Fresh Summit', 'AdValue': 2.00});\" class=\"sp-no-webp\"><source data-srcset=\"https:\/\/abasto.com\/wp-content\/uploads\/2021\/09\/pma-web-sidebar-2021-09.webp\" type=\"image\/webp\"><source data-srcset=\"https:\/\/abasto.com\/wp-content\/uploads\/2021\/09\/pma-web-sidebar-2021-09.jpg\" type=\"image\/jpeg\"><noscript><img decoding=\"async\" src=\"https:\/\/abasto.com\/wp-content\/uploads\/2021\/09\/pma-web-sidebar-2021-09.jpg\" onload=\"dataLayer.push({'event': 'AdRotatePro', 'AdCategory': 'Adverts', 'AdAction': 'Impression', 'AdLabel': 'CONTENT - PMA Fresh Summit', 'AdValue': 2.00});\" class=\"sp-no-webp\" srcset=\"https:\/\/abasto.com\/wp-content\/uploads\/2021\/09\/pma-web-sidebar-2021-09.jpg\"\/><\/noscript><img decoding=\"async\" src=\"https:\/\/abasto.com\/wp-content\/uploads\/2021\/09\/pma-web-sidebar-2021-09.jpg\" onload=\"dataLayer.push({'event': 'AdRotatePro', 'AdCategory': 'Adverts', 'AdAction': 'Impression', 'AdLabel': 'CONTENT - PMA Fresh Summit', 'AdValue': 2.00});\" class=\"lazyload sp-no-webp\" srcset=\"https:\/\/abasto.com\/wp-content\/uploads\/2021\/09\/pma-web-sidebar-2021-09.jpg\"\/><\/source><\/source><\/picture><\/a><\/div>\n<\/div>\n<p>Es as\u00ed que la empresa acquainted est\u00e1 celebrando sus 85 a\u00f1os concentr\u00e1ndose en sus planes de expansi\u00f3n en Latinoam\u00e9rica, Europa y Asia. Por otra parte, esta visi\u00f3n de crecimiento, de explorar nuevos mercados con aut\u00e9nticos productos hispanos de alt\u00edsima calidad, siempre ha ido acompa\u00f1ada de un generoso esp\u00edritu filantr\u00f3pico con el que Goya ha dejado una profunda huella entre los m\u00e1s necesitados.<\/p>\n<div class=\"wp-block-image\">\n<figure class=\"alignright size-full is-resized\"><picture class=\"wp-image-64381 sp-no-webp\"><source data-srcset=\"https:\/\/abasto.com\/wp-content\/uploads\/2021\/09\/Joe-Perez-Senior-VP-1.webp\" type=\"image\/webp\"><source data-srcset=\"https:\/\/abasto.com\/wp-content\/uploads\/2021\/09\/Joe-Perez-Senior-VP-1.jpg\" type=\"image\/jpeg\"><noscript><img decoding=\"async\" src=\"https:\/\/abasto.com\/wp-content\/uploads\/2021\/09\/Joe-Perez-Senior-VP-1.jpg\" class=\"wp-image-64381 sp-no-webp\" alt=\"Goya Foods Joe P\u00e9rez\" height=\"355\" width=\"324\" srcset=\"https:\/\/abasto.com\/wp-content\/uploads\/2021\/09\/Joe-Perez-Senior-VP-1.jpg\"\/><\/noscript><img loading=\"lazy\" decoding=\"async\" src=\"https:\/\/abasto.com\/wp-content\/uploads\/2021\/09\/Joe-Perez-Senior-VP-1.jpg\" class=\"lazyload wp-image-64381 sp-no-webp\" alt=\"Goya Foods Joe P\u00e9rez\" height=\"355\" width=\"324\" srcset=\"https:\/\/abasto.com\/wp-content\/uploads\/2021\/09\/Joe-Perez-Senior-VP-1.jpg\"\/><\/source><\/source><\/picture><figcaption>Joe P\u00e9rez, vicepresidente senior de Goya Meals.<\/figcaption><\/figure>\n<\/div>\n<p>Joe Perez vicepresidente senior de Goya Meals ofreci\u00f3 un panorama de los planes de la empresa, en una entrevista concedida a Abasto: \u00a0<\/p>\n<p><strong>Revista Abasto: \u00bfC\u00f3mo la pandemia del COVID-19 ha impactado la demanda de los productos Goya en el \u00faltimo a\u00f1o y qu\u00e9 hicieron para adaptarse a la \u201cnueva normalidad\u201d?<\/strong><\/p>\n<p><strong>Joe P\u00e9rez:<\/strong> Trabajamos las 24 horas, los siete d\u00edas de la semana sin descanso para poder ayudar a la cadena de suministro y mantener a las tiendas y la comunidad con los alimentos necesarios para su subsistencia. Ten\u00edamos un compromiso muy grande paras suministrar los productos Goya a todos nuestros clientes, as\u00ed que ampliamos nuestra purple log\u00edstica no solamente para hacer las entregas necesarias, pero igual de importante, para seguir recibiendo materia prima y producto terminado de nuestras f\u00e1bricas. No fue nada f\u00e1cil, pero tenemos la satisfacci\u00f3n de que dimos m\u00e1s del cien por ciento para tratar de cumplir con la demanda durante ese dif\u00edcil periodo.<\/p>\n<p><strong>RA: \u00bfDespu\u00e9s de tres a\u00f1os de operaciones en M\u00e9xico, \u00bfcu\u00e1les han sido los resultados?<\/strong><\/p>\n<p><strong>JP:<\/strong> Los resultados en M\u00e9xico, has sido favorables. Naturalmente el COVID impact\u00f3 muchas de las iniciativas planificadas para 2020 y 2021, pero esperamos que en el momento en que todo se calme seremos a\u00fan m\u00e1s activos en el mercado mexicano.<\/p>\n<p><strong>RA: Alejandro De La Hoz fue nombrado director de Desarrollo de Negocios Internacionales en 2019. \u00bfC\u00f3mo este nombramiento ha ayudado a Goya a establecer su rumbo de expansi\u00f3n internacionalmente?<\/strong><\/p>\n<p><strong>JP:<\/strong> Definitivamente Alejandro De La Hoz, basado en su experiencia y conocimiento a nivel mundial, ha sido importante para la conquista de nuevos mercados. Ahora mismo estamos trabajando en el desarrollo de nuestros productos en Guatemala, as\u00ed como otros pa\u00edses de Centroam\u00e9rica y Suram\u00e9rica. Adem\u00e1s, Alejandro estar\u00e1 apoyando las nuevas estrategias de crecimiento en el mercado mexicano.<\/p>\n<blockquote class=\"wp-block-quote\">\n<p><a target=\"_blank\" href=\"https:\/\/abasto.com\/noticias\/goya-foods-invertira-80-millones-en-expansion-de-su-planta-en-texas\/\" rel=\"noreferrer noopener\">Art\u00edculo Relacionado: Goya Foods invertir\u00e1 $80 millones en expansi\u00f3n de su planta en Texas<\/a><\/p>\n<\/blockquote>\n<p><strong>RA: \u00bfC\u00f3mo va el progreso de Goya en los mercados de Europa y Asia?<\/strong><\/p>\n<p><strong>JP:<\/strong> En Europa a trav\u00e9s de nuestras oficinas en Espa\u00f1a estamos atendiendo las necesidades de la comunidad latinoamericana en dicho pa\u00eds, mientras que seguimos la expansi\u00f3n por el resto de Europa llegando a Italia, Portugal, Alemania, and many others. Tambi\u00e9n estamos dando a conocer la rica cocina latinoamericana a los europeos, quienes siempre est\u00e1n buscando nuevos sabores. En Asia, hoy d\u00eda estamos teniendo \u00e9xito con nuestros aceites de oliva y aceitunas.<\/p>\n<p><strong>RA: \u00bfEn d\u00f3nde operan las plantas de producci\u00f3n de Goya?<\/strong><\/p>\n<p><strong>JP:<\/strong> Goya tiene f\u00e1bricas en diferentes regiones de EEUU, as\u00ed como en la Republica Dominicana, Puerto Rico y Espa\u00f1a.<\/p>\n<p><strong>RA: \u00bfQu\u00e9 retos ha enfrentado la empresa para abrirse camino en sus diferentes mercados?<\/strong><\/p>\n<p><strong>JP:<\/strong> En sus 85 a\u00f1os Goya se ha caracterizado por aprender y sigue aprendiendo de las diferentes culturas en el mercado de EEUU donde hay comunidades de todas partes del mundo y a trav\u00e9s de su portafolio de m\u00e1s de 2,600 productos ofrece los aut\u00e9nticos sabores que buscan los consumidores.<\/p>\n<p><strong>RA: A trav\u00e9s de las iniciativas sociales Goya Provides y Goya Cares han demostrado el gran compromiso con la comunidad a la que sirven. \u00bfEn su expansi\u00f3n world tambi\u00e9n tiene planes de realizar labores sociales con las comunidades a donde llegan sus productos?<\/strong><\/p>\n<p><strong>JP:<\/strong> El gran compromiso social est\u00e1 en nuestra sangre, a donde vamos ese af\u00e1n lo llevamos con nosotros, siempre al servicio de la comunidad. A trav\u00e9s de <a target=\"_blank\" href=\"https:\/\/www.goya.com\/en\/goya-gives\" rel=\"noreferrer noopener\">Goya Gives<\/a> y Goya Cares, ayudamos con donaciones de alimentos desde hace muchos a\u00f1os a diferentes instituciones; tambi\u00e9n ofrecemos respaldo a iniciativas culturales y sociales que ayudan a las personas m\u00e1s necesitadas.<\/p>\n<\/div>\n\n<p><em> \u2018 The preceding article may include information circulated by third parties \u2019 <\/em><\/p>\n<p><em> \u2018 Some details of this article were extracted from the following source abasto.com \u2019 <\/em><\/p>\n","protected":false},"excerpt":{"rendered":"<p>La compa\u00f1\u00eda hispana de alimentos m\u00e1s grande de Estados Unidos quiere que sus productos, que se venden por millones en Estados Unidos, lleguen a otros mercados alrededor del mundo. Est\u00e1n decididos a que la marca Goya y el aut\u00e9ntico sabor latino sean reconocidos por muchas otras culturas alrededor del planeta. Es as\u00ed que la empresa [&hellip;]<\/p>\n","protected":false},"author":2,"featured_media":184990,"comment_status":"open","ping_status":"closed","sticky":false,"template":"","format":"standard","meta":{"om_disable_all_campaigns":false,"jnews-multi-image_gallery":[],"jnews_single_post":[],"jnews_primary_category":[],"jnews_social_meta":[],"footnotes":""},"categories":[43],"tags":[],"class_list":["post-192406","post","type-post","status-publish","format-standard","has-post-thumbnail","hentry","category-gourmet"],"_links":{"self":[{"href":"https:\/\/dimensionturistica.com\/es\/wp-json\/wp\/v2\/posts\/192406","targetHints":{"allow":["GET"]}}],"collection":[{"href":"https:\/\/dimensionturistica.com\/es\/wp-json\/wp\/v2\/posts"}],"about":[{"href":"https:\/\/dimensionturistica.com\/es\/wp-json\/wp\/v2\/types\/post"}],"author":[{"embeddable":true,"href":"https:\/\/dimensionturistica.com\/es\/wp-json\/wp\/v2\/users\/2"}],"replies":[{"embeddable":true,"href":"https:\/\/dimensionturistica.com\/es\/wp-json\/wp\/v2\/comments?post=192406"}],"version-history":[{"count":0,"href":"https:\/\/dimensionturistica.com\/es\/wp-json\/wp\/v2\/posts\/192406\/revisions"}],"wp:featuredmedia":[{"embeddable":true,"href":"https:\/\/dimensionturistica.com\/es\/wp-json\/wp\/v2\/media\/184990"}],"wp:attachment":[{"href":"https:\/\/dimensionturistica.com\/es\/wp-json\/wp\/v2\/media?parent=192406"}],"wp:term":[{"taxonomy":"category","embeddable":true,"href":"https:\/\/dimensionturistica.com\/es\/wp-json\/wp\/v2\/categories?post=192406"},{"taxonomy":"post_tag","embeddable":true,"href":"https:\/\/dimensionturistica.com\/es\/wp-json\/wp\/v2\/tags?post=192406"}],"curies":[{"name":"wp","href":"https:\/\/api.w.org\/{rel}","templated":true}]}}