{"id":192307,"date":"2021-09-17T18:13:15","date_gmt":"2021-09-17T18:13:15","guid":{"rendered":"https:\/\/dimensionturistica.com\/es\/?p=192307"},"modified":"2021-09-17T18:13:15","modified_gmt":"2021-09-17T18:13:15","slug":"primer-ministro-cubano-analiza-retos-avances-y-perspectivas-en-agencias-de-paqueteria","status":"publish","type":"post","link":"https:\/\/dimensionturistica.com\/es\/primer-ministro-cubano-analiza-retos-avances-y-perspectivas-en-agencias-de-paqueteria\/","title":{"rendered":"Primer ministro cubano analiza retos, avances y perspectivas en agencias de paqueter\u00eda"},"content":{"rendered":"<p> <br \/>\n<\/p>\n<div>\n<div id=\"attachment_1621019\" style=\"width: 580px\" class=\"wp-caption alignnone size-large wp-image-1621019\"><img decoding=\"async\" class=\"size-large wp-image-1621019\" src=\"http:\/\/media.cubadebate.cu\/wp-content\/uploads\/2021\/09\/marrero-transitarias-580x386.png\" alt=\"\" width=\"580\" height=\"386\"\/><\/p>\n<p class=\"wp-caption-text\">Manuel Marrero Cruz, durante su recorrido, en La Habana, por cuatro agencias cuyo objeto social es la recepci\u00f3n y distribuci\u00f3n de la paqueter\u00eda que llega a la Isla, por las v\u00edas a\u00e9rea o mar\u00edtima. Foto: Estudios Revoluci\u00f3n.<\/p>\n<\/div>\n<p>Es dif\u00edcil romper con la filosof\u00eda del \u201cest\u00e1 establecido as\u00ed\u201d, pero salvo decisiones que pongan en peligro la seguridad del pa\u00eds, todos los cambios para mejorar y\u00a0 por el beneficio de la poblaci\u00f3n son viables.<\/p>\n<p>Ese razonamiento, resumido con un \u201caqu\u00ed todo es posible\u201d si se trata de funcionar mejor, fue expresado este jueves por el <strong>primer ministro de la Rep\u00fablica de Cuba, <a rel=\"nofollow noopener\" target=\"_blank\" href=\"http:\/\/www.cubadebate.cu\/etiqueta\/manuel-marrero-cruz\/\">Manuel Marrero Cruz<\/a>, durante su recorrido por cuatro agencias de La Habana cuyo objeto social es la recepci\u00f3n y distribuci\u00f3n de la paqueter\u00eda que llega a la Isla por las v\u00edas a\u00e9rea o mar\u00edtima, procedente de otras naciones y destinada a las personas naturales.<\/strong><\/p>\n<p>Desde temprano en la ma\u00f1ana, el jefe de Gobierno comenz\u00f3 una jornada de visitas que incluy\u00f3 la Empresa Aerovaradero S.A., la Empresa de Mensajer\u00eda y Cambio Internacional del Grupo Empresarial Correos de Cuba, el Centro de Agrupe y Desagrupe de la Empresa Transcargo, as\u00ed como la Divisi\u00f3n Cubapack, perteneciente a la Corporaci\u00f3n Cimex.<\/p>\n<p><strong>Un buen servicio al cliente, la mayor agilidad posible en la entrega de los env\u00edos a sus destinatarios<\/strong> constituyeron el eje conceptual del recorrido realizado por Marrero Cruz, quien estuvo acompa\u00f1ado de los vice primeros ministros Jorge Luis Tapia Fonseca y Jorge Luis Perdomo Di-Lella; el ministro de Transporte, Eduardo Rodr\u00edguez D\u00e1vila; el jefe de la Aduana Normal de la Rep\u00fablica, Nelson Cordov\u00e9s Reyes, y otros directivos.<\/p>\n<p>A su paso por oficinas y almacenes de lo que se conoce como transitarias, el primer ministro indag\u00f3 sobre m\u00faltiples detalles de c\u00f3mo all\u00ed se trabaja. Quiso saber sobre plantillas laborales y modos de organizar el trabajo, sobre la magnitud de los atrasos en relaci\u00f3n con las entregas. Y abord\u00f3 temas como el de la necesaria informatizaci\u00f3n de los procesos que, en su opini\u00f3n, deben ser simplificados al m\u00e1ximo.<\/p>\n<div id=\"attachment_1621021\" style=\"width: 580px\" class=\"wp-caption alignnone size-large wp-image-1621021\"><img decoding=\"async\" class=\"size-large wp-image-1621021\" src=\"http:\/\/media.cubadebate.cu\/wp-content\/uploads\/2021\/09\/marrero-transitarias-1-580x386.png\" alt=\"\" width=\"580\" height=\"386\"\/><\/p>\n<p class=\"wp-caption-text\">Foto: Estudios Revoluci\u00f3n.<\/p>\n<\/div>\n<p>Sobre otros conceptos reflexion\u00f3 el tambi\u00e9n miembro del Bur\u00f3 Pol\u00edtico con quienes tienen la responsabilidad de dirigir el funcionamiento de las transitarias. Cuando no hay management es como si se trabajase a ciegas, un buen clima laboral es clave para el logro de buenos resultados, las metas deben estar bien definidas y adem\u00e1s ser medibles.<\/p>\n<p>Hacia el ultimate de una jornada que fue intensa, Manuel Marrero Cruz explic\u00f3 a los periodistas que el recorrido hab\u00eda incluido cuatro transitarias, las cuales se suman a otras dos ya visitadas, con lo cual ya han sido abarcadas las seis de las cuales dispone el pa\u00eds.<\/p>\n<p>Sobre ellas, el primer ministro repar\u00f3 en el t\u00e9rmino \u2013el cual, dijo, no es muy conocido entre la poblaci\u00f3n \u2013, y luego apunt\u00f3 que las transitarias son las que se \u201cencargan de recibir y distribuir la paqueter\u00eda que se env\u00eda desde el exterior mediante diferentes modalidades, entre las cuales est\u00e1 el env\u00edo que una persona hace a un familiar, o el equipaje no acompa\u00f1ante, que es el de alguien que realiz\u00f3 un viaje y ha mandado parte de sus cosas a trav\u00e9s de las empresas de paqueter\u00eda\u201d.<\/p>\n<p>Con la irrupci\u00f3n de la COVID-19 todo se fue complicando \u2013explic\u00f3 Marrero Cruz a la prensa\u2013, por las limitaciones de movilidad en todo el territorio nacional. Y as\u00ed, dijo, \u201cse nos fue acumulando una cantidad de cargas importante, que la poblaci\u00f3n ha estado reclamando\u201d.<\/p>\n<p>Ante tal situaci\u00f3n, <strong>est\u00e1 teniendo lugar, desde hace un mes, un proceso de chequeo semanal \u201cpara ver c\u00f3mo impulsamos todo este proceso de distribuci\u00f3n<\/strong>. Para ello, incluso, se cre\u00f3 en el Ministerio de Transporte un centro de direcci\u00f3n para comprobar todos los despachos diarios\u201d.<\/p>\n<p>De tal gesti\u00f3n \u201chan sido muy importantes los resultados que se est\u00e1n obteniendo\u201d \u2013afirm\u00f3 Marrero\u2013, porque hab\u00eda transitarias que distribu\u00edan diariamente 1 000 o a lo m\u00e1ximo 2 000 env\u00edos o bultos, y esas son las mismas de las cuales una sola puede estar distribuyendo ahora unos 19 000 bultos.<\/p>\n<div id=\"attachment_1621023\" style=\"width: 580px\" class=\"wp-caption alignnone size-large wp-image-1621023\"><img decoding=\"async\" class=\"size-large wp-image-1621023\" src=\"http:\/\/media.cubadebate.cu\/wp-content\/uploads\/2021\/09\/marrero-transitarias-2-580x386.png\" alt=\"\" width=\"580\" height=\"386\"\/><\/p>\n<p class=\"wp-caption-text\">Foto: Estudios Revoluci\u00f3n.<\/p>\n<\/div>\n<p>\u201cHay un incremento sustancial\u201d que no se detiene, dijo el jefe de Gobierno, quien record\u00f3 que hubo un momento en que algunos de los centros paralizaron la recepci\u00f3n de nuevos env\u00edos, lo cual se ha solucionado. <strong>\u201cHoy las seis transitarias est\u00e1n recibiendo todos los env\u00edos desde el exterior, y a su vez est\u00e1n acelerando el proceso de distribuci\u00f3n en el pa\u00eds\u201d.<\/strong><\/p>\n<p>El cambio, como explic\u00f3 Marrero Cruz, responde a que se han venido \u201creorganizado los procesos. Ha habido tambi\u00e9n una uni\u00f3n con todas las fuerzas y los actores econ\u00f3micos; es decir, todas las transitarias han contratado transporte privado para apoyar ese proceso de distribuci\u00f3n\u201d.<\/p>\n<p>Lo otro es que luego del fortalecimiento de determinadas estructuras va cambiando la situaci\u00f3n seg\u00fan la cual los destinatarios deb\u00edan presentarse en el lugar donde estaban sus env\u00edos: Ya hoy \u2013se\u00f1al\u00f3 el primer ministro\u2014, a la mayor\u00eda se los estamos llevando a la puerta de la casa.<\/p>\n<p>En medio de las transformaciones, \u201chemos estado tambi\u00e9n revisando los sistemas de trabajo, y cu\u00e1les deben ser las perspectivas de nuestro sistema de empresas transitarias en el pa\u00eds\u201d, a\u00f1adi\u00f3.<\/p>\n<p><strong>Todas las empresas, de una manera o de otra, est\u00e1n haciendo diferentes inversiones en equipamiento, automatizaci\u00f3n, capacidades de almacenamiento, materia de transportaci\u00f3n<\/strong>, apunt\u00f3 Marrero Cruz, quien destac\u00f3 que todo eso har\u00e1 posible \u201ccrear mejores condiciones para enfrentar desaf\u00edos mayores\u201d.<\/p>\n<div id=\"attachment_1621027\" style=\"width: 580px\" class=\"wp-caption alignnone size-large wp-image-1621027\"><img decoding=\"async\" class=\"size-large wp-image-1621027\" src=\"http:\/\/media.cubadebate.cu\/wp-content\/uploads\/2021\/09\/marrero-transitarias-3-580x343.png\" alt=\"\" width=\"580\" height=\"343\"\/><\/p>\n<p class=\"wp-caption-text\">Foto: Estudios Revoluci\u00f3n.<\/p>\n<\/div>\n<p>Ya hay varias transitarias, declar\u00f3 Marrero a la prensa,\u00a0 que est\u00e1n trabajando inventarios de hasta solo 60 d\u00edas. \u201cQuiere decir que no tienen nada envejecido; y hay algunas que ya est\u00e1n a los 30 d\u00edas\u201d. Entonces, subray\u00f3, van quedando tres empresas con situaciones m\u00e1s complejas.<\/p>\n<p>Se est\u00e1 trabajando con intensidad, dijo el jefe de Gobierno, \u201cpara estar al d\u00eda en toda esta distribuci\u00f3n y con ello resolver la insatisfacci\u00f3n de muchas personas que se han dirigido a nosotros planteando que tienen todav\u00eda env\u00edos pendientes\u201d.<\/p>\n<p><strong>Marrero Cruz no pas\u00f3 por alto las limitaciones de las transitarias: explic\u00f3 que \u201cno estaban preparadas desde el punto de vista log\u00edstico, en materia de sistemas, de almacenes, de transportaci\u00f3n, para una concentraci\u00f3n tan grande de mercanc\u00edas<\/strong>, como sucedi\u00f3. Pero, para tambi\u00e9n ser cr\u00edtico, ha habido problemas asociados a sistemas de trabajo, que no han sido los correctos; ha faltado iniciativa, sentido de la prontitud, no se actu\u00f3 con la energ\u00eda (necesaria) ni hubo una valoraci\u00f3n con una visi\u00f3n amplia del problema\u201d.<\/p>\n<p>Lleg\u00f3 el momento, subray\u00f3, en que las transitarias \u201ctocaron fondo con las posibilidades reales\u201d, y por eso ha habido que \u201capoyar, sumar toda la fuerza (tanto estatal como no estatal) para acelerar este proceso, lo que nos permitir\u00e1 concluirlo en el mes de octubre y crear las condiciones para que nuestras transitarias est\u00e9n preparadas para, en el futuro, incrementar sus capacidades de recepci\u00f3n y distribuci\u00f3n de la paqueter\u00eda llegada desde el exterior\u201d.<\/p>\n<h3>En video, recorrido de Marrero Cruz por las agencias<\/h3>\n<div class=\"jeg_video_container jeg_video_content\"><iframe loading=\"lazy\" title=\"Recorre primer Ministro de Cuba empresas dedicadas a la recepci\u00f3n y entrega de paquetes\" width=\"500\" height=\"281\" src=\"https:\/\/www.youtube.com\/embed\/tTOeGn8gsJk?feature=oembed\" frameborder=\"0\" allow=\"accelerometer; autoplay; clipboard-write; encrypted-media; gyroscope; picture-in-picture; web-share\" referrerpolicy=\"strict-origin-when-cross-origin\" allowfullscreen><\/iframe><\/div>\n<h3>Vea adem\u00e1s:<\/h3>\n<blockquote class=\"wp-embedded-content\" data-secret=\"q3hbZmGbbb\">\n<p><a rel=\"nofollow noopener\" target=\"_blank\" href=\"http:\/\/www.cubadebate.cu\/noticias\/2021\/04\/13\/servicios-postales-nuevas-normas-juridicas-que-respaldan-a-los-operadores-y-ofrecen-proteccion-a-los-clientes\/\">Servicios postales: nuevas normas jur\u00eddicas que respaldan a los operadores y ofrecen protecci\u00f3n a los clientes<\/a><\/p>\n<\/blockquote>\n<p><iframe loading=\"lazy\" class=\"wp-embedded-content\" sandbox=\"allow-scripts\" security=\"restricted\" style=\"position: absolute; clip: rect(1px, 1px, 1px, 1px);\" src=\"http:\/\/www.cubadebate.cu\/noticias\/2021\/04\/13\/servicios-postales-nuevas-normas-juridicas-que-respaldan-a-los-operadores-y-ofrecen-proteccion-a-los-clientes\/embed\/#?secret=q3hbZmGbbb\" data-secret=\"q3hbZmGbbb\" width=\"580\" height=\"327\" title=\"\u00abServicios postales: nuevas normas jur\u00eddicas que respaldan a los operadores y ofrecen protecci\u00f3n a los clientes\u00bb \u2014 Cubadebate\" frameborder=\"0\" marginwidth=\"0\" marginheight=\"0\" scrolling=\"no\"><\/iframe><\/p>\n<p><strong>(Tomado de Presidencia Cuba)<\/strong><\/p>\n<\/p><\/div>\n\n<p><em> &#8221; Fuentes www.cubadebate.cu &#8221; <\/em><\/p>\n","protected":false},"excerpt":{"rendered":"<p>Manuel Marrero Cruz, durante su recorrido, en La Habana, por cuatro agencias cuyo objeto social es la recepci\u00f3n y distribuci\u00f3n de la paqueter\u00eda que llega a la Isla, por las v\u00edas a\u00e9rea o mar\u00edtima. Foto: Estudios Revoluci\u00f3n. Es dif\u00edcil romper con la filosof\u00eda del \u201cest\u00e1 establecido as\u00ed\u201d, pero salvo decisiones que pongan en peligro la [&hellip;]<\/p>\n","protected":false},"author":4,"featured_media":192308,"comment_status":"open","ping_status":"closed","sticky":false,"template":"","format":"standard","meta":{"om_disable_all_campaigns":false,"jnews-multi-image_gallery":[],"jnews_single_post":[],"jnews_primary_category":[],"jnews_social_meta":[],"footnotes":""},"categories":[40],"tags":[715,705],"class_list":["post-192307","post","type-post","status-publish","format-standard","has-post-thumbnail","hentry","category-industria","tag-economia","tag-noticias"],"_links":{"self":[{"href":"https:\/\/dimensionturistica.com\/es\/wp-json\/wp\/v2\/posts\/192307","targetHints":{"allow":["GET"]}}],"collection":[{"href":"https:\/\/dimensionturistica.com\/es\/wp-json\/wp\/v2\/posts"}],"about":[{"href":"https:\/\/dimensionturistica.com\/es\/wp-json\/wp\/v2\/types\/post"}],"author":[{"embeddable":true,"href":"https:\/\/dimensionturistica.com\/es\/wp-json\/wp\/v2\/users\/4"}],"replies":[{"embeddable":true,"href":"https:\/\/dimensionturistica.com\/es\/wp-json\/wp\/v2\/comments?post=192307"}],"version-history":[{"count":0,"href":"https:\/\/dimensionturistica.com\/es\/wp-json\/wp\/v2\/posts\/192307\/revisions"}],"wp:featuredmedia":[{"embeddable":true,"href":"https:\/\/dimensionturistica.com\/es\/wp-json\/wp\/v2\/media\/192308"}],"wp:attachment":[{"href":"https:\/\/dimensionturistica.com\/es\/wp-json\/wp\/v2\/media?parent=192307"}],"wp:term":[{"taxonomy":"category","embeddable":true,"href":"https:\/\/dimensionturistica.com\/es\/wp-json\/wp\/v2\/categories?post=192307"},{"taxonomy":"post_tag","embeddable":true,"href":"https:\/\/dimensionturistica.com\/es\/wp-json\/wp\/v2\/tags?post=192307"}],"curies":[{"name":"wp","href":"https:\/\/api.w.org\/{rel}","templated":true}]}}