{"id":192000,"date":"2021-09-17T08:50:59","date_gmt":"2021-09-17T08:50:59","guid":{"rendered":"https:\/\/dimensionturistica.com\/es\/?p=192000"},"modified":"2021-09-17T08:50:59","modified_gmt":"2021-09-17T08:50:59","slug":"la-temporada-baja-y-la-pandemia-causa-un-impacto-en-la-demanda-de-viajes-en-la-isla-otros","status":"publish","type":"post","link":"https:\/\/dimensionturistica.com\/es\/la-temporada-baja-y-la-pandemia-causa-un-impacto-en-la-demanda-de-viajes-en-la-isla-otros\/","title":{"rendered":"La temporada baja y la pandemia causa un impacto en la demanda de viajes en la Isla | Otros"},"content":{"rendered":"<p> <br \/>\n<\/p>\n<div itemprop=\"articleBody\">\n                                <meta itemprop=\"isAccessibleForFree\" content=\"true\"\/><\/p>\n<p>El alza que se reflej\u00f3 en la venta de viajes durante los meses del verano comenz\u00f3 a disminuir en los meses de agosto y septiembre, aunque el panorama para el pr\u00f3ximo a\u00f1o sigue siendo alentador seg\u00fan la Asociaci\u00f3n Puertorrique\u00f1a de Agentes de Viajes (APAV).<\/p>\n<p>Entre las razones para la disminuci\u00f3n, las principales apuntan a que ha comenzado la temporada baja, la culminaci\u00f3n de las ayudas federales y el alza significativa que registran los contagios con covid-19.<\/p>\n<p>Manuel Franceschini, presidente de la APAV, resalt\u00f3 que la venta de viajes siempre se scale back en temporada baja para los meses de septiembre y octubre. \u201cDe hecho, es el tiempo que aprovechan los tour operadores para los viajes de familiarizaci\u00f3n y convenciones\u201d, explic\u00f3.<\/p>\n<p>Sobre el aumento en los casos de covid-19 a nivel mundial, indic\u00f3 que aunque los puertorrique\u00f1os se han aguantado un poco, siguen reservando viajes hacia diversos destinos de cara a 2022.<\/p>\n<p>\u201cAuguro que el a\u00f1o que viene ser\u00e1 extraordinario. Yo tengo 18 salidas grupales vendidas para el 2022 a lugares como Islas Griegas, Alaska, Colombia, Europa y varios cruceros que salen de Miami, Florida. Ahora en septiembre, vamos paso a paso, porque sigue habiendo temor de viajar sobre todo a pa\u00edses como Estados Unidos y Per\u00fa, donde hay un alza en los casos de covid-19\u201d, inform\u00f3 el tambi\u00e9n propietario de Journey Plus.<\/p>\n<p>En tanto, Brad Dean, CEO de Uncover Puerto Rico, indic\u00f3 que la demanda de viajes se est\u00e1 \u201cnormalizando\u201d para esta \u00e9poca del a\u00f1o, porque los ni\u00f1os en edad escolar est\u00e1n regresando a clases, lo que scale back la disponibilidad para viajar a muchas familias.<\/p>\n<p>\u201cEstamos viendo muchos factores econ\u00f3micos, incluyendo la eliminaci\u00f3n de los subsidios federales por desempleo. Sin embargo, los datos de nuestros socios muestran que la demanda de septiembre contin\u00faa registr\u00e1ndose un10% por encima de 2019, al igual que los meses restantes del a\u00f1o, lo que demuestra que Puerto Rico est\u00e1 superando a muchos de nuestros competidores en t\u00e9rminos de demanda\u201d, sostuvo Dean.<\/p>\n<p>Sin embargo, en las pasadas semanas la agencia de viajes A&amp;A Excursions ha registrado una baja dram\u00e1tica en llamadas, aunque indican que tienen muchos grupos y paquetes vendidos para los pr\u00f3ximos meses y el 2022.<\/p>\n<p>\u201cDe 200 llamadas que est\u00e1bamos recibiendo diarias, ahora est\u00e1n entrando cerca de 60 llamadas, lo que es un indicador de que est\u00e1 bajando la intensidad de reservaciones nuevas en agosto y septiembre; el \u2018new booking\u2019 est\u00e1 como en un 40%\u201d, detall\u00f3 Carlos Castellanos, director de Desarrollo Corporativo de A&amp;A Excursions.<\/p>\n<div class=\"inline-asset inline-article  subscriber-hide tnt-inline-asset tnt-inline-relcontent tnt-inline-article tnt-inline-relation-child tnt-inline-presentation-default tnt-inline-alignment-default tnt-inline-width-default\">\n<article id=\"card-summary-5b167480-0d1c-11ec-af8a-0b778ced7140\" class=\"tnt-asset-type-article clearfix card summary has-image  letterbox-style-default  tnt-section-coronavirus\">\n<div class=\"card-container\">\n<div class=\"card-body\">\n<div class=\"card-lead\">\n<p class=\"tnt-summary\">Con la decisi\u00f3n de la TSA de extender hasta enero el uso obligatorio de mascarillas en los v\u2026<\/p>\n<\/p><\/div><\/div><\/div>\n<\/article>\n<\/div>\n<p>Castellano expuso que las razones son diversas, pero destac\u00f3 el issue econ\u00f3mico debido a que muchos puertorrique\u00f1os han dejado de recibir fondos federales.<\/p>\n<p>\u201cAfecta que las ayudas econ\u00f3micas del gobierno hayan terminado, el regreso a clases y la incertidumbre que existe sobre la variante delta, que ha tra\u00eddo restricciones nuevas en Europa. Tambi\u00e9n estamos en temporada baja. Yo creo que en las pr\u00f3ximas semanas vamos a estar en el nivel que est\u00e1bamos hace unos meses\u201d, proyect\u00f3.<\/p>\n<p>En cuanto a la entrada de pasajeros al Pa\u00eds, Carlos Mercado, director ejecutivo de la Compa\u00f1\u00eda de Turismo de Puerto Rico, asegur\u00f3 que a pesar del covid-19, Puerto Rico se mantiene como l\u00edder de recuperaci\u00f3n de tr\u00e1fico en Estados Unidos, con niveles de capacidad a\u00e9rea 20% por encima de 2019, a\u00f1o r\u00e9cord de entrada de pasajeros.<\/p>\n<p>\u201cHemos estado teniendo n\u00fameros r\u00e9cord de entrada en nuestros aeropuertos y las proyecciones de la Compa\u00f1\u00eda de Turismo indican que esta tendencia continuar\u00e1. Las aerol\u00edneas contin\u00faan apostando a nuestro destino, y el mercado est\u00e1 totalmente estable\u201d, declar\u00f3 Mercado.<\/p>\n<p>\u201cEstos niveles se han alcanzado debido a la fuerte competencia por nuestro mercado a\u00e9reo, en un contexto de oferta limitada de otros destinos con restricciones onerosas, combinada con la renovada oferta tur\u00edstica de Puerto Rico\u201d, abund\u00f3.<\/p>\n<p><strong>Se revierte el tr\u00e1fico<\/strong><\/p>\n<p>Miguel Olivo, propietario de Cruceros y M\u00e1s, expuso que se est\u00e1n vendiendo muchos pasajes para venir a la Isla desde los Estados Unidos.<\/p>\n<div class=\"inline-asset inline-article  subscriber-hide tnt-inline-asset tnt-inline-relcontent tnt-inline-article tnt-inline-relation-child tnt-inline-presentation-default tnt-inline-alignment-default tnt-inline-width-default\">\n<article id=\"card-summary-e870e37c-0bf7-11ec-82bb-b7be1fc5ee50\" class=\"tnt-asset-type-article clearfix card summary has-image  letterbox-style-default  tnt-section-economia\">\n<div class=\"card-container\">\n<div class=\"card-image \">\n<div class=\"media-preview-e870e37c-0bf7-11ec-82bb-b7be1fc5ee50 media-preview article-asset\" data-aspect=\"\">\n<figure class=\"photo layout-horizontal letterbox-style-default\">\n<div class=\"image\">\n<p>                    <a rel=\"nofollow noopener\" target=\"_blank\" href=\"https:\/\/www.elvocero.com\/economia\/el-tr-fico-en-el-aeropuerto-de-orlando-superar-cifras-r-cord-por-el-feriado\/article_e870e37c-0bf7-11ec-82bb-b7be1fc5ee50.html\" class=\"tnt-asset-link\">                <\/p>\n<p>                &#13;<br \/>\n        &#13;<br \/>\n                        <img loading=\"lazy\" decoding=\"async\" src=\"data:image\/png;base64,iVBORw0KGgoAAAANSUhEUgAAAAQAAAADCAQAAAAe\/WZNAAAAEElEQVR42mM8U88ABowYDABAxQPltt5zqAAAAABJRU5ErkJggg==\" alt=\"El tr&#xE1;fico en el aeropuerto de Orlando superar&#xE1; cifras r&#xE9;cord por el feriado del D&#xED;a del Trabajo\" class=\"img-responsive lazyload ap-photo full default\" width=\"1765\" height=\"1174\" data-sizes=\"auto\" data-srcset=\"https:\/\/bloximages.newyork1.vip.townnews.com\/elvocero.com\/content\/tncms\/assets\/v3\/editorial\/0\/50\/0500e26e-a8aa-11eb-af6f-6b0343a28f27\/608a412fd8f9a.image.jpg?resize=150%2C100 150w, https:\/\/bloximages.newyork1.vip.townnews.com\/elvocero.com\/content\/tncms\/assets\/v3\/editorial\/0\/50\/0500e26e-a8aa-11eb-af6f-6b0343a28f27\/608a412fd8f9a.image.jpg?resize=200%2C133 200w, https:\/\/bloximages.newyork1.vip.townnews.com\/elvocero.com\/content\/tncms\/assets\/v3\/editorial\/0\/50\/0500e26e-a8aa-11eb-af6f-6b0343a28f27\/608a412fd8f9a.image.jpg?resize=225%2C150 225w, https:\/\/bloximages.newyork1.vip.townnews.com\/elvocero.com\/content\/tncms\/assets\/v3\/editorial\/0\/50\/0500e26e-a8aa-11eb-af6f-6b0343a28f27\/608a412fd8f9a.image.jpg?resize=300%2C200 300w, https:\/\/bloximages.newyork1.vip.townnews.com\/elvocero.com\/content\/tncms\/assets\/v3\/editorial\/0\/50\/0500e26e-a8aa-11eb-af6f-6b0343a28f27\/608a412fd8f9a.image.jpg?resize=400%2C266 400w, https:\/\/bloximages.newyork1.vip.townnews.com\/elvocero.com\/content\/tncms\/assets\/v3\/editorial\/0\/50\/0500e26e-a8aa-11eb-af6f-6b0343a28f27\/608a412fd8f9a.image.jpg?resize=540%2C359 540w, https:\/\/bloximages.newyork1.vip.townnews.com\/elvocero.com\/content\/tncms\/assets\/v3\/editorial\/0\/50\/0500e26e-a8aa-11eb-af6f-6b0343a28f27\/608a412fd8f9a.image.jpg?resize=640%2C426 640w, https:\/\/bloximages.newyork1.vip.townnews.com\/elvocero.com\/content\/tncms\/assets\/v3\/editorial\/0\/50\/0500e26e-a8aa-11eb-af6f-6b0343a28f27\/608a412fd8f9a.image.jpg?resize=750%2C499 750w, https:\/\/bloximages.newyork1.vip.townnews.com\/elvocero.com\/content\/tncms\/assets\/v3\/editorial\/0\/50\/0500e26e-a8aa-11eb-af6f-6b0343a28f27\/608a412fd8f9a.image.jpg?resize=990%2C659 990w, https:\/\/bloximages.newyork1.vip.townnews.com\/elvocero.com\/content\/tncms\/assets\/v3\/editorial\/0\/50\/0500e26e-a8aa-11eb-af6f-6b0343a28f27\/608a412fd8f9a.image.jpg?resize=1035%2C688 1035w, https:\/\/bloximages.newyork1.vip.townnews.com\/elvocero.com\/content\/tncms\/assets\/v3\/editorial\/0\/50\/0500e26e-a8aa-11eb-af6f-6b0343a28f27\/608a412fd8f9a.image.jpg?resize=1200%2C798 1200w, https:\/\/bloximages.newyork1.vip.townnews.com\/elvocero.com\/content\/tncms\/assets\/v3\/editorial\/0\/50\/0500e26e-a8aa-11eb-af6f-6b0343a28f27\/608a412fd8f9a.image.jpg?resize=1333%2C887 1333w, https:\/\/bloximages.newyork1.vip.townnews.com\/elvocero.com\/content\/tncms\/assets\/v3\/editorial\/0\/50\/0500e26e-a8aa-11eb-af6f-6b0343a28f27\/608a412fd8f9a.image.jpg?resize=1476%2C982 1476w, https:\/\/bloximages.newyork1.vip.townnews.com\/elvocero.com\/content\/tncms\/assets\/v3\/editorial\/0\/50\/0500e26e-a8aa-11eb-af6f-6b0343a28f27\/608a412fd8f9a.image.jpg?resize=1765%2C1174 2008w\"\/><br \/>\n                <\/a><\/p><\/div>\n<\/figure>\n<\/div><\/div>\n<div class=\"card-body\">\n<div class=\"card-lead\">\n<p class=\"tnt-summary\">ORLANDO, Florida\u2014 El aeropuerto de Orlando pronostic\u00f3 el jueves que el tr\u00e1fico en la instala\u2026<\/p>\n<\/p><\/div><\/div><\/div>\n<\/article>\n<\/div>\n<p>\u201cHay muchas personas viniendo de estados como New York porque hay pasajes desde $59.00. Vienen muchos por las celebraciones del Quinto Centenario de San Juan. En cuanto a las ventas de paquetes y cruceros, est\u00e1n subiendo poco a poco. Todav\u00eda estamos como a la mitad de antes del covid-19. S\u00ed, hay muchas reservaciones para el a\u00f1o que viene, hay movimiento\u201d, agreg\u00f3 Olivo.<\/p>\n<p>Acorde con los agentes de viaje, los paquetes tur\u00edsticos de mayor demanda son para M\u00e9xico y Punta Cana en primer lugar. Tambi\u00e9n se venden muchos vuelos y paquetes hacia Estados Unidos y Madrid, Espa\u00f1a, ya que hay pasajes muy baratos para esos destinos.<\/p>\n<p><strong>Decisi\u00f3n de los CDC<\/strong><\/p>\n<p>Sobre la determinaci\u00f3n de los Centros para el Management y la Prevenci\u00f3n de Enfermedades (CDC) de incluir a Puerto Rico en la lista de pa\u00edses no recomendados para viajes (nivel 4), los agentes de viajes consultados consideran que es una decisi\u00f3n err\u00f3nea.<\/p>\n<p>\u201cPor un lado estamos n\u00famero tres en la lista de estados con mayor vacunados de Estados Unidos y por otro nos suben la categor\u00eda de riesgo. No entendemos\u201d, argument\u00f3 Franceschini.<\/p>\n<p>De igual forma se expres\u00f3 Olivo, quien resalt\u00f3 que lugares como Miami \u2014donde no hay muchas restricciones\u2014 no aparecen en la lista del CDC.<\/p>\n<div class=\"inline-asset inline-article  subscriber-hide tnt-inline-asset tnt-inline-relcontent tnt-inline-article tnt-inline-relation-child tnt-inline-presentation-default tnt-inline-alignment-default tnt-inline-width-default\">\n<article id=\"card-summary-150f0cc4-0a5e-11ec-ab40-cbe169a28e2a\" class=\"tnt-asset-type-article clearfix card summary has-image  letterbox-style-default  tnt-section-actualidad tnt-sub-section-otros\">\n<div class=\"card-container\">\n<div class=\"card-image \">\n<div class=\"media-preview-150f0cc4-0a5e-11ec-ab40-cbe169a28e2a media-preview article-asset\" data-aspect=\"\">\n<figure class=\"photo layout-horizontal letterbox-style-default\">\n<div class=\"image\">\n<p>                    <a rel=\"nofollow noopener\" target=\"_blank\" href=\"https:\/\/www.elvocero.com\/actualidad\/otros\/los-cdc-suben-al-nivel-4-la-alerta-para-viajes-a-la-isla-debido-al\/article_150f0cc4-0a5e-11ec-ab40-cbe169a28e2a.html\" class=\"tnt-asset-link\">                <\/p>\n<p>                &#13;<br \/>\n        &#13;<br \/>\n                        <img loading=\"lazy\" decoding=\"async\" src=\"data:image\/png;base64,iVBORw0KGgoAAAANSUhEUgAAAAQAAAADCAQAAAAe\/WZNAAAAEElEQVR42mM8U88ABowYDABAxQPltt5zqAAAAABJRU5ErkJggg==\" alt=\"Los CDC suben al nivel 4 la alerta para viajes a la Isla debido al covid-19\" class=\"img-responsive lazyload full default\" width=\"1765\" height=\"1174\" data-sizes=\"auto\" data-srcset=\"https:\/\/bloximages.newyork1.vip.townnews.com\/elvocero.com\/content\/tncms\/assets\/v3\/editorial\/d\/bb\/dbb7d888-ca5d-11eb-914b-07153c3d9c15\/60c2cc5bc5130.image.jpg?resize=150%2C100 150w, https:\/\/bloximages.newyork1.vip.townnews.com\/elvocero.com\/content\/tncms\/assets\/v3\/editorial\/d\/bb\/dbb7d888-ca5d-11eb-914b-07153c3d9c15\/60c2cc5bc5130.image.jpg?resize=200%2C133 200w, https:\/\/bloximages.newyork1.vip.townnews.com\/elvocero.com\/content\/tncms\/assets\/v3\/editorial\/d\/bb\/dbb7d888-ca5d-11eb-914b-07153c3d9c15\/60c2cc5bc5130.image.jpg?resize=225%2C150 225w, https:\/\/bloximages.newyork1.vip.townnews.com\/elvocero.com\/content\/tncms\/assets\/v3\/editorial\/d\/bb\/dbb7d888-ca5d-11eb-914b-07153c3d9c15\/60c2cc5bc5130.image.jpg?resize=300%2C200 300w, https:\/\/bloximages.newyork1.vip.townnews.com\/elvocero.com\/content\/tncms\/assets\/v3\/editorial\/d\/bb\/dbb7d888-ca5d-11eb-914b-07153c3d9c15\/60c2cc5bc5130.image.jpg?resize=400%2C266 400w, https:\/\/bloximages.newyork1.vip.townnews.com\/elvocero.com\/content\/tncms\/assets\/v3\/editorial\/d\/bb\/dbb7d888-ca5d-11eb-914b-07153c3d9c15\/60c2cc5bc5130.image.jpg?resize=540%2C359 540w, https:\/\/bloximages.newyork1.vip.townnews.com\/elvocero.com\/content\/tncms\/assets\/v3\/editorial\/d\/bb\/dbb7d888-ca5d-11eb-914b-07153c3d9c15\/60c2cc5bc5130.image.jpg?resize=640%2C426 640w, https:\/\/bloximages.newyork1.vip.townnews.com\/elvocero.com\/content\/tncms\/assets\/v3\/editorial\/d\/bb\/dbb7d888-ca5d-11eb-914b-07153c3d9c15\/60c2cc5bc5130.image.jpg?resize=750%2C499 750w, https:\/\/bloximages.newyork1.vip.townnews.com\/elvocero.com\/content\/tncms\/assets\/v3\/editorial\/d\/bb\/dbb7d888-ca5d-11eb-914b-07153c3d9c15\/60c2cc5bc5130.image.jpg?resize=990%2C659 990w, https:\/\/bloximages.newyork1.vip.townnews.com\/elvocero.com\/content\/tncms\/assets\/v3\/editorial\/d\/bb\/dbb7d888-ca5d-11eb-914b-07153c3d9c15\/60c2cc5bc5130.image.jpg?resize=1035%2C688 1035w, https:\/\/bloximages.newyork1.vip.townnews.com\/elvocero.com\/content\/tncms\/assets\/v3\/editorial\/d\/bb\/dbb7d888-ca5d-11eb-914b-07153c3d9c15\/60c2cc5bc5130.image.jpg?resize=1200%2C798 1200w, https:\/\/bloximages.newyork1.vip.townnews.com\/elvocero.com\/content\/tncms\/assets\/v3\/editorial\/d\/bb\/dbb7d888-ca5d-11eb-914b-07153c3d9c15\/60c2cc5bc5130.image.jpg?resize=1333%2C887 1333w, https:\/\/bloximages.newyork1.vip.townnews.com\/elvocero.com\/content\/tncms\/assets\/v3\/editorial\/d\/bb\/dbb7d888-ca5d-11eb-914b-07153c3d9c15\/60c2cc5bc5130.image.jpg?resize=1476%2C982 1476w, https:\/\/bloximages.newyork1.vip.townnews.com\/elvocero.com\/content\/tncms\/assets\/v3\/editorial\/d\/bb\/dbb7d888-ca5d-11eb-914b-07153c3d9c15\/60c2cc5bc5130.image.jpg?resize=1765%2C1174 2008w\"\/><br \/>\n                <\/a><\/p><\/div>\n<\/figure>\n<\/div><\/div>\n<div class=\"card-body\">\n<div class=\"card-lead\">\n<p>Puerto Rico entr\u00f3 a la lista de los destinos de mayor riesgo por el virus<\/p>\n<\/p><\/div><\/div><\/div>\n<\/article>\n<\/div>\n<p>Por su parte, Castellanos entiende que la determinaci\u00f3n puede deberse a que el an\u00e1lisis se realiza tomando en cuenta la cantidad de casos en los hospitales, \u201clo que es err\u00f3neo porque ni la poblaci\u00f3n ni la cantidad de hospitales locales es la misma que en los estados\u201d.<\/p>\n<p><strong>Restricciones para entrar<\/strong><\/p>\n<p>La administraci\u00f3n del presidente Joe Biden est\u00e1 considerando exigir la vacunaci\u00f3n contra el covid-19 y el rastreo de contactos a los visitantes internacionales, debido al aumento de casos.<\/p>\n<p>Actualmente, Estados Unidos proh\u00edbe la entrada a la mayor\u00eda de los no estadounidenses que han viajado \u2014en los \u00faltimos 14 d\u00edas\u2014a China, India, el Reino Unido, la mayor parte de la Uni\u00f3n Europea, Brasil y otros pa\u00edses.<\/p>\n<p>\u00a0Anthony Fauci, el principal experto del gobierno estadounidense en enfermedades infecciosas, ha hecho p\u00fablico que apoyar\u00eda la propuesta para exigir la vacunaci\u00f3n a los pasajeros en vuelos nacionales.<\/p>\n<p>La industria de las aerol\u00edneas se opone a tal requisito, y sostienen que hacerlo cumplir ser\u00eda dif\u00edcil y podr\u00eda generar largas filas en los aeropuertos.<\/p>\n<\/p><\/div>\n<p><script>\n!function(f,b,e,v,n,t,s)\n{if(f.fbq)return;n=f.fbq=function(){n.callMethod?\nn.callMethod.apply(n,arguments):n.queue.push(arguments)};\nif(!f._fbq)f._fbq=n;n.push=n;n.loaded=!0;n.version='2.0';\nn.queue=[];t=b.createElement(e);t.async=!0;\nt.src=v;s=b.getElementsByTagName(e)[0];\ns.parentNode.insertBefore(t,s)}(window, document,'script',\n'https:\/\/connect.facebook.net\/en_US\/fbevents.js');\nfbq('init', '1815340891988198');\nfbq('track', 'PageView');\n<\/script><br \/>\n<br \/><\/p>\n<p><em> &#8221; Fuentes www.elvocero.com &#8221; <\/em><\/p>\n","protected":false},"excerpt":{"rendered":"<p>El alza que se reflej\u00f3 en la venta de viajes durante los meses del verano comenz\u00f3 a disminuir en los meses de agosto y septiembre, aunque el panorama para el pr\u00f3ximo a\u00f1o sigue siendo alentador seg\u00fan la Asociaci\u00f3n Puertorrique\u00f1a de Agentes de Viajes (APAV). Entre las razones para la disminuci\u00f3n, las principales apuntan a que [&hellip;]<\/p>\n","protected":false},"author":4,"featured_media":192001,"comment_status":"open","ping_status":"closed","sticky":false,"template":"","format":"standard","meta":{"om_disable_all_campaigns":false,"jnews-multi-image_gallery":[],"jnews_single_post":[],"jnews_primary_category":[],"jnews_social_meta":[],"footnotes":""},"categories":[40],"tags":[626,30076,545],"class_list":["post-192000","post","type-post","status-publish","format-standard","has-post-thumbnail","hentry","category-industria","tag-pandemia","tag-temporada-baja","tag-viajes"],"_links":{"self":[{"href":"https:\/\/dimensionturistica.com\/es\/wp-json\/wp\/v2\/posts\/192000","targetHints":{"allow":["GET"]}}],"collection":[{"href":"https:\/\/dimensionturistica.com\/es\/wp-json\/wp\/v2\/posts"}],"about":[{"href":"https:\/\/dimensionturistica.com\/es\/wp-json\/wp\/v2\/types\/post"}],"author":[{"embeddable":true,"href":"https:\/\/dimensionturistica.com\/es\/wp-json\/wp\/v2\/users\/4"}],"replies":[{"embeddable":true,"href":"https:\/\/dimensionturistica.com\/es\/wp-json\/wp\/v2\/comments?post=192000"}],"version-history":[{"count":0,"href":"https:\/\/dimensionturistica.com\/es\/wp-json\/wp\/v2\/posts\/192000\/revisions"}],"wp:featuredmedia":[{"embeddable":true,"href":"https:\/\/dimensionturistica.com\/es\/wp-json\/wp\/v2\/media\/192001"}],"wp:attachment":[{"href":"https:\/\/dimensionturistica.com\/es\/wp-json\/wp\/v2\/media?parent=192000"}],"wp:term":[{"taxonomy":"category","embeddable":true,"href":"https:\/\/dimensionturistica.com\/es\/wp-json\/wp\/v2\/categories?post=192000"},{"taxonomy":"post_tag","embeddable":true,"href":"https:\/\/dimensionturistica.com\/es\/wp-json\/wp\/v2\/tags?post=192000"}],"curies":[{"name":"wp","href":"https:\/\/api.w.org\/{rel}","templated":true}]}}