{"id":191337,"date":"2021-09-16T00:24:50","date_gmt":"2021-09-16T00:24:50","guid":{"rendered":"https:\/\/dimensionturistica.com\/es\/?p=191337"},"modified":"2021-09-16T00:24:50","modified_gmt":"2021-09-16T00:24:50","slug":"llamativa-pero-controvertida-campana-de-marketing-de-special-tours-para-el-mercado-latinoamericano-agencias-de-viajes-y-operadores","status":"publish","type":"post","link":"https:\/\/dimensionturistica.com\/es\/llamativa-pero-controvertida-campana-de-marketing-de-special-tours-para-el-mercado-latinoamericano-agencias-de-viajes-y-operadores\/","title":{"rendered":"Llamativa pero controvertida campa\u00f1a de marketing de Special Tours para el mercado latinoamericano &#8211; Agencias de Viajes y Operadores"},"content":{"rendered":"<p> <br \/>\n<\/p>\n<div>\n<ol class=\"breadcrumb\">\n<li><a rel=\"nofollow noopener\" target=\"_blank\" href=\"https:\/\/contactonews.co\">Inicio<\/a><\/li>\n<li><a rel=\"nofollow noopener\" target=\"_blank\" href=\"https:\/\/contactonews.co\/agencias-de-viajes-y-operadores\">Agencias de Viajes y Operadores<\/a><\/li>\n<li class=\"active\">Llamativa pero controvertida campa\u00f1a de advertising and marketing de Particular Excursions para el mercado latinoamericano<\/li>\n<\/ol>\n<div class=\"category in-article\"><a rel=\"nofollow noopener\" target=\"_blank\" href=\"https:\/\/contactonews.co\/agencias-de-viajes-y-operadores\">Agencias de Viajes y Operadores<\/a><\/div>\n<p class=\"article-blurb\">La campa\u00f1a se inici\u00f3 con la difusi\u00f3n de un mensaje el martes 14 de septiembre que se\u00f1alaba  Particular Excursions no viaja m\u00e1s\u201d, complementado al dia siguiente con la frase \u201csi no es contigo\u201d. El mensaje inicial se\u00f1alada adem\u00e1s que \u201cEn todo caso y sin ninguna excepci\u00f3n, la empresa se har\u00e1 cargo de todas las reservas efectuadas hasta la fecha\u201d, sembrando dudas sobre la continuidad de la compa\u00f1\u00eda.<\/p>\n<p>                              <span class=\"pb-byline author\" itemprop=\"author\" itemscope=\"\" itemtype=\"http:\/\/schema.org\/Organization\">Por <a rel=\"nofollow noopener\" target=\"_blank\" href=\"https:\/\/contactonews.co\/autor\/contacto-editorial\"><span itemprop=\"name\">Contacto Editorial<\/span><\/a> | <\/span><br \/>\n                                <span class=\"publish-date\">15 de septiembre de 2021<\/span><\/p>\n<figure>\n    <img decoding=\"async\" src=\"https:\/\/contactonews.co\/storage\/images\/thumb-large-Special-tours-no-viaja-mas.jpg\" alt=\"Llamativa pero controvertida campa\u00f1a de marketing de Special Tours para el mercado latinoamericano\"\/><br \/>\n        <\/figure>\n<\/p><\/div>\n<div>\n<p>La campa\u00f1a, realizada en el marco de reactivaci\u00f3n del mercado y de apoyo al canal de distribuci\u00f3n latinoamericano, fue bien recibida por un sector del mercado native y en opini\u00f3n de otros muy mal encarada.<\/p>\n<p>El turoperador, al igual que Barcel\u00f3 Viajes, Catai, Halc\u00f3n Viagens y Viva Excursions forma parte del grupo Avoris Corporaci\u00f3n Empresarial, conglomerado de empresas tur\u00edsticas que adem\u00e1s mantiene alianzas estrat\u00e9gicas con BCD Journey y otras grandes corporaciones tur\u00edsticas. La acci\u00f3n marca el inicio de un plan que busca sentar las bases de la campa\u00f1a de ventas 2022.<\/p>\n<p>La campa\u00f1a adem\u00e1s pone de manifiesto el apoyo del turoperador al mercado y al canal de distribuci\u00f3n poniendo a disposici\u00f3n de los agentes de viajes una oferta de m\u00e1s de 2.000 plazas a m\u00e1s de 300 destinos de todo el mundo para 2022 y 2023, con el prop\u00f3sito de reactivar el turismo emisor con destino Europa y Grandes Viajes, por menos de 20 USD al d\u00eda.<\/p>\n<p class=\"subscription-phrase\">Para leer las principales noticias tur\u00edsticas de la semana, suscribite a nuestro <a rel=\"nofollow noopener\" target=\"_blank\" href=\"#\" data-open=\"subscriptionModal\" aria-controls=\"subscriptionModal\" aria-haspopup=\"true\" tabindex=\"0\">newsletter de los viernes.<\/a><\/p>\n<\/p><\/div>\n<p><script async defer src=\"https:\/\/connect.facebook.net\/es_ES\/sdk.js\"><\/script><br \/>\n<br \/><\/p>\n<p><em> &#8221; Fuentes contactonews.co &#8221; <\/em><\/p>\n","protected":false},"excerpt":{"rendered":"<p>Inicio Agencias de Viajes y Operadores Llamativa pero controvertida campa\u00f1a de advertising and marketing de Particular Excursions para el mercado latinoamericano Agencias de Viajes y Operadores La campa\u00f1a se inici\u00f3 con la difusi\u00f3n de un mensaje el martes 14 de septiembre que se\u00f1alaba Particular Excursions no viaja m\u00e1s\u201d, complementado al dia siguiente con la frase [&hellip;]<\/p>\n","protected":false},"author":4,"featured_media":191338,"comment_status":"open","ping_status":"closed","sticky":false,"template":"","format":"standard","meta":{"om_disable_all_campaigns":false,"jnews-multi-image_gallery":[],"jnews_single_post":[],"jnews_primary_category":[],"jnews_social_meta":[],"footnotes":""},"categories":[40],"tags":[31592],"class_list":["post-191337","post","type-post","status-publish","format-standard","has-post-thumbnail","hentry","category-industria","tag-special-tours"],"_links":{"self":[{"href":"https:\/\/dimensionturistica.com\/es\/wp-json\/wp\/v2\/posts\/191337","targetHints":{"allow":["GET"]}}],"collection":[{"href":"https:\/\/dimensionturistica.com\/es\/wp-json\/wp\/v2\/posts"}],"about":[{"href":"https:\/\/dimensionturistica.com\/es\/wp-json\/wp\/v2\/types\/post"}],"author":[{"embeddable":true,"href":"https:\/\/dimensionturistica.com\/es\/wp-json\/wp\/v2\/users\/4"}],"replies":[{"embeddable":true,"href":"https:\/\/dimensionturistica.com\/es\/wp-json\/wp\/v2\/comments?post=191337"}],"version-history":[{"count":0,"href":"https:\/\/dimensionturistica.com\/es\/wp-json\/wp\/v2\/posts\/191337\/revisions"}],"wp:featuredmedia":[{"embeddable":true,"href":"https:\/\/dimensionturistica.com\/es\/wp-json\/wp\/v2\/media\/191338"}],"wp:attachment":[{"href":"https:\/\/dimensionturistica.com\/es\/wp-json\/wp\/v2\/media?parent=191337"}],"wp:term":[{"taxonomy":"category","embeddable":true,"href":"https:\/\/dimensionturistica.com\/es\/wp-json\/wp\/v2\/categories?post=191337"},{"taxonomy":"post_tag","embeddable":true,"href":"https:\/\/dimensionturistica.com\/es\/wp-json\/wp\/v2\/tags?post=191337"}],"curies":[{"name":"wp","href":"https:\/\/api.w.org\/{rel}","templated":true}]}}